{"id":134295,"date":"2021-05-03T12:04:01","date_gmt":"2021-05-03T09:04:01","guid":{"rendered":"https:\/\/www.enerjigazetesi.ist\/?p=134295"},"modified":"2021-05-03T12:04:16","modified_gmt":"2021-05-03T09:04:16","slug":"firat-edas-tam-kapanmada-ekipleri-ile-7-24-gorevinin-basinda","status":"publish","type":"post","link":"https:\/\/www.enerjigazetesi.ist\/en\/firat-edas-tam-kapanmada-ekipleri-ile-7-24-gorevinin-basinda\/","title":{"rendered":"(Turkish) &#8217;F\u0131rat Eda\u015f&#8217; Tam Kapanmada Ekipleri ile 7\/24 G\u00f6revinin Ba\u015f\u0131nda"},"content":{"rendered":"<p class=\"qtranxs-available-languages-message qtranxs-available-languages-message-en\">Sorry, this entry is only available in <a href=\"https:\/\/www.enerjigazetesi.ist\/tr\/wp-json\/wp\/v2\/posts\/134295\" class=\"qtranxs-available-language-link qtranxs-available-language-link-tr\" title=\"Turkish\">Turkish<\/a>. For the sake of viewer convenience, the content is shown below in the alternative language. You may click the link to switch the active language.<\/p><p><\/p>\n<h1><strong>F\u0131rat Elektrik Da\u011f\u0131t\u0131m A.\u015e. (F\u0131rat EDA\u015e),<\/strong><strong>\u00a0Ramazan Bayram\u0131\u2019n\u0131 da i\u00e7ine alan tam kapanma boyunca\u00a0<\/strong><strong>g\u00f6rev b\u00f6lgesinde enerji arz\u0131 s\u00fcreklili\u011fini en iyi \u015fekilde sa\u011flamak i\u00e7in t\u00fcm bak\u0131m \u00e7al\u0131\u015fmalar\u0131n\u0131 tamamlad\u0131.<\/strong><\/h1>\n<p><strong>Bing\u00f6l, Elaz\u0131\u011f, Malatya<\/strong> ve<strong> Tunceli<\/strong> illerindeki <strong>1 milyon m\u00fc\u015fterisine<\/strong> elektrik da\u011f\u0131t\u0131m hizmeti veren F\u0131rat EDA\u015e, <strong>17 g\u00fcnl\u00fck tam kapanma s\u00fcresince<\/strong> kaliteli ve <strong>kesintisiz elektrik da\u011f\u0131t\u0131m <img loading=\"lazy\" class=\"alignright wp-image-134297\" src=\"https:\/\/www.enerjigazetesi.ist\/wp-content\/uploads\/2021\/05\/firat-edas-tam-kapanmada-ekipleri-ile-7-24-gorevinin-basinda-2.jpg\" alt=\"\" width=\"320\" height=\"212\" srcset=\"https:\/\/www.enerjigazetesi.ist\/wp-content\/uploads\/2021\/05\/firat-edas-tam-kapanmada-ekipleri-ile-7-24-gorevinin-basinda-2.jpg 550w, https:\/\/www.enerjigazetesi.ist\/wp-content\/uploads\/2021\/05\/firat-edas-tam-kapanmada-ekipleri-ile-7-24-gorevinin-basinda-2-300x199.jpg 300w, https:\/\/www.enerjigazetesi.ist\/wp-content\/uploads\/2021\/05\/firat-edas-tam-kapanmada-ekipleri-ile-7-24-gorevinin-basinda-2-500x331.jpg 500w, https:\/\/www.enerjigazetesi.ist\/wp-content\/uploads\/2021\/05\/firat-edas-tam-kapanmada-ekipleri-ile-7-24-gorevinin-basinda-2-76x50.jpg 76w, https:\/\/www.enerjigazetesi.ist\/wp-content\/uploads\/2021\/05\/firat-edas-tam-kapanmada-ekipleri-ile-7-24-gorevinin-basinda-2-450x300.jpg 450w\" sizes=\"(max-width: 320px) 100vw, 320px\" \/>hizmeti<\/strong> noktas\u0131nda gerekli t\u00fcm tedbirleri ald\u0131.<\/p>\n<p>Pandemi nedeniyle tam kapanma karar\u0131n\u0131n a\u00e7\u0131klanmas\u0131n\u0131n ard\u0131ndan F\u0131rat EDA\u015e, hizmet b\u00f6lgesindeki \u015febekelerde bak\u0131m onar\u0131mlar\u0131 tamamlad\u0131. <strong>\u00d6nem<\/strong> ve <strong>gereklilik<\/strong> arz etmedi\u011fi s\u00fcrece <strong>yat\u0131r\u0131m<\/strong> ve <strong>bak\u0131m<\/strong> <strong>onar\u0131m \u00e7al\u0131\u015fmas\u0131<\/strong> dahilinde yap\u0131lan planl\u0131 kesintilerin ertelendi\u011fini ifade eden F\u0131rat EDA\u015e; <strong>uzaktan izleme ve kontrol merkezinden (SCADA) \u015febekeleri<\/strong>ndeki enerji s\u00fcreklili\u011finin her an izlenece\u011fine dikkat \u00e7ekti.\u00a0Bayram s\u00fcresinde\u00a0olas\u0131 ar\u0131za durumlar\u0131nda ise olu\u015fturulan n\u00f6bet\u00e7i ekiplerle ar\u0131zalara zaman\u0131nda m\u00fcdahale edilece\u011fi vurguland\u0131.<\/p>\n<h2><strong>TAM KAPANMA BOYUNCA HER AN M\u00dc\u015eTER\u0130LER\u0130N YANINDA!<\/strong><\/h2>\n<p>Bayram\u0131 da kapsayan <strong>17 g\u00fcnl\u00fck<\/strong> tam kapanman\u0131n sorumluluk b\u00f6lgesinde <strong>sa\u011fl\u0131kl\u0131<\/strong> ve <strong>huzurlu<\/strong> bir \u015fekilde ge\u00e7irilmesine katk\u0131 sa\u011flamak i\u00e7in <strong>F\u0131rat EDA\u015e<\/strong>, <strong>186 Ar\u0131za \u0130hbar ve \u00c7\u00f6z\u00fcm Merkezi<\/strong>\u2019nin yan\u0131 s\u0131ra <strong>F\u0131rat EDA\u015e mobil uygulamas\u0131<\/strong> ile m\u00fc\u015fterilerin her an yan\u0131nda olacaklar\u0131n\u0131 hat\u0131rlatt\u0131.<\/p>\n<p><strong>7\/24<\/strong> elektrik kaynakl\u0131 her t\u00fcrl\u00fc ihbar ve \u015fikayetin de\u011ferlendirildi\u011fi<strong> Alo 186 \u00e7a\u011fr\u0131 merkezi<\/strong>nin aktif bir \u015fekilde hizmette olaca\u011f\u0131 belirtildi. M\u00fc\u015fterilerin <strong>Google Play<\/strong> ve <strong>App Store\u2019da<\/strong> yer alan mobil uygulamay\u0131 <strong>tablet<\/strong> veya <strong>cep telefonlar\u0131na<\/strong> indirerek, ar\u0131za bildirimlerinden <strong>fatura tahsilat\u0131na kadar<\/strong> bir\u00e7ok hizmeti kolayl\u0131kla ger\u00e7ekle\u015ftirebilecekleri ifade edildi.<\/p>\n<p>Sorumluluk b\u00f6lgesinde her ko\u015fulda m\u00fc\u015fteri memnuniyeti \u00f6nceli\u011fi ile <strong>kaliteli<\/strong> ve<strong> kesintisiz elektrik da\u011f\u0131t\u0131m hizmeti<\/strong> vermeye \u00f6zen g\u00f6steren<strong> F\u0131rat EDA\u015e<\/strong>; \u00fclkece sa\u011fl\u0131kl\u0131, mutlu ve huzurlu bir bayram ge\u00e7irilmesini diledi.<\/p>","protected":false},"excerpt":{"rendered":"<p>Sorry, this entry is only available in Turkish. For the sake of viewer convenience, the content is shown below in the alternative language. You may click the link to switch the active language. F\u0131rat Elektrik Da\u011f\u0131t\u0131m A.\u015e. (F\u0131rat EDA\u015e),\u00a0Ramazan Bayram\u0131\u2019n\u0131 da i\u00e7ine alan tam kapanma boyunca\u00a0g\u00f6rev b\u00f6lgesinde enerji arz\u0131 s\u00fcreklili\u011fini en iyi \u015fekilde sa\u011flamak i\u00e7in [&hellip;]<\/p>\n","protected":false},"author":1,"featured_media":134298,"comment_status":"open","ping_status":"open","sticky":false,"template":"","format":"standard","meta":[],"categories":[51,53],"tags":[90002,90003],"views":68,"_links":{"self":[{"href":"https:\/\/www.enerjigazetesi.ist\/en\/wp-json\/wp\/v2\/posts\/134295"}],"collection":[{"href":"https:\/\/www.enerjigazetesi.ist\/en\/wp-json\/wp\/v2\/posts"}],"about":[{"href":"https:\/\/www.enerjigazetesi.ist\/en\/wp-json\/wp\/v2\/types\/post"}],"author":[{"embeddable":true,"href":"https:\/\/www.enerjigazetesi.ist\/en\/wp-json\/wp\/v2\/users\/1"}],"replies":[{"embeddable":true,"href":"https:\/\/www.enerjigazetesi.ist\/en\/wp-json\/wp\/v2\/comments?post=134295"}],"version-history":[{"count":0,"href":"https:\/\/www.enerjigazetesi.ist\/en\/wp-json\/wp\/v2\/posts\/134295\/revisions"}],"wp:featuredmedia":[{"embeddable":true,"href":"https:\/\/www.enerjigazetesi.ist\/en\/wp-json\/wp\/v2\/media\/134298"}],"wp:attachment":[{"href":"https:\/\/www.enerjigazetesi.ist\/en\/wp-json\/wp\/v2\/media?parent=134295"}],"wp:term":[{"taxonomy":"category","embeddable":true,"href":"https:\/\/www.enerjigazetesi.ist\/en\/wp-json\/wp\/v2\/categories?post=134295"},{"taxonomy":"post_tag","embeddable":true,"href":"https:\/\/www.enerjigazetesi.ist\/en\/wp-json\/wp\/v2\/tags?post=134295"}],"curies":[{"name":"wp","href":"https:\/\/api.w.org\/{rel}","templated":true}]}}