{"id":134261,"date":"2021-05-03T09:50:44","date_gmt":"2021-05-03T06:50:44","guid":{"rendered":"https:\/\/www.enerjigazetesi.ist\/?p=134261"},"modified":"2021-05-03T09:51:39","modified_gmt":"2021-05-03T06:51:39","slug":"ic-ve-dis-pazarda-yukselen-talep-2021in-ilk-2-ayinda-uretimi-yuzde-15-artirdi","status":"publish","type":"post","link":"https:\/\/www.enerjigazetesi.ist\/en\/ic-ve-dis-pazarda-yukselen-talep-2021in-ilk-2-ayinda-uretimi-yuzde-15-artirdi\/","title":{"rendered":"(Turkish) \u0130\u00e7 ve D\u0131\u015f Pazarda Y\u00fckselen Talep 2021\u2019in \u0130lk 2 Ay\u0131nda \u00dcretimi % 15 Art\u0131rd\u0131"},"content":{"rendered":"<p class=\"qtranxs-available-languages-message qtranxs-available-languages-message-en\">Sorry, this entry is only available in <a href=\"https:\/\/www.enerjigazetesi.ist\/tr\/wp-json\/wp\/v2\/posts\/134261\" class=\"qtranxs-available-language-link qtranxs-available-language-link-tr\" title=\"Turkish\">Turkish<\/a>. For the sake of viewer convenience, the content is shown below in the alternative language. You may click the link to switch the active language.<\/p><p><\/p>\n<h1><strong>T\u00fcrkiye \u0130MSAD, yap\u0131 sekt\u00f6r\u00fc ve ekonomi \u00e7evreleri taraf\u0131ndan dikkatle izlenen ayl\u0131k sekt\u00f6r raporunu a\u00e7\u0131klad\u0131. \u2018T\u00fcrkiye \u0130MSAD Nisan 2021 Sekt\u00f6r Raporu\u2019na g\u00f6re, in\u015faat malzemeleri sanayisinde\u00a0ge\u00e7en y\u0131l\u0131n son \u00e7eyre\u011finde ya\u015fanan y\u00fcksek \u00fcretim art\u0131\u015f\u0131 yeni y\u0131l\u0131n ilk iki ay\u0131nda da devam etti. 2021 y\u0131l\u0131n\u0131n ilk iki ay\u0131nda in\u015faat malzemesi sanayi \u00fcretimi, ge\u00e7ti\u011fimiz y\u0131l\u0131n ilk iki ay\u0131na g\u00f6re % 15 artt\u0131.<\/strong><\/h1>\n<p>\u0130n\u015faat malzemesi sekt\u00f6r\u00fcn\u00fcn \u00e7at\u0131 kurulu\u015fu <strong>T\u00fcrkiye \u0130n\u015faat Malzemesi Sanayicileri Derne\u011fi (T\u00fcrkiye \u0130MSAD)\u00a0<\/strong>taraf\u0131ndan haz\u0131rlanan \u2018<strong>Nisan 2021 Sekt\u00f6r Raporu<\/strong>\u2019nda \u015fu tespitler yer ald\u0131:\u00a0\u0130n\u015faat malzemeleri sanayi \u00fcretimi ocak ay\u0131nda <strong>ge\u00e7en y\u0131l\u0131n ayn\u0131 ay\u0131na g\u00f6re<\/strong> % <strong>17,8\u00a0<\/strong>artm\u0131\u015ft\u0131. <img loading=\"lazy\" class=\"alignright wp-image-134263\" src=\"https:\/\/www.enerjigazetesi.ist\/wp-content\/uploads\/2021\/05\/ic-ve-dis-pazarda-yukselen-talep-2021in-ilk-2-ayinda-uretimi-yuzde-15-artirdi.jpg\" alt=\"\" width=\"320\" height=\"181\" srcset=\"https:\/\/www.enerjigazetesi.ist\/wp-content\/uploads\/2021\/05\/ic-ve-dis-pazarda-yukselen-talep-2021in-ilk-2-ayinda-uretimi-yuzde-15-artirdi.jpg 760w, https:\/\/www.enerjigazetesi.ist\/wp-content\/uploads\/2021\/05\/ic-ve-dis-pazarda-yukselen-talep-2021in-ilk-2-ayinda-uretimi-yuzde-15-artirdi-300x170.jpg 300w, https:\/\/www.enerjigazetesi.ist\/wp-content\/uploads\/2021\/05\/ic-ve-dis-pazarda-yukselen-talep-2021in-ilk-2-ayinda-uretimi-yuzde-15-artirdi-500x283.jpg 500w, https:\/\/www.enerjigazetesi.ist\/wp-content\/uploads\/2021\/05\/ic-ve-dis-pazarda-yukselen-talep-2021in-ilk-2-ayinda-uretimi-yuzde-15-artirdi-80x45.jpg 80w\" sizes=\"(max-width: 320px) 100vw, 320px\" \/>\u015eubat ay\u0131nda ise <strong>in\u015faat malzemeleri sanayi \u00fcretimi<\/strong> yine ge\u00e7en y\u0131l\u0131n \u015fubat ay\u0131na g\u00f6re y\u00fczde <strong>12,3<\/strong> art\u0131\u015f g\u00f6sterdi. B\u00f6ylece ge\u00e7en y\u0131l\u0131n son \u00e7eyre\u011finde ya\u015fanan y\u00fcksek \u00fcretim art\u0131\u015f\u0131 yeni y\u0131l\u0131n ilk iki ay\u0131nda da devam etti. <strong>2021 y\u0131l\u0131n\u0131n<\/strong> ilk iki ay\u0131nda \u00fcretim art\u0131\u015f\u0131 ge\u00e7en y\u0131l\u0131n ilk iki ay\u0131na g\u00f6re <strong>%<\/strong> <strong>15<\/strong> olarak ger\u00e7ekle\u015fti. \u0130lk iki aydaki \u00fcretim art\u0131\u015f\u0131nda i\u00e7 talebin canl\u0131 kalmas\u0131 ve d\u0131\u015f pazarlardaki talep art\u0131\u015f\u0131 etkili oldu. <strong>\u0130\u00e7<\/strong> ve <strong>d\u0131\u015f<\/strong> <strong>talep \u00fcretim art\u0131\u015f\u0131n\u0131<\/strong> destekledi.<\/p>\n<p>2021 y\u0131l\u0131n\u0131n ilk iki ay\u0131nda <strong>22\u00a0<\/strong>alt sekt\u00f6r\u00fcn <strong>21<\/strong>\u2019inde \u00fcretim, <strong>2020 y\u0131l\u0131 ocak-\u015fubat d\u00f6nemine<\/strong> g\u00f6re artt\u0131. 2021 y\u0131l\u0131 ocak-\u015fubat d\u00f6neminde <strong>17\u00a0<\/strong>alt sekt\u00f6rde \u00fcretim ayn\u0131 zamanda \u00e7ift haneli ve y\u00fcksek oranlarda ger\u00e7ekle\u015fti. En y\u00fcksek \u00fcretim art\u0131\u015f\u0131 y\u00fczde <strong>73,4<\/strong> ile tu\u011fla ve kiremit sekt\u00f6r\u00fcnde oldu. \u00c7imento ve betondan e\u015fya \u00fcretimi <strong>34,3<\/strong> b\u00fcy\u00fcd\u00fc. Seramik kaplama malzemeleri \u00fcretimi y\u00fczde <strong>30<\/strong>, birle\u015ftirilmi\u015f parke yer d\u00f6\u015femeleri \u00fcretimi y\u00fczde <strong>27,1<\/strong> ve demir \u00e7elik radyat\u00f6r \u00fcretimi y\u00fczde <strong>26,5<\/strong> artt\u0131. Haz\u0131r beton \u00fcretimi y\u00fczde <strong>25,2<\/strong> artarken \u0131s\u0131tma ve so\u011futma donan\u0131mlar\u0131 \u00fcretimi y\u00fczde <strong>23,6<\/strong> b\u00fcy\u00fcme g\u00f6sterdi. Y\u0131l\u0131n ilk iki ay\u0131nda daha s\u0131n\u0131rl\u0131 \u00fcretim art\u0131\u015f\u0131 g\u00f6steren \u00fcr\u00fcnler <strong>demir \u00e7elikten \u00e7ubuk ve profiller, elektrikli ayd\u0131nlatma ekipmanlar\u0131<\/strong> ile <strong>metal yap\u0131<\/strong> ve <strong>yap\u0131 par\u00e7alar\u0131<\/strong> oldu. \u00dcretimi d\u00fc\u015fen tek \u00fcr\u00fcn ise y\u00fczde <strong>10,4<\/strong> ile in\u015faat camlar\u0131 oldu.<\/p>\n<h2><strong>Pandemi nedeniyle kapanma \u00f6nlemleri sekt\u00f6r\u00fc nas\u0131l etkileyecek?<\/strong><\/h2>\n<p><strong>\u0130n\u015faat sekt\u00f6r\u00fc faaliyetleri<\/strong> ile in\u015faat malzemeleri yurti\u00e7i sat\u0131\u015flar\u0131 aras\u0131nda do\u011fal bir ili\u015fki bulunuyor. \u0130n\u015faat sekt\u00f6r\u00fc faaliyetleri geni\u015fledi\u011finde i\u00e7 pazarda malzeme sat\u0131\u015flar\u0131 da y\u00fckselme g\u00f6steriyor. \u0130n\u015faat faaliyetleri zay\u0131flad\u0131\u011f\u0131nda <strong>in\u015faat malzemeleri sat\u0131\u015flar\u0131<\/strong> da geriliyor. Bu ili\u015fki 2020 y\u0131l\u0131ndaki salg\u0131n d\u00f6neminde de b\u00fcy\u00fck \u00f6l\u00e7\u00fcde devam etti. 2020 y\u0131l\u0131nda ya\u015fanan salg\u0131n nedeniyle al\u0131nan kapatma kararlar\u0131 sonucu <strong>2020 y\u0131l\u0131n\u0131n ikinci \u00e7eyre\u011finde<\/strong> in\u015faat faaliyetleri dip yapt\u0131, ancak haziran ay\u0131ndan itibaren\u00a0toparlanmaya ba\u015flad\u0131.<\/p>\n<p><strong>\u0130n\u015faat malzemeleri sat\u0131\u015flar\u0131<\/strong> da benzer \u015fekilde <strong>2020 y\u0131l\u0131n\u0131n ikinci \u00e7eyre\u011finde<\/strong> en d\u00fc\u015f\u00fck seviyesine indi, ard\u0131ndan art\u0131\u015fa ge\u00e7ti. 2020 y\u0131l\u0131n\u0131n ikinci yar\u0131s\u0131nda in\u015faat faaliyetleri en y\u00fcksek seviyesine ula\u015ft\u0131ktan sonra <strong>mevsimselli\u011fin<\/strong> de etkisi ile gerileme i\u00e7ine girdi. Ancak ge\u00e7mi\u015f y\u0131llardan farkl\u0131 olarak i\u00e7 pazarda <strong>malzeme sat\u0131\u015flar\u0131ndaki art\u0131\u015f e\u011filimi<\/strong> devam etti. Bu art\u0131\u015fta <strong>tedarik g\u00fcvenli\u011fi sa\u011flanmas\u0131<\/strong> ile yenileme pazar\u0131 sat\u0131\u015flar\u0131 da etkili oldu.<\/p>\n<p>2021 y\u0131l\u0131n\u0131n ilk \u00e7eyrek d\u00f6neminde de benzer ayr\u0131\u015fma s\u00fcrd\u00fc. \u0130n\u015faat faaliyetleri geleneksel olarak mevsimsellikten etkilendi\u011fi <strong>k\u0131\u015f aylar\u0131nda gerilerken in\u015faat malzemeleri<\/strong> yurti\u00e7i sat\u0131\u015flar\u0131 bahar aylar\u0131ndaki geri d\u00f6n\u00fc\u015f beklentisi ile art\u0131\u015f\u0131n\u0131 s\u00fcrd\u00fcrd\u00fc.<\/p>\n<p>Ancak nisan ay\u0131 itibar\u0131yla yeniden pandemi nedeniyle \u00f6nemli kapanma \u00f6nlemleri al\u0131nd\u0131. \u00d6nlemler <strong>may\u0131s ay\u0131n\u0131n da<\/strong> \u00f6nemli bir b\u00f6l\u00fcm\u00fcn\u00fc kaps\u0131yor. Bu d\u00f6nemde <strong>in\u015faat i\u015flerinin \u00f6nemli \u00f6l\u00e7\u00fcde yava\u015flamas\u0131<\/strong>, yeni in\u015faat ba\u015flang\u0131\u00e7lar\u0131n\u0131n \u00f6telenmesi bekleniyor. Bu \u00e7er\u00e7evede in\u015faat malzemeleri i\u00e7 pazar sat\u0131\u015flar\u0131na y\u00f6nelik <strong>iki ayr\u0131 senaryo<\/strong> \u00f6ng\u00f6r\u00fcl\u00fcyor.<\/p>\n<p><strong>Her iki senaryo<\/strong> i\u00e7in de kapanma \u00f6nlemlerinin ba\u015far\u0131l\u0131 olaca\u011f\u0131 ve haziran ay\u0131ndan itibaren <strong>kapanma<\/strong> ve<strong> k\u0131s\u0131tlamalara<\/strong> ihtiya\u00e7 kalmayaca\u011f\u0131 varsay\u0131l\u0131yor. <strong>1&#8217;inci senaryoda<\/strong> in\u015faat i\u015flerinde yeniden toparlanma ya\u015fanmas\u0131, mevcut i\u015flerin h\u0131zlanmas\u0131 ve <strong>yeni in\u015faat ba\u015flang\u0131\u00e7lar\u0131n\u0131n da hareketlenmesi<\/strong> bekleniyor. Bu senaryo i\u00e7inde <strong>in\u015faat malzemeleri i\u00e7 sat\u0131\u015flar\u0131<\/strong> da <strong>nisan<\/strong> ve <strong>may\u0131s<\/strong> aylar\u0131ndaki yava\u015flama sonras\u0131 <strong>yeniden kademeli bir b\u00fcy\u00fcme<\/strong> i\u00e7ine girecek. Ancak yeni i\u015flerde, son aylarda ger\u00e7ekle\u015fen <strong>y\u00fcksek malzeme al\u0131mlar\u0131\/sat\u0131\u015flar\u0131<\/strong> nedeniyle in\u015faat i\u015fleri hareketlense dahi bunun <strong>malzeme sat\u0131\u015flar\u0131na yans\u0131mas\u0131 s\u0131n\u0131rl\u0131<\/strong> olacak. Yenileme pazar\u0131 ise hareketlili\u011fini s\u00fcrd\u00fcrecek.<\/p>\n<p><strong>2&#8217;inci senaryoda<\/strong> ise salg\u0131nda iyile\u015fmeye ve kapanmalar\u0131n kalkmas\u0131na ra\u011fmen <strong>yeni in\u015faat i\u015fleri<\/strong> i\u00e7in uygun mali ko\u015fullar\u0131n bulunmamas\u0131 nedeniyle beklentilerin alt\u0131nda bir in\u015faat faaliyetinin ger\u00e7ekle\u015fmesi bekleniyor. Nitekim ekonomideki <strong>finansal riskler, y\u00fcksek in\u015faat maliyetleri<\/strong> ve<strong> y\u00fcksek faizlerin yeni in\u015faat i\u015flerine y\u00f6nelik<\/strong> i\u015ftah\u0131 s\u0131n\u0131rlayabilece\u011fi, b\u00f6yle bir durumda <strong>in\u015faat malzemeleri yurti\u00e7i sat\u0131\u015flar\u0131nda<\/strong> son iki \u00e7eyrektir devam eden b\u00fcy\u00fcmenin de dura\u011fanla\u015faca\u011f\u0131 \u00f6ng\u00f6r\u00fcl\u00fcyor.<\/p>\n<p><strong>Pandemiye kar\u015f\u0131 \u00f6nlem amac\u0131yla<\/strong> yap\u0131lan <strong>kapatma s\u00fcrecinin ba\u015far\u0131l\u0131 olamamas\u0131<\/strong> ve <strong>uzat\u0131lmas\u0131 halinde<\/strong> ise <strong>in\u015faat i\u015flerinde dura\u011fanl\u0131\u011f\u0131n uzayaca\u011f\u0131<\/strong> ve <strong>in\u015faat malzemeleri i\u00e7 pazar sat\u0131\u015flar\u0131n\u0131n da daralmaya ba\u015flayaca\u011f\u0131<\/strong> beklentiler aras\u0131nda yer al\u0131yor. Bu durumda i\u00e7 pazar\u0131 daha \u00e7ok yenileme pazar\u0131n\u0131n destekleyece\u011fi \u00f6ng\u00f6r\u00fcl\u00fcyor.<\/p>","protected":false},"excerpt":{"rendered":"<p>Sorry, this entry is only available in Turkish. For the sake of viewer convenience, the content is shown below in the alternative language. You may click the link to switch the active language. T\u00fcrkiye \u0130MSAD, yap\u0131 sekt\u00f6r\u00fc ve ekonomi \u00e7evreleri taraf\u0131ndan dikkatle izlenen ayl\u0131k sekt\u00f6r raporunu a\u00e7\u0131klad\u0131. \u2018T\u00fcrkiye \u0130MSAD Nisan 2021 Sekt\u00f6r Raporu\u2019na g\u00f6re, in\u015faat [&hellip;]<\/p>\n","protected":false},"author":1,"featured_media":134263,"comment_status":"open","ping_status":"open","sticky":false,"template":"","format":"standard","meta":[],"categories":[53],"tags":[63920,89979,89976,89981,89977,89980,89975,89974,89978,56066],"views":87,"_links":{"self":[{"href":"https:\/\/www.enerjigazetesi.ist\/en\/wp-json\/wp\/v2\/posts\/134261"}],"collection":[{"href":"https:\/\/www.enerjigazetesi.ist\/en\/wp-json\/wp\/v2\/posts"}],"about":[{"href":"https:\/\/www.enerjigazetesi.ist\/en\/wp-json\/wp\/v2\/types\/post"}],"author":[{"embeddable":true,"href":"https:\/\/www.enerjigazetesi.ist\/en\/wp-json\/wp\/v2\/users\/1"}],"replies":[{"embeddable":true,"href":"https:\/\/www.enerjigazetesi.ist\/en\/wp-json\/wp\/v2\/comments?post=134261"}],"version-history":[{"count":0,"href":"https:\/\/www.enerjigazetesi.ist\/en\/wp-json\/wp\/v2\/posts\/134261\/revisions"}],"wp:featuredmedia":[{"embeddable":true,"href":"https:\/\/www.enerjigazetesi.ist\/en\/wp-json\/wp\/v2\/media\/134263"}],"wp:attachment":[{"href":"https:\/\/www.enerjigazetesi.ist\/en\/wp-json\/wp\/v2\/media?parent=134261"}],"wp:term":[{"taxonomy":"category","embeddable":true,"href":"https:\/\/www.enerjigazetesi.ist\/en\/wp-json\/wp\/v2\/categories?post=134261"},{"taxonomy":"post_tag","embeddable":true,"href":"https:\/\/www.enerjigazetesi.ist\/en\/wp-json\/wp\/v2\/tags?post=134261"}],"curies":[{"name":"wp","href":"https:\/\/api.w.org\/{rel}","templated":true}]}}