{"id":134234,"date":"2021-05-02T11:27:47","date_gmt":"2021-05-02T08:27:47","guid":{"rendered":"https:\/\/www.enerjigazetesi.ist\/?p=134234"},"modified":"2021-05-02T11:28:41","modified_gmt":"2021-05-02T08:28:41","slug":"kktc-nin-enerjide-arz-guvenligini-kendi-arz-guvenligimizden-farkli-gormuyoruz","status":"publish","type":"post","link":"https:\/\/www.enerjigazetesi.ist\/en\/kktc-nin-enerjide-arz-guvenligini-kendi-arz-guvenligimizden-farkli-gormuyoruz\/","title":{"rendered":"(Turkish) &#8221;KKTC\u2019nin Arz G\u00fcvenli\u011fini Kendi Arz G\u00fcvenli\u011fimizden Farkl\u0131 G\u00f6rm\u00fcyoruz&#8221;"},"content":{"rendered":"<p class=\"qtranxs-available-languages-message qtranxs-available-languages-message-en\">Sorry, this entry is only available in <a href=\"https:\/\/www.enerjigazetesi.ist\/tr\/wp-json\/wp\/v2\/posts\/134234\" class=\"qtranxs-available-language-link qtranxs-available-language-link-tr\" title=\"Turkish\">Turkish<\/a>. For the sake of viewer convenience, the content is shown below in the alternative language. You may click the link to switch the active language.<\/p><p><\/p>\n<h1>Enerji ve Tabii Kaynaklar Bakan\u0131\u00a0Fatih\u00a0D\u00f6nmez taraf\u0131ndan T\u00fcrkiye&#8217;nin enerji ve do\u011fal kaynaklar alan\u0131nda Kuzey K\u0131br\u0131s T\u00fcrk Cumhuriyeti&#8217;nin (KKTC) yan\u0131nda oldu\u011funu dile getirerek, &#8220;Adan\u0131n enerjide arz g\u00fcvenli\u011fini kendi arz g\u00fcvenli\u011fimizden farkl\u0131 g\u00f6rm\u00fcyoruz.&#8221; ifadeleri kullan\u0131ld\u0131.<\/h1>\n<p><strong>T\u00fcrkiye<\/strong> ile <strong>KKTC<\/strong> aras\u0131nda <strong>&#8220;Petrol \u00dcr\u00fcnleri Ticareti ve Mobil Elektrik Santralleri Tesisi <img loading=\"lazy\" class=\"alignright wp-image-134239\" src=\"https:\/\/www.enerjigazetesi.ist\/wp-content\/uploads\/2021\/05\/kktc-nin-enerjide-arz-guvenligini-kendi-arz-guvenligimizden-farkli-gormuyoruz.jpg\" alt=\"\" width=\"320\" height=\"211\" srcset=\"https:\/\/www.enerjigazetesi.ist\/wp-content\/uploads\/2021\/05\/kktc-nin-enerjide-arz-guvenligini-kendi-arz-guvenligimizden-farkli-gormuyoruz.jpg 550w, https:\/\/www.enerjigazetesi.ist\/wp-content\/uploads\/2021\/05\/kktc-nin-enerjide-arz-guvenligini-kendi-arz-guvenligimizden-farkli-gormuyoruz-300x197.jpg 300w, https:\/\/www.enerjigazetesi.ist\/wp-content\/uploads\/2021\/05\/kktc-nin-enerjide-arz-guvenligini-kendi-arz-guvenligimizden-farkli-gormuyoruz-500x329.jpg 500w, https:\/\/www.enerjigazetesi.ist\/wp-content\/uploads\/2021\/05\/kktc-nin-enerjide-arz-guvenligini-kendi-arz-guvenligimizden-farkli-gormuyoruz-76x50.jpg 76w\" sizes=\"(max-width: 320px) 100vw, 320px\" \/>\u0130mza T\u00f6reni&#8221;<\/strong>, Ankara&#8217;da Bakanl\u0131k binas\u0131nda\u00a0D\u00f6nmez\u00a0ve KKTC Ba\u015fbakan Yard\u0131mc\u0131s\u0131, Ekonomi ve Enerji Bakan\u0131 Erhan Ar\u0131kl\u0131&#8217;n\u0131n kat\u0131l\u0131m\u0131yla ger\u00e7ekle\u015fti.<\/p>\n<p>D\u00f6nmez, yapt\u0131\u011f\u0131 konu\u015fmada, T\u00fcrkiye&#8217;nin <strong>b\u00f6lgede arama<\/strong> ve <strong>\u00fcretim ruhsatlar\u0131<\/strong> oldu\u011funu belirterek, <em>&#8220;T\u00fcrkiye Petrolleri <strong>3 sondaj<\/strong> yapt\u0131. Gerek iki gerek <strong>\u00fc\u00e7 boyutlu sismik ara\u015ft\u0131rmalar<\/strong> yap\u0131ld\u0131. <strong>Ke\u015fifle sonu\u00e7lanan<\/strong> bir \u00e7al\u0131\u015fma olmad\u0131 ama bu i\u015fler sab\u0131r isteyen uzun soluklu i\u015fler.&#8221;<\/em> diye konu\u015ftu.<\/p>\n<p>KKTC&#8217;nin <strong>enerjide arz g\u00fcvenli\u011fini<\/strong> T\u00fcrkiye&#8217;nin <strong>kendi arz g\u00fcvenli\u011finden farkl\u0131<\/strong> g\u00f6rmedi\u011fini vurgulayan\u00a0D\u00f6nmez,<em> &#8220;Buradaki temel yakla\u015f\u0131m, adada ya\u015fayan T\u00fcrklerin g\u00fcneyde ya\u015fayan Rum k\u00f6kenli insanlardan farkl\u0131 haklara sahip olmad\u0131\u011f\u0131<strong> e\u015fit haklara sahip<\/strong> oldu\u011fu ve adan\u0131n do\u011fal kaynaklar\u0131ndan <strong>g\u00fcney nas\u0131l yararlan\u0131yorsa<\/strong> kuzeyin de <strong>ayn\u0131 \u015fekilde yararlanmas\u0131<\/strong> temel prensibidir.&#8221;<\/em> de\u011ferlendirmelerinde bulundu.<\/p>\n<p>Ar\u0131kl\u0131 da imzalanan protokolle KKTC&#8217;nin <strong>enerjide ciddi bir probleminin<\/strong> ortadan kalkaca\u011f\u0131na vurgu yaparak, anla\u015fman\u0131n <strong>y\u00fcksek elektrik fiyatlar\u0131n\u0131n<\/strong> a\u015fa\u011f\u0131 inmesi i\u00e7in <strong>bir vesile olaca\u011f\u0131n\u0131<\/strong> dile getirdi.<\/p>\n<p><strong>Enerjiyi<\/strong> en iyi \u015fartlarda kullanan, <strong>ucuz<\/strong> ve <strong>temiz enerji<\/strong> sa\u011flayan <strong>bir \u00fclke olmalar\u0131<\/strong> gerekti\u011fini belirten Ar\u0131kl\u0131, \u00fclke ekonomisinin de g\u00fc\u00e7l\u00fc olmas\u0131 gerekti\u011fini de vurgu yapt\u0131.<\/p>\n<p>Kaynak: <a href=\"https:\/\/enerji.gov.tr\/haber-detay?id=10821\" target=\"_blank\" rel=\"nofollow noopener\">ETKB<\/a><\/p>","protected":false},"excerpt":{"rendered":"<p>Sorry, this entry is only available in Turkish. For the sake of viewer convenience, the content is shown below in the alternative language. You may click the link to switch the active language. Enerji ve Tabii Kaynaklar Bakan\u0131\u00a0Fatih\u00a0D\u00f6nmez taraf\u0131ndan T\u00fcrkiye&#8217;nin enerji ve do\u011fal kaynaklar alan\u0131nda Kuzey K\u0131br\u0131s T\u00fcrk Cumhuriyeti&#8217;nin (KKTC) yan\u0131nda oldu\u011funu dile getirerek, &#8220;Adan\u0131n [&hellip;]<\/p>\n","protected":false},"author":1,"featured_media":134241,"comment_status":"open","ping_status":"open","sticky":false,"template":"","format":"standard","meta":[],"categories":[51,53,44],"tags":[9809,4800,27530,84094,53153],"views":179,"_links":{"self":[{"href":"https:\/\/www.enerjigazetesi.ist\/en\/wp-json\/wp\/v2\/posts\/134234"}],"collection":[{"href":"https:\/\/www.enerjigazetesi.ist\/en\/wp-json\/wp\/v2\/posts"}],"about":[{"href":"https:\/\/www.enerjigazetesi.ist\/en\/wp-json\/wp\/v2\/types\/post"}],"author":[{"embeddable":true,"href":"https:\/\/www.enerjigazetesi.ist\/en\/wp-json\/wp\/v2\/users\/1"}],"replies":[{"embeddable":true,"href":"https:\/\/www.enerjigazetesi.ist\/en\/wp-json\/wp\/v2\/comments?post=134234"}],"version-history":[{"count":0,"href":"https:\/\/www.enerjigazetesi.ist\/en\/wp-json\/wp\/v2\/posts\/134234\/revisions"}],"wp:featuredmedia":[{"embeddable":true,"href":"https:\/\/www.enerjigazetesi.ist\/en\/wp-json\/wp\/v2\/media\/134241"}],"wp:attachment":[{"href":"https:\/\/www.enerjigazetesi.ist\/en\/wp-json\/wp\/v2\/media?parent=134234"}],"wp:term":[{"taxonomy":"category","embeddable":true,"href":"https:\/\/www.enerjigazetesi.ist\/en\/wp-json\/wp\/v2\/categories?post=134234"},{"taxonomy":"post_tag","embeddable":true,"href":"https:\/\/www.enerjigazetesi.ist\/en\/wp-json\/wp\/v2\/tags?post=134234"}],"curies":[{"name":"wp","href":"https:\/\/api.w.org\/{rel}","templated":true}]}}