{"id":134151,"date":"2021-04-30T14:26:58","date_gmt":"2021-04-30T11:26:58","guid":{"rendered":"https:\/\/www.enerjigazetesi.ist\/?p=134151"},"modified":"2021-04-30T14:28:46","modified_gmt":"2021-04-30T11:28:46","slug":"icacep-endustriyel-gida-sistemi-ve-yerel-gida-aglari-konusunu-isledi","status":"publish","type":"post","link":"https:\/\/www.enerjigazetesi.ist\/en\/icacep-endustriyel-gida-sistemi-ve-yerel-gida-aglari-konusunu-isledi\/","title":{"rendered":"(Turkish) \u0130\u00c7ACEP &#8216;End\u00fcstriyel G\u0131da Sistemi ve Yerel G\u0131da A\u011flar\u0131&#8217; Konusunu \u0130\u015fledi"},"content":{"rendered":"<p class=\"qtranxs-available-languages-message qtranxs-available-languages-message-en\">Sorry, this entry is only available in <a href=\"https:\/\/www.enerjigazetesi.ist\/tr\/wp-json\/wp\/v2\/posts\/134151\" class=\"qtranxs-available-language-link qtranxs-available-language-link-tr\" title=\"Turkish\">Turkish<\/a>. For the sake of viewer convenience, the content is shown below in the alternative language. You may click the link to switch the active language.<\/p><p><\/p>\n<h1>T\u00fcrkiye \u00c7evre Platformu (T\u00dcR\u00c7EP) ve \u0130\u00e7 Anadolu \u00c7evre Platformu\u2019nun (\u0130\u00c7A\u00c7EP) ortakla\u015fa d\u00fczenledi\u011fi bilgilendirme ve de\u011ferlendirme toplant\u0131s\u0131 Zoom \u00fczerinden ger\u00e7ekle\u015ftirildi. Moderat\u00f6rl\u00fc\u011f\u00fcn\u00fc \u0130\u00c7A\u00c7EP koordinat\u00f6r\u00fc <strong>Abidin \u00d6zkaymak\u2019\u0131n<\/strong> yapt\u0131\u011f\u0131, \u201cEnd\u00fcstriyel G\u0131da Sistemi ve Yerel G\u0131da A\u011flar\u0131<strong>\u201d <\/strong>konu ba\u015fl\u0131kl\u0131 bilgilenme toplant\u0131s\u0131nda ODT\u00dc \u00f6\u011fretim \u00fcyesi <strong>Ceyhan Tem\u00fcrc\u00fc<\/strong>\u2019n\u00fcn sunumunda a\u015fa\u011f\u0131da yer alan konular\u0131 ele alm\u0131\u015ft\u0131r.<\/h1>\n<p><span style=\"text-decoration: underline;\">End\u00fcstriyel g\u0131da sistemi;<\/span> \u00fcretim a\u015famalar\u0131n\u0131, lojisti\u011fi de kapsamaktad\u0131r. \u00dcretim s\u00fcreci <strong>s\u00fcrd\u00fcr\u00fclebilir<\/strong> de\u011fildir. <strong>Toprak, su, hava kirlili\u011fine<\/strong> neden olmakta, <strong>H\u0130BR\u0130T\u00a0<\/strong>ve\u00a0<strong>GDO<\/strong> (Geneti\u011fi de\u011fi\u015ftirilmi\u015f organizma) tohum kullan\u0131m\u0131 nedeniyle <strong>d\u0131\u015fa ba\u011f\u0131ml\u0131l\u0131\u011f\u0131 beraberinde<\/strong> getirmektedir.<\/p>\n<p><strong>Kal\u0131nt\u0131 b\u0131rakan kimyasallar<\/strong> olan<strong> zehir<\/strong> ve<strong> fenni g\u00fcbre kullan\u0131m\u0131<\/strong> nedeniyle d\u0131\u015fa ba\u011f\u0131ml\u0131l\u0131\u011f\u0131 <img loading=\"lazy\" class=\"alignright wp-image-134154\" src=\"https:\/\/www.enerjigazetesi.ist\/wp-content\/uploads\/2021\/04\/icacep-endustriyel-gida-sistemi-ve-yerel-gida-aglari-konusunu-isledi-2.jpg\" alt=\"\" width=\"340\" height=\"267\" srcset=\"https:\/\/www.enerjigazetesi.ist\/wp-content\/uploads\/2021\/04\/icacep-endustriyel-gida-sistemi-ve-yerel-gida-aglari-konusunu-isledi-2.jpg 550w, https:\/\/www.enerjigazetesi.ist\/wp-content\/uploads\/2021\/04\/icacep-endustriyel-gida-sistemi-ve-yerel-gida-aglari-konusunu-isledi-2-300x236.jpg 300w, https:\/\/www.enerjigazetesi.ist\/wp-content\/uploads\/2021\/04\/icacep-endustriyel-gida-sistemi-ve-yerel-gida-aglari-konusunu-isledi-2-500x393.jpg 500w, https:\/\/www.enerjigazetesi.ist\/wp-content\/uploads\/2021\/04\/icacep-endustriyel-gida-sistemi-ve-yerel-gida-aglari-konusunu-isledi-2-64x50.jpg 64w\" sizes=\"(max-width: 340px) 100vw, 340px\" \/>beraberinde getirmenin d\u0131\u015f\u0131nda topraktaki canl\u0131l\u0131\u011f\u0131 yok etmektedir.<\/p>\n<p><strong>Yo\u011fun enerji<\/strong> ve <strong>su<\/strong> gibi <strong>kaynaklar\u0131n kullan\u0131m\u0131<\/strong> beraberinde <strong>yo\u011fun do\u011fa<\/strong> ve <strong>insan s\u00f6m\u00fcr\u00fcs\u00fcn\u00fc<\/strong> getirmektedir.<\/p>\n<p><strong>Zonaz hastal\u0131klar\u0131n \u00e7o\u011falmas\u0131na<\/strong> ve<strong> insana daha fazla bula\u015fmas\u0131na<\/strong> neden olmaktad\u0131r<\/p>\n<p>G\u0131da&#8217;n\u0131n <strong>d\u00fcnyan\u0131n bir ucundan di\u011fer ucuna<\/strong> dek ula\u015ft\u0131r\u0131lmas\u0131, <strong>b\u00fcy\u00fck lojistik<\/strong> ve<strong> ula\u015f\u0131m a\u011f\u0131n\u0131<\/strong> beraberinde getirmekte, <strong>\u00e7ift\u00e7iden sofraya gelene dek<\/strong> bir \u00e7ok el de\u011fi\u015fikli\u011fi ve her birinin ald\u0131\u011f\u0131 komisyon nedeniyle <strong>tarladan \u00e7\u0131k\u0131\u015f fiyat\u0131<\/strong> ile <strong>sofraya ula\u015f\u0131m<\/strong> aras\u0131ndaki fiyatta<strong> arada u\u00e7urum olu\u015fturmakta<\/strong>. T\u00fcm bunlar <strong>s\u00fcrd\u00fcr\u00fclebilir de\u011fildir.<\/strong><\/p>\n<p><strong>Yerel g\u0131da a\u011flar\u0131n\u0131<\/strong> \u00f6nceleyen <strong>organik<\/strong> ve <strong>do\u011fal \u00fcretim s\u00fcre\u00e7lerinde<\/strong> ata tohum kullan\u0131m\u0131 nedeniyle <strong>tohumda \u00fcretici<\/strong> kendi kendine yetebilmektedir. Bu ayn\u0131 zamanda <strong>biyo \u00e7e\u015fitlili\u011fi korudu\u011fu<\/strong> i\u00e7in <strong>g\u0131dan\u0131n her zaman var olma g\u00fcvencesi de<\/strong> olmaktad\u0131r.<\/p>\n<p><strong>Ekolojiye<\/strong> ve <strong>di\u011fer canl\u0131lara sayg\u0131l\u0131<\/strong> bir \u00fcretim yap\u0131lmaktad\u0131r.<\/p>\n<p><strong>Zehir<\/strong> ve <strong>kal\u0131nt\u0131 b\u0131rakan<\/strong> g\u00fcbre kullan\u0131m\u0131 olmad\u0131\u011f\u0131 i\u00e7in topraktaki<strong> canl\u0131l\u0131k s\u00fcrmektedir<\/strong> ve bu tora\u011f\u0131n canl\u0131l\u0131\u011f\u0131 \u00fcretimi s\u00fcrd\u00fcr\u00fclebilir k\u0131lmaktad\u0131r.<\/p>\n<p><strong>Enerji<\/strong> ve <strong>su<\/strong> gibi kaynaklar\u0131n\u0131n <strong>kullan\u0131m\u0131 \u00e7ok az olmaktad\u0131r.<\/strong><\/p>\n<p>Genelde <strong>k\u00fc\u00e7\u00fck aile i\u015fletmesi \u015feklinde<\/strong> yap\u0131lan \u00fcretimde <strong>do\u011fa s\u00f6m\u00fcr\u00fcs\u00fc<\/strong> kabul edilebilir ve <strong>s\u00fcrd\u00fcr\u00fclebilir<\/strong> durumdad\u0131r.<\/p>\n<p>Genelde \u00e7ok yak\u0131ndaki yerel pazarda, son d\u00f6nemde <strong>direk tarlada<\/strong>, internet \u00fczerinde<strong> g\u0131da topluluklar\u0131<\/strong> ve <strong>g\u0131da a\u011flar\u0131<\/strong> \u00fczerinden sat\u0131\u015f yap\u0131labilmektedir, <strong>Bu tarla ile sofra<\/strong> aras\u0131ndaki <strong>k\u0131sa yol fiyat aras\u0131 fark\u0131 da<\/strong> ortadan kald\u0131rmaktad\u0131r, <strong>k\u0131sa lojistik k\u00fcresel \u0131s\u0131nman\u0131n da \u00f6n\u00fcne<\/strong> ge\u00e7mektedir<\/p>\n<p>\u00dcretici ve t\u00fcketici aras\u0131nda genelde olu\u015fan do\u011frudan ba\u011f her iki kesimin aras\u0131ndaki <strong>sosyalle\u015fme<\/strong> ve <strong>g\u00fc\u00e7l\u00fc ba\u011flar\u0131<\/strong> olu\u015fturmakta olup <strong>ileti\u015fim <\/strong>ve<strong> birlikte geli\u015fimi, de\u011fi\u015fimi<\/strong> beraberinde getirmektedir.<\/p>\n<p><strong>K\u00fc\u00e7\u00fck aile tipi i\u015fletmelerde<\/strong> do\u011fal <strong>\u00fcretim<\/strong> ve <strong>organik \u00fcretim<\/strong> yapman\u0131n \u00f6n\u00fc a\u00e7\u0131lmal\u0131, te\u015fvik edilmelidir. Organik tar\u0131mdaki pahal\u0131 sertifikasyonun \u00f6n\u00fcne ge\u00e7ilmeli, organik \u00fcretim yapan \u00fcretici devlet taraf\u0131nda s\u00fcrekli desteklenmelidir.<\/p>\n<p><strong>Sertifikasyonda<\/strong> end\u00fcstriyel olan <strong>\u015firket sertifikasyonlar\u0131<\/strong> yerine <strong>devlet sertifikasyonu<\/strong> getirilmelidir.<\/p>\n<p><strong>Kooperatif\u00e7ilik de<\/strong> end\u00fcstriyel <strong>tar\u0131m, g\u0131da sistemine alternatif niyetine<\/strong> y\u00f6nelik ortaya \u00e7\u0131km\u0131\u015f olmakla birlikte \u00f6z\u00fcnde \u015firketle\u015fme potansiyeli, <strong>end\u00fcstriyel zemine kayma tehlikesi<\/strong> ve potansiyelini beraberinde ta\u015f\u0131maktad\u0131r. \u0130yi niyetlerle kurulmu\u015f olmas\u0131na ra\u011fmen <strong>s\u00fcrd\u00fcr\u00fclebilirli\u011fi<\/strong> g\u00f6r\u00fclmemektedir.<\/p>\n<p><strong>Belediyelerin g\u00f6revleri<\/strong> aras\u0131nda <strong>\u00fcretici pazarlar\u0131 kurmak<\/strong> da var, Bir an \u00f6nce <strong>kat\u0131l\u0131mc\u0131 g\u00fcvence sistemi<\/strong> ve <strong>organik \u00fcretici pazarlar\u0131<\/strong> kar\u0131lmal\u0131, bu sayede <strong>\u00e7iftlikten pazara direkt t\u00fcketici<\/strong> ile<strong> \u00fcretici bulu\u015farak<\/strong>, \u00fcr\u00fcne ula\u015f\u0131m kolayla\u015facakt\u0131r.<\/p>\n<h2><strong>Toplant\u0131 Organizasyonuna katk\u0131 sunan \u0130\u00c7A\u00c7EP bile\u015feni dernekler:<\/strong><\/h2>\n<p><em>ATA TOHUM TAKAS GURUBU, ESK\u0130\u015eEH\u0130R \u00c7EVRE KORUMA VE G\u00dcZELLE\u015eT\u0130RME DERNE\u011e\u0130(ESCEVDER ), N\u0130\u011eDE \u00c7EVRE E\u011e\u0130T\u0130M K\u00dcLT\u00dcR DERNE\u011e\u0130, KONYA HAYVANLARI KORUMA DERNE\u011e\u0130, DO\u011eA VE S\u00dcRD\u00dcREB\u0130L\u0130RL\u0130K DERNE\u011e\u0130 (ANKARA), T\u00dcRK\u0130YE ORMANCILAR DERNE\u011e\u0130<\/em><\/p>\n<p><strong>T\u00dcR\u00c7EP (T\u00fcrkiye \u00c7evre Platformu)<\/strong> \u00f6nderli\u011finde yap\u0131lan bu s\u00f6yle\u015filerin<strong> 7&#8217;incisini<\/strong> geride b\u0131rakman\u0131n mutlu\u011funu ta\u015f\u0131yarak bu t\u00fcr <strong>Zoom toplant\u0131lar\u0131na<\/strong> devam edece\u011fini kamuoyuna a\u00e7\u0131klamaktan mutluluk duyuyoruz.<\/p>","protected":false},"excerpt":{"rendered":"<p>Sorry, this entry is only available in Turkish. For the sake of viewer convenience, the content is shown below in the alternative language. You may click the link to switch the active language. T\u00fcrkiye \u00c7evre Platformu (T\u00dcR\u00c7EP) ve \u0130\u00e7 Anadolu \u00c7evre Platformu\u2019nun (\u0130\u00c7A\u00c7EP) ortakla\u015fa d\u00fczenledi\u011fi bilgilendirme ve de\u011ferlendirme toplant\u0131s\u0131 Zoom \u00fczerinden ger\u00e7ekle\u015ftirildi. Moderat\u00f6rl\u00fc\u011f\u00fcn\u00fc \u0130\u00c7A\u00c7EP koordinat\u00f6r\u00fc [&hellip;]<\/p>\n","protected":false},"author":1,"featured_media":134155,"comment_status":"open","ping_status":"open","sticky":false,"template":"","format":"standard","meta":[],"categories":[53],"tags":[89898,89899,89896,89900,89897,57125,70472],"views":84,"_links":{"self":[{"href":"https:\/\/www.enerjigazetesi.ist\/en\/wp-json\/wp\/v2\/posts\/134151"}],"collection":[{"href":"https:\/\/www.enerjigazetesi.ist\/en\/wp-json\/wp\/v2\/posts"}],"about":[{"href":"https:\/\/www.enerjigazetesi.ist\/en\/wp-json\/wp\/v2\/types\/post"}],"author":[{"embeddable":true,"href":"https:\/\/www.enerjigazetesi.ist\/en\/wp-json\/wp\/v2\/users\/1"}],"replies":[{"embeddable":true,"href":"https:\/\/www.enerjigazetesi.ist\/en\/wp-json\/wp\/v2\/comments?post=134151"}],"version-history":[{"count":0,"href":"https:\/\/www.enerjigazetesi.ist\/en\/wp-json\/wp\/v2\/posts\/134151\/revisions"}],"wp:featuredmedia":[{"embeddable":true,"href":"https:\/\/www.enerjigazetesi.ist\/en\/wp-json\/wp\/v2\/media\/134155"}],"wp:attachment":[{"href":"https:\/\/www.enerjigazetesi.ist\/en\/wp-json\/wp\/v2\/media?parent=134151"}],"wp:term":[{"taxonomy":"category","embeddable":true,"href":"https:\/\/www.enerjigazetesi.ist\/en\/wp-json\/wp\/v2\/categories?post=134151"},{"taxonomy":"post_tag","embeddable":true,"href":"https:\/\/www.enerjigazetesi.ist\/en\/wp-json\/wp\/v2\/tags?post=134151"}],"curies":[{"name":"wp","href":"https:\/\/api.w.org\/{rel}","templated":true}]}}