{"id":134145,"date":"2021-04-30T14:04:10","date_gmt":"2021-04-30T11:04:10","guid":{"rendered":"https:\/\/www.enerjigazetesi.ist\/?p=134145"},"modified":"2021-04-30T14:06:39","modified_gmt":"2021-04-30T11:06:39","slug":"turkiye-madenciler-dernegine-sinav-ve-belgelendirme-yetkisi","status":"publish","type":"post","link":"https:\/\/www.enerjigazetesi.ist\/en\/turkiye-madenciler-dernegine-sinav-ve-belgelendirme-yetkisi\/","title":{"rendered":"(Turkish) T\u00fcrkiye Madenciler Derne\u011fi\u2019ne S\u0131nav ve Belgelendirme Yetkisi"},"content":{"rendered":"<p class=\"qtranxs-available-languages-message qtranxs-available-languages-message-en\">Sorry, this entry is only available in <a href=\"https:\/\/www.enerjigazetesi.ist\/tr\/wp-json\/wp\/v2\/posts\/134145\" class=\"qtranxs-available-language-link qtranxs-available-language-link-tr\" title=\"Turkish\">Turkish<\/a>. For the sake of viewer convenience, the content is shown below in the alternative language. You may click the link to switch the active language.<\/p><p><\/p>\n<h1><strong>Mesleki Yeterlilik Kurumu (MYK), madencilik sekt\u00f6r\u00fcnde K\u0131rma Eleme Tesis Operat\u00f6r\u00fc (Seviye 3), Mekanizasyon \u0130\u015f\u00e7isi (Seviye 4), Mekanize Kaz\u0131 Operat\u00f6r\u00fc (Seviye 4), Mermer Do\u011falta\u015f Ocak\u00e7\u0131s\u0131 (Seviye 3), Mermer-Do\u011falta\u015f \u00d6zel \u0130malat Eleman\u0131 (Seviye 4), Pres \u0130\u015f\u00e7isi (Seviye 4), Yeralt\u0131 Haz\u0131rl\u0131k \u0130\u015f\u00e7isi (Seviye 3) ve Yeralt\u0131 Haz\u0131rl\u0131k \u0130\u015f\u00e7isi (Seviye 4) olmak \u00fczere 8 meslekte Mesleki Yeterlilik Belgesi zorunlulu\u011fu getirdi.\u00a0<\/strong><strong>Bu kapsamda MYK taraf\u0131ndan yetkilendirilen T\u00fcrkiye Madenciler Derne\u011fi (TMD) de, K\u0131rma Eleme Tesis Operat\u00f6r\u00fc (Seviye 3), Mermer Do\u011falta\u015f Ocak\u00e7\u0131s\u0131 (Seviye 3) ve \u00d6\u011f\u00fctme (De\u011firmen) Operat\u00f6r\u00fc (Seviye 3) mesleklerinde s\u0131nav ve belgelendirme ger\u00e7ekle\u015ftiriyor.<\/strong><\/h1>\n<p>MYK taraf\u0131ndan yap\u0131lan d\u00fczenlemeyle madencilik sekt\u00f6r\u00fcnde <strong>8 meslekte<\/strong> Mesleki Yeterlilik Belgesi <img loading=\"lazy\" class=\"alignright wp-image-134147\" src=\"https:\/\/www.enerjigazetesi.ist\/wp-content\/uploads\/2021\/04\/turkiye-madenciler-dernegine-sinav-ve-belgelendirme-yetkisi.jpg\" alt=\"\" width=\"320\" height=\"343\" srcset=\"https:\/\/www.enerjigazetesi.ist\/wp-content\/uploads\/2021\/04\/turkiye-madenciler-dernegine-sinav-ve-belgelendirme-yetkisi.jpg 550w, https:\/\/www.enerjigazetesi.ist\/wp-content\/uploads\/2021\/04\/turkiye-madenciler-dernegine-sinav-ve-belgelendirme-yetkisi-280x300.jpg 280w, https:\/\/www.enerjigazetesi.ist\/wp-content\/uploads\/2021\/04\/turkiye-madenciler-dernegine-sinav-ve-belgelendirme-yetkisi-374x400.jpg 374w, https:\/\/www.enerjigazetesi.ist\/wp-content\/uploads\/2021\/04\/turkiye-madenciler-dernegine-sinav-ve-belgelendirme-yetkisi-47x50.jpg 47w, https:\/\/www.enerjigazetesi.ist\/wp-content\/uploads\/2021\/04\/turkiye-madenciler-dernegine-sinav-ve-belgelendirme-yetkisi-500x535.jpg 500w\" sizes=\"(max-width: 320px) 100vw, 320px\" \/>zorunlu hale getirildi. <strong>Mesleki Yeterlilik Belgesi<\/strong> olmayan ki\u015filer <strong>09 Nisan 2022<\/strong> tarihinden itibaren <strong>s\u00f6z konusu mesleklerde<\/strong> \u00e7al\u0131\u015famayacak.<\/p>\n<p>Madencilik sekt\u00f6r\u00fcn\u00fcn \u00e7at\u0131 kurulu\u015flar\u0131ndan olan <strong>T\u00fcrkiye Madenciler Derne\u011fi<\/strong>, MYK\u2019dan ald\u0131\u011f\u0131 yetkiyle<em> K\u0131rma Eleme Tesis Operat\u00f6r\u00fc (Seviye 3), Mermer Do\u011falta\u015f Ocak\u00e7\u0131s\u0131 (Seviye 3) ve \u00d6\u011f\u00fctme (De\u011firmen) Operat\u00f6r\u00fc (Seviye 3) maden meslekleri<\/em>nde <strong>s\u0131nav<\/strong> ve <strong>belgelendirme<\/strong> ger\u00e7ekle\u015ftiriyor.<\/p>\n<p><strong>TMD Y\u00f6netim Kurulu Ba\u015fkan\u0131 Ali Emiro\u011flu<\/strong> konuya ili\u015fkin, <em>\u201cMesleki Yeterlilik Belgesi zorunlulu\u011fu ile i\u015f kazalar\u0131n\u0131n asgariye indirilmesi, \u00fcretimde verimlilik ve etkinli\u011fin sa\u011flanmas\u0131 hedefleniyor. Zaten s\u00fcrd\u00fcr\u00fclebilir madencilik anlay\u0131\u015f\u0131m\u0131z\u0131n temelini de i\u015f sa\u011fl\u0131\u011f\u0131 ve g\u00fcvenli\u011fi olu\u015fturuyor. <strong>T\u00fcrkiye Madenciler Derne\u011fi<\/strong> olarak biz de<strong> MYK\u2019dan<\/strong> ald\u0131\u011f\u0131m\u0131z yetkiyle, sekt\u00f6r\u00fcm\u00fcz\u00fcn <strong>uluslararas\u0131 standartlara<\/strong> g\u00f6re \u00e7al\u0131\u015fan <strong>nitelikli personel ihtiyac\u0131n\u0131n<\/strong> giderilmesine katk\u0131 sa\u011flayaca\u011f\u0131z.\u201d<\/em> dedi.<\/p>\n<p>Ayr\u0131ca, <strong>MYK kanunu<\/strong> kapsam\u0131nda <strong>yetkilendirilmi\u015f s\u0131nav<\/strong> ve <strong>belgelendirme kurulu\u015flar\u0131n\u0131n<\/strong> ger\u00e7ekle\u015ftirece\u011fi s\u0131navlarda ba\u015far\u0131l\u0131 olan ki\u015filerin <strong>belge masraflar\u0131<\/strong> ve s\u0131nav \u00fccreti<strong> 31 Aral\u0131k 2021<\/strong> tarihine kadar <strong>\u0130\u015fsizlik Sigortas\u0131 Fonu\u2019ndan<\/strong> kar\u015f\u0131lanacak.<\/p>","protected":false},"excerpt":{"rendered":"<p>Sorry, this entry is only available in Turkish. For the sake of viewer convenience, the content is shown below in the alternative language. You may click the link to switch the active language. Mesleki Yeterlilik Kurumu (MYK), madencilik sekt\u00f6r\u00fcnde K\u0131rma Eleme Tesis Operat\u00f6r\u00fc (Seviye 3), Mekanizasyon \u0130\u015f\u00e7isi (Seviye 4), Mekanize Kaz\u0131 Operat\u00f6r\u00fc (Seviye 4), Mermer [&hellip;]<\/p>\n","protected":false},"author":1,"featured_media":134148,"comment_status":"open","ping_status":"open","sticky":false,"template":"","format":"standard","meta":[],"categories":[53,24649],"tags":[23311,53315,41890,89894,89017],"views":109,"_links":{"self":[{"href":"https:\/\/www.enerjigazetesi.ist\/en\/wp-json\/wp\/v2\/posts\/134145"}],"collection":[{"href":"https:\/\/www.enerjigazetesi.ist\/en\/wp-json\/wp\/v2\/posts"}],"about":[{"href":"https:\/\/www.enerjigazetesi.ist\/en\/wp-json\/wp\/v2\/types\/post"}],"author":[{"embeddable":true,"href":"https:\/\/www.enerjigazetesi.ist\/en\/wp-json\/wp\/v2\/users\/1"}],"replies":[{"embeddable":true,"href":"https:\/\/www.enerjigazetesi.ist\/en\/wp-json\/wp\/v2\/comments?post=134145"}],"version-history":[{"count":0,"href":"https:\/\/www.enerjigazetesi.ist\/en\/wp-json\/wp\/v2\/posts\/134145\/revisions"}],"wp:featuredmedia":[{"embeddable":true,"href":"https:\/\/www.enerjigazetesi.ist\/en\/wp-json\/wp\/v2\/media\/134148"}],"wp:attachment":[{"href":"https:\/\/www.enerjigazetesi.ist\/en\/wp-json\/wp\/v2\/media?parent=134145"}],"wp:term":[{"taxonomy":"category","embeddable":true,"href":"https:\/\/www.enerjigazetesi.ist\/en\/wp-json\/wp\/v2\/categories?post=134145"},{"taxonomy":"post_tag","embeddable":true,"href":"https:\/\/www.enerjigazetesi.ist\/en\/wp-json\/wp\/v2\/tags?post=134145"}],"curies":[{"name":"wp","href":"https:\/\/api.w.org\/{rel}","templated":true}]}}