{"id":134057,"date":"2021-04-29T12:00:15","date_gmt":"2021-04-29T09:00:15","guid":{"rendered":"https:\/\/www.enerjigazetesi.ist\/?p=134057"},"modified":"2021-04-29T12:00:15","modified_gmt":"2021-04-29T09:00:15","slug":"rebul-sirketler-grubu-ndan-gezegene-tesekkur","status":"publish","type":"post","link":"https:\/\/www.enerjigazetesi.ist\/en\/rebul-sirketler-grubu-ndan-gezegene-tesekkur\/","title":{"rendered":"(Turkish) Rebul \u015eirketler Grubu\u2019ndan \u2018Gezegene Te\u015fekk\u00fcr\u2019"},"content":{"rendered":"<p class=\"qtranxs-available-languages-message qtranxs-available-languages-message-en\">Sorry, this entry is only available in <a href=\"https:\/\/www.enerjigazetesi.ist\/tr\/wp-json\/wp\/v2\/posts\/134057\" class=\"qtranxs-available-language-link qtranxs-available-language-link-tr\" title=\"Turkish\">Turkish<\/a>. For the sake of viewer convenience, the content is shown below in the alternative language. You may click the link to switch the active language.<\/p><p><\/p>\n<h1>125 y\u0131l\u0131 a\u015fk\u0131n k\u00f6kl\u00fc tarihiyle nesiller aras\u0131nda seyahat eden Rebul \u015eirketler Grubu, gelecek nesillere daha temiz, daha ya\u015fanabilir bir d\u00fcnya haz\u0131rlama misyonuyla \u00e7al\u0131\u015fmalar\u0131na devam ediyor. Son olarak, s\u00fcrd\u00fcr\u00fclebilirlik eforlar\u0131na yeni bir ad\u0131m olan <strong>\u2018Gezegene Te\u015fekk\u00fcr\u2019<\/strong> a\u011fa\u00e7land\u0131rma projesini hayata ge\u00e7iren marka, 500.000 tohum topunu, insans\u0131z hava ara\u00e7lar\u0131 ecoDrone\u2019lar ile a\u011fa\u00e7land\u0131r\u0131lmas\u0131 gereken alanlara da\u011f\u0131tacak.<\/h1>\n<p>Rebul \u015eirketler Grubu\u2019nun <strong>s\u00fcrd\u00fcr\u00fclebilirlik eforlar\u0131<\/strong> ve bu konudaki yeni ad\u0131mlar\u0131n\u0131n konu\u015fuldu\u011fu bas\u0131n toplant\u0131s\u0131nda ev sahipli\u011fi yapan <strong>Rebul \u015eirketler Grubu Y\u00f6netim Kurulu \u00dcyesi N\u00fcket Filiba<\/strong>; <em>\u201cRebul \u015eirketler Grubu olarak 125 y\u0131l\u0131 a\u015fk\u0131n s\u00fcredir hem m\u00fc\u015fterilerine hem gezegene sorumlu <img loading=\"lazy\" class=\"alignright wp-image-134059\" src=\"https:\/\/www.enerjigazetesi.ist\/wp-content\/uploads\/2021\/04\/rebul-sirketler-grubu-ndan-gezegene-tesekkur-2.jpg\" alt=\"\" width=\"320\" height=\"291\" srcset=\"https:\/\/www.enerjigazetesi.ist\/wp-content\/uploads\/2021\/04\/rebul-sirketler-grubu-ndan-gezegene-tesekkur-2.jpg 550w, https:\/\/www.enerjigazetesi.ist\/wp-content\/uploads\/2021\/04\/rebul-sirketler-grubu-ndan-gezegene-tesekkur-2-300x273.jpg 300w, https:\/\/www.enerjigazetesi.ist\/wp-content\/uploads\/2021\/04\/rebul-sirketler-grubu-ndan-gezegene-tesekkur-2-440x400.jpg 440w, https:\/\/www.enerjigazetesi.ist\/wp-content\/uploads\/2021\/04\/rebul-sirketler-grubu-ndan-gezegene-tesekkur-2-55x50.jpg 55w, https:\/\/www.enerjigazetesi.ist\/wp-content\/uploads\/2021\/04\/rebul-sirketler-grubu-ndan-gezegene-tesekkur-2-500x455.jpg 500w\" sizes=\"(max-width: 320px) 100vw, 320px\" \/>bir marka olduk. Nesiller aras\u0131nda seyahat eden bir marka olarak, gelecek nesillere temiz, ya\u015fanabilir bir d\u00fcnya haz\u0131rlamay\u0131 misyon edindik. Hem<strong> do\u011fa dostu \u00fcr\u00fcn hareketimizle<\/strong> hem de <strong>fark\u0131ndal\u0131k yaratacak<\/strong> \u00e7e\u015fitli \u00e7al\u0131\u015fmalar\u0131m\u0131zla <strong>s\u00fcrd\u00fcr\u00fclebilir bir d\u00fcnya<\/strong> i\u00e7in sorumluluklar\u0131m\u0131z\u0131 yerine getiriyoruz. B\u00fct\u00fcn bu <strong>\u2018Gezegene Te\u015fekk\u00fcr\u2019<\/strong> niteli\u011findeki s\u00fcrd\u00fcr\u00fclebilirlik eforlar\u0131m\u0131z bizleri daha iyi bir gelecek i\u00e7in \u00e7ok heyecanland\u0131r\u0131yor. <strong>K\u00fcresel iklim kriziyle m\u00fccadelede<\/strong> her bir a\u011fac\u0131n t\u00fcm tabiat\u0131n nefesi oldu\u011funu biliyoruz\u201d<\/em> dedi.<\/p>\n<p>Bo\u011fazi\u00e7i \u00dcniversitesi \u0130klim Politikalar\u0131 Ara\u015ft\u0131rma Merkezi M\u00fcd\u00fcr\u00fc <strong>Prof. Dr. Levent Kurnaz<\/strong>\u2019\u0131n da konu\u015fmac\u0131 olarak yer ald\u0131\u011f\u0131 bas\u0131n toplant\u0131s\u0131nda <strong>iklim krizine<\/strong> ve daha iyi bir gelecek i\u00e7in sorumluluklara de\u011finildi.<strong>\u00a0Prof. Dr. Levent Kurnaz<\/strong>; <em>\u201cBiz yery\u00fcz\u00fcn\u00fcn sahipleri de\u011fil, bak\u0131c\u0131lar\u0131y\u0131z. Bu gezegeni \u00e7ocuklar\u0131m\u0131za ald\u0131\u011f\u0131m\u0131zdan <strong>daha g\u00fczel<\/strong> ve <strong>sa\u011fl\u0131kl\u0131 bi\u00e7imde teslim etmek<\/strong> de en \u00f6nemli g\u00f6revimiz. Bizim yaratt\u0131\u011f\u0131m\u0131z <strong>tahribat gezegenin limitlerine<\/strong> dayanm\u0131\u015f durumda ve \u00f6nlem al\u0131nmad\u0131\u011f\u0131 takdirde <strong>gelecek nesillere daha g\u00fczel bir d\u00fcnya<\/strong> b\u0131rakmam\u0131z m\u00fcmk\u00fcn olmayacak\u201d<\/em> dedi.<\/p>\n<p><strong>\u2018Gezegene Te\u015fekk\u00fcr\u2019 projesi<\/strong>ni, <strong>k\u00fcresel iklim krizine<\/strong> kar\u015f\u0131 <strong>s\u00fcrd\u00fcr\u00fclebilir<\/strong> ve <strong>inovatif \u00e7evre teknolojileri<\/strong> geli\u015ftiren sosyal giri\u015fim <strong>ecording<\/strong> ile hayata ge\u00e7iren Rebul \u015eirketler Grubu, <strong>500.000 tohum topunu<\/strong> ecoDrone\u2019lar arac\u0131l\u0131\u011f\u0131yla toprakla bulu\u015fturacak. Fark\u0131ndal\u0131\u011f\u0131 art\u0131rmak ad\u0131na m\u00fc\u015fterilerini de bu projenin bir par\u00e7as\u0131 yapt\u0131klar\u0131n\u0131 ifade eden <strong>Rebul \u015eirketler Grubu Y\u00f6netim Kurulu \u00dcyesi N\u00fcket Filiba<\/strong>; \u201cYery\u00fcz\u00fcnde ye\u015fil bir iz b\u0131rakmak i\u00e7in ba\u015flatt\u0131\u011f\u0131m\u0131z bu projede hep birlikteyiz. M\u00fc\u015fterilerimiz, sat\u0131n\u00a0ald\u0131klar\u0131 her <strong>Rebul<\/strong> ve <strong>Atelier Rebul \u00fcr\u00fcn\u00fc<\/strong> ile projeye destek verebiliyorlar. Atelier Rebul ma\u011fazalar\u0131,<a href=\"http:\/\/www.atelierrebul.com.tr\" target=\"_blank\" rel=\"noopener\">\u00a0www.atelierrebul.com.tr\u2019den<\/a>\u00a0al\u0131nan \u00fcr\u00fcnlerle<strong> QR kodlar\u0131m\u0131z<\/strong> <strong>m\u00fc\u015fterilerimize<\/strong> ula\u015f\u0131yor. Bu <strong>QR kodlar\u0131n\u0131 okutup<\/strong> a\u011fa\u00e7land\u0131rma yap\u0131lacak alanda, yer almas\u0131n\u0131 istedikleri <strong>a\u011fa\u00e7 tohumunu se\u00e7ebilecek<\/strong> ve <strong>tohum toplar\u0131n\u0131n b\u00fcy\u00fcme yolculu\u011funu<\/strong> e-mail ile takip edebilecekler. Rebul ve Atelier Rebul web sitelerimizdeki saya\u00e7larla <strong>ka\u00e7 tohum topu at\u0131ld\u0131\u011f\u0131n\u0131 da takip<\/strong> edebilecekler. Bu tohum toplar\u0131, a\u011fa\u00e7land\u0131r\u0131lacak <strong>b\u00f6lgelerde ya\u015fayan kad\u0131nlar<\/strong> taraf\u0131ndan haz\u0131rlan\u0131yor, bunun i\u00e7in \u00f6zel bir e\u011fitim al\u0131yorlar. Yani <strong>iklim krizine kar\u015f\u0131<\/strong> bir yandan da <strong>kad\u0131nlarla birlikte m\u00fccadele<\/strong> ediyoruz. Bu da bizim i\u00e7in b\u00fcy\u00fck mutluluk \u201cdedi.<\/p>\n<p>Atelier Rebul markas\u0131yla da <strong>do\u011fa dostu \u00fcr\u00fcn hareketini<\/strong> s\u00fcrd\u00fcrd\u00fcklerini belirten\u00a0<strong>Rebul \u015eirketler Grubu Y\u00f6netim Kurulu \u00dcyesi N\u00fcket Filiba<\/strong>; <em>\u201cDo\u011fa dostu \u00fcr\u00fcn hareketimizle g\u00fczelli\u011fin <strong>3R<\/strong>\u2019sini <strong>\u2018Refill\/Reuse\/Reduce\u2019<\/strong> olarak kabul ediyor ve;<strong>\u00a0\u2018yeniden doldurun, yeniden kullan\u0131n, at\u0131klar\u0131 azalt\u0131n, bunlar\u0131 tekrar edin\u2019\u00a0<\/strong>diyoruz. 7 senedir ma\u011fazalar\u0131m\u0131zda bulunan <strong>dolum \u00fcnitelerinde<\/strong> devam etti\u011fimiz <strong>\u2018tekrar doldurulabilir\u2019<\/strong> ambalaj projemizi hem kolonya hem\u00a0de<strong>\u00a0parf\u00fcm \u00fcr\u00fcnlerini<\/strong> kapsayacak \u015fekilde geni\u015fletiyoruz. <strong>T\u00fckenen kolonya<\/strong> ve\u00a0<strong>\u0130mza\u00a0Koleksiyonu\u00a0parf\u00fcmleri,<\/strong> ambalajlar\u0131n\u0131 atmadan ma\u011fazalarda tekrar doldurulabiliyor, bu ad\u0131mla da <strong>Atelier Rebul<\/strong> markam\u0131z bir ilke imza at\u0131yor.\u00a0Daha az \u015fi\u015fe, daha az kapak, daha az etiket ve daha az kartonla\u00a0daha az at\u0131k\u00a0sa\u011fl\u0131yoruz.\u00a0Buna ek olarak;\u00a0yeniden doldurulamayan\u00a0spreyli\u00a0cam \u015fi\u015fe kolonyalar\u0131m\u0131z i\u00e7in ma\u011fazalar\u0131m\u0131zda geri d\u00f6n\u00fc\u015f\u00fcm at\u0131k kutular\u0131 olu\u015fturduk. Bu <strong>cam at\u0131klar\u0131\u00a0geri d\u00f6n\u00fc\u015ft\u00fcr\u00fcrken<\/strong>\u00a0m\u00fc\u015fterilerimizi\u00a0de\u00a0dolum kolonyalar\u0131na te\u015fvik\u00a0ediyoruz.\u00a0Atelier Rebul s\u0131v\u0131 sabunlar\u0131m\u0131z da\u00a0<strong>haziran ay\u0131ndan itibaren<\/strong> standart ambalaja g\u00f6re %78 daha az plastik t\u00fcketimi sa\u011flayan Refill ambalajlarla m\u00fc\u015fterilerimizin kar\u015f\u0131s\u0131na \u00e7\u0131kacak\u201d<\/em>\u00a0dedi.<\/p>\n<p>Temiz gezegen ve temiz gelecek i\u00e7in <strong>\u2018temiz form\u00fcl\u2019<\/strong>\u00fc benimseyen Rebul \u015eirketler Grubu, do\u011fadan ilham al\u0131yor, bilim ve en son teknolojiyi takip ederek hem m\u00fc\u015fterileri hem de <strong>\u00e7evre<\/strong> i\u00e7in, <strong>do\u011fal, g\u00fcvenli<\/strong> ve<strong> temiz i\u00e7erikler kullanmay\u0131<\/strong> hedefliyor. Rebul \u015eirketler Grubu, <strong>eczac\u0131l\u0131\u011f\u0131n vazge\u00e7ilmez<\/strong> bir par\u00e7as\u0131 olan<strong> bitkilere, ge\u00e7mi\u015fteki ar\u015fivlerine, do\u011fal kokuya, geleneksel y\u00f6ntemlere odaklan\u0131yor, do\u011fal<\/strong> ve <strong>sa\u011fl\u0131kl\u0131 \u00fcr\u00fcnlerden<\/strong> olu\u015fan koleksiyonlarla m\u00fc\u015fterileriyle bulu\u015fuyor.<\/p>\n<p><strong>\u00c7erkezk\u00f6y Organize Sanayi B\u00f6lgesi<\/strong>\u2019nde\u00a0faaliyete ba\u015flayan\u00a0yeni fabrikas\u0131nda\u00a01 May\u0131s\u00a0itibari ile\u00a0<strong>%100 yenilenebilir enerji kullan\u0131ld\u0131\u011f\u0131<\/strong> bilgisini de payla\u015fan\u00a0<strong>Filiba<\/strong>; <em>\u201cRebul \u015eirketler Grubu i\u00e7in, 2020\u2019nin en b\u00fcy\u00fck yat\u0131r\u0131m\u0131, yeni fabrikam\u0131z oldu. Ta\u015f\u0131nma i\u015flemlerini neredeyse tamamlad\u0131\u011f\u0131m\u0131z yeni fabrikam\u0131zda\u00a0s\u00fcrd\u00fcr\u00fclebilir bir d\u00fcnya i\u00e7in \u00e7al\u0131\u015fmalar\u0131m\u0131za\u00a0h\u0131zla devam ediyoruz\u201d<\/em> dedi.<\/p>","protected":false},"excerpt":{"rendered":"<p>Sorry, this entry is only available in Turkish. For the sake of viewer convenience, the content is shown below in the alternative language. You may click the link to switch the active language. 125 y\u0131l\u0131 a\u015fk\u0131n k\u00f6kl\u00fc tarihiyle nesiller aras\u0131nda seyahat eden Rebul \u015eirketler Grubu, gelecek nesillere daha temiz, daha ya\u015fanabilir bir d\u00fcnya haz\u0131rlama misyonuyla [&hellip;]<\/p>\n","protected":false},"author":1,"featured_media":134060,"comment_status":"open","ping_status":"open","sticky":false,"template":"","format":"standard","meta":[],"categories":[53],"tags":[89848,89844,55438,84756,89847,89845,52510,89846,49544,89843,57125],"views":287,"_links":{"self":[{"href":"https:\/\/www.enerjigazetesi.ist\/en\/wp-json\/wp\/v2\/posts\/134057"}],"collection":[{"href":"https:\/\/www.enerjigazetesi.ist\/en\/wp-json\/wp\/v2\/posts"}],"about":[{"href":"https:\/\/www.enerjigazetesi.ist\/en\/wp-json\/wp\/v2\/types\/post"}],"author":[{"embeddable":true,"href":"https:\/\/www.enerjigazetesi.ist\/en\/wp-json\/wp\/v2\/users\/1"}],"replies":[{"embeddable":true,"href":"https:\/\/www.enerjigazetesi.ist\/en\/wp-json\/wp\/v2\/comments?post=134057"}],"version-history":[{"count":0,"href":"https:\/\/www.enerjigazetesi.ist\/en\/wp-json\/wp\/v2\/posts\/134057\/revisions"}],"wp:featuredmedia":[{"embeddable":true,"href":"https:\/\/www.enerjigazetesi.ist\/en\/wp-json\/wp\/v2\/media\/134060"}],"wp:attachment":[{"href":"https:\/\/www.enerjigazetesi.ist\/en\/wp-json\/wp\/v2\/media?parent=134057"}],"wp:term":[{"taxonomy":"category","embeddable":true,"href":"https:\/\/www.enerjigazetesi.ist\/en\/wp-json\/wp\/v2\/categories?post=134057"},{"taxonomy":"post_tag","embeddable":true,"href":"https:\/\/www.enerjigazetesi.ist\/en\/wp-json\/wp\/v2\/tags?post=134057"}],"curies":[{"name":"wp","href":"https:\/\/api.w.org\/{rel}","templated":true}]}}