{"id":1340,"date":"2012-08-09T09:06:36","date_gmt":"2012-08-09T06:06:36","guid":{"rendered":"https:\/\/www.enerjigazetesi.ist\/?p=1340"},"modified":"2012-08-09T09:06:36","modified_gmt":"2012-08-09T06:06:36","slug":"okuden-enerji-yoneticisi-sertifikasi-hedefi","status":"publish","type":"post","link":"https:\/\/www.enerjigazetesi.ist\/en\/okuden-enerji-yoneticisi-sertifikasi-hedefi\/","title":{"rendered":"(Turkish) Ok\u00fc&#8217;den &#8220;Enerji Y\u00f6neticisi Sertifikas\u0131&#8221; Hedefi"},"content":{"rendered":"<p class=\"qtranxs-available-languages-message qtranxs-available-languages-message-en\">Sorry, this entry is only available in <a href=\"https:\/\/www.enerjigazetesi.ist\/tr\/wp-json\/wp\/v2\/posts\/1340\" class=\"qtranxs-available-language-link qtranxs-available-language-link-tr\" title=\"Turkish\">Turkish<\/a>. For the sake of viewer convenience, the content is shown below in the alternative language. You may click the link to switch the active language.<\/p><p><strong>Sanayi sekt\u00f6r\u00fcnde <em>enerji verimlili\u011fini<\/em> art\u0131rmak i\u00e7in belli \u00f6l\u00e7ekteki fabrikalara enerji y\u00f6neticisi atama zorunlulu\u011fu getirilmesinin ard\u0131ndan OK\u00dc, b\u00f6lgedeEnerjiY\u00f6neticisi Sertifikas\u0131 verecek ilk kurum olmay\u0131 ama\u00e7l\u0131yor.<\/strong><\/p>\n<p><img loading=\"lazy\" class=\"alignright size-medium wp-image-1341\" title=\"oku-enerji-yoneticisi-sertifikasi\" src=\"https:\/\/www.enerjigazetesi.ist\/wp-content\/uploads\/2012\/08\/oku-enerji-yoneticisi-sertifikasi-300x199.jpg\" alt=\"\" width=\"300\" height=\"199\" srcset=\"https:\/\/www.enerjigazetesi.ist\/wp-content\/uploads\/2012\/08\/oku-enerji-yoneticisi-sertifikasi-300x199.jpg 300w, https:\/\/www.enerjigazetesi.ist\/wp-content\/uploads\/2012\/08\/oku-enerji-yoneticisi-sertifikasi-75x50.jpg 75w, https:\/\/www.enerjigazetesi.ist\/wp-content\/uploads\/2012\/08\/oku-enerji-yoneticisi-sertifikasi.jpg 420w\" sizes=\"(max-width: 300px) 100vw, 300px\" \/>Sanayi sekt\u00f6r\u00fcndeenerjiverimlili\u011fini art\u0131rmak i\u00e7in belli \u00f6l\u00e7ekteki fabrikalara &#8220;enerji y\u00f6neticisi&#8221; atama zorunlulu\u011fugetirilmesinin ard\u0131ndan Osmaniye Korkut Ata \u00dcniversitesi (OK\u00dc) b\u00f6lgede &#8220;Enerji Y\u00f6neticisiSertifikas\u0131&#8221; verecek ilk kurum olmay\u0131 ama\u00e7l\u0131yor.<\/p>\n<p>OK\u00dc Rekt\u00f6r\u00fc Prof. Dr. Orhan B\u00fcy\u00fckalaca, AA muhabirine, y\u0131ll\u0131k toplam enerji t\u00fcketimi 2 bin ton e\u015fde\u011fer petrol ve yukar\u0131s\u0131nda olan t\u00fcm fabrikalar\u0131n enerji y\u00f6neticisi atamakla y\u00fck\u00fcml\u00fc olmas\u0131ndan dolay\u0131, haz\u0131rlad\u0131klar\u0131 alt yap\u0131 olanaklar\u0131yla, kendi \u00f6\u011frencilerine ve sanayi kurulu\u015flar\u0131nda \u00e7al\u0131\u015fan m\u00fchendislere y\u00f6nelik Enerji Y\u00f6neticisi kurslar\u0131 a\u00e7acaklar\u0131n\u0131 s\u00f6yledi.<\/p>\n<p>Enerjinin T\u00fcrkiye ve d\u00fcnya i\u00e7in \u00e7ok \u00f6nemli oldu\u011funa dikkati \u00e7eken B\u00fcy\u00fckalaca, d\u00fcnyan\u0131n \u00e7e\u015fitli yerlerinde enerji \u00fczerine sava\u015flar oldu\u011funu ve \u00fclkelerin birbirlerine g\u00f6re pozisyon ald\u0131\u011f\u0131n\u0131 belirterek, &#8220;B\u00f6lgemizde bir\u00e7ok olay\u0131n arka plan\u0131na bakt\u0131\u011f\u0131m\u0131zda hep enerji oldu\u011funu g\u00f6r\u00fcyoruz. Enerji \u00fclkemiz ve b\u00f6lgemiz i\u00e7inde olduk\u00e7a \u00f6nemli&#8221; dedi.<\/p>\n<p>Prof. Dr. Orhan B\u00fcy\u00fckalaca, Organize Sanayi B\u00f6lgesinin (OSB) h\u0131zla geli\u015fti\u011fini, \u00f6zellikle metal\u00fcrji sekt\u00f6r\u00fcn\u00fcn enerjiyi \u00e7ok yo\u011fun kulland\u0131\u011f\u0131n\u0131 ve enerji kullan\u0131m\u0131n\u0131n \u00f6nemli bir konu oldu\u011funu belirtti.<\/p>\n<p>\u0130skenderun K\u00f6rfezi Enerji \u0130htisas B\u00f6lgesinde enerji ile ilgili \u00e7ok ciddi yat\u0131r\u0131mlar yap\u0131ld\u0131\u011f\u0131na i\u015faret eden B\u00fcy\u00fckalaca, \u015funlar\u0131 kaydetti:<\/p>\n<p>&#8220;\u0130skenderun&#8217;da, do\u011falgaz depolama tesisleri, petrol depolama tesisleri, bunlar\u0131n i\u015flenmesi ile ilgili rafineriler ve petrokimya tesisleri gibi \u00e7ok b\u00fcy\u00fck yat\u0131r\u0131mlar planlan\u0131yor. Tabii Osmaniye&#8217;de bundan do\u011frudan etkilenecektir. Enerji y\u00f6neticili\u011fi sertifikas\u0131 denen bir sertifika var. Enerjiyi iyi ve verimli kullanmak ad\u0131na belli b\u00fcy\u00fckl\u00fckteki fabrikalar \u00f6zel uzman bulundurmak zorunda. Onlar\u0131n belli bir e\u011fitim almas\u0131 gerekiyor. \u0130\u015fte biz bu e\u011fitimi vermek istiyoruz, hedefimiz bu. B\u00f6lgede bu sertifikay\u0131 veren bir kurulu\u015f yok. Bildi\u011fim kadar\u0131yla \u0130stanbul&#8217;da, Ankara&#8217;da ve Kocaeli&#8217;de var. T\u00fcrkiye&#8217;nin bu taraf\u0131na bakt\u0131\u011f\u0131m\u0131zda, Ankara&#8217;n\u0131n g\u00fcneyine ve do\u011fusuna bakt\u0131\u011f\u0131n\u0131zda, hi\u00e7 bir yerde yok \u015fu anda. \u0130\u015fte biz bu alt yap\u0131y\u0131 tamamen bu sertifikaya y\u00f6nelik de kurduk. Yani hem \u00f6\u011frencilerimize hem de b\u00f6lgeye hizmet etmek istiyoruz.&#8221;<\/p>\n<p>-Laboratuvarlar haz\u0131r-<\/p>\n<p>M\u00fchendislik Fak\u00fcltesi Dekan Yard\u0131mc\u0131s\u0131 Yrd. Do\u00e7. Dr. B\u00fclent Yan\u0131ktepe de M\u00fchendislik Fak\u00fcltesi i\u00e7in b\u00fct\u00fcn b\u00f6l\u00fcmlere hitap eden \u00f6l\u00e7me ve kontrol konusunda alt yap\u0131 laboratuvarlar\u0131 kurduklar\u0131n\u0131 s\u00f6yledi.<\/p>\n<p>S\u0131cakl\u0131k, bas\u0131n\u00e7, voltaj, g\u00fc\u00e7, ak\u0131m gibi her t\u00fcrl\u00fc de\u011ferleri \u00f6l\u00e7me kabiliyetine sahip olduklar\u0131n\u0131 anlatan Yan\u0131ktepe, \u015f\u00f6yle devam etti:<\/p>\n<p>&#8220;\u00dclkemizin sanayi sekt\u00f6r\u00fcnde enerji verimlili\u011fini art\u0131rmak \u00fczere haz\u0131rlanan Sanayi Kurulu\u015flar\u0131n\u0131n Enerji T\u00fcketiminde Verimlili\u011fin Artt\u0131r\u0131lmas\u0131 Hakk\u0131ndaki Y\u00f6netmelikte bahsedilen enerji y\u00f6neticisi, yeti\u015ftirmek i\u00e7in yetkilendirilmi\u015f olaman\u0131z gerekiyor. Biz de bu yetkilendirmeyi alabilmek i\u00e7in alt yap\u0131m\u0131z\u0131 kurduk. O yetkiyi alabilmek i\u00e7in m\u00fcracaat\u0131m\u0131z\u0131 yapaca\u011f\u0131z. Yani burada enerji m\u00fchendisli\u011finden mezun olan \u00f6\u011frencileri do\u011frudan enerji y\u00f6neticisi yapabilece\u011fiz. Ayr\u0131ca sanayi kurulu\u015flar\u0131nda \u00e7al\u0131\u015fan m\u00fchendislere de bu sertifikay\u0131 vermeyi ama\u00e7l\u0131yoruz. Y\u00f6netmelikte \u00f6ng\u00f6r\u00fclen her t\u00fcrl\u00fc cihaz\u0131 temin ettik.&#8221;<\/p>\n<p>Yan\u0131ktepe, &#8220;Bizi di\u011fer \u00fcniversitelerden ay\u0131ran en \u00f6nemli \u015fey laboratuvar alt yap\u0131m\u0131z\u0131 ger\u00e7ekle\u015ftirmi\u015f olmam\u0131z&#8221; ifadelerini kulland\u0131.<\/p>\n<p>Kaynak: <a href=\"http:\/\/www.haberciniz.biz\/okuden-enerji-yoneticisi-sertifikasi-hedefi-1575522h.htm\" target=\"_blank\">Haberciniz<\/a><\/p>","protected":false},"excerpt":{"rendered":"<p>Sorry, this entry is only available in Turkish. For the sake of viewer convenience, the content is shown below in the alternative language. You may click the link to switch the active language.Sanayi sekt\u00f6r\u00fcnde enerji verimlili\u011fini art\u0131rmak i\u00e7in belli \u00f6l\u00e7ekteki fabrikalara enerji y\u00f6neticisi atama zorunlulu\u011fu getirilmesinin ard\u0131ndan OK\u00dc, b\u00f6lgedeEnerjiY\u00f6neticisi Sertifikas\u0131 verecek ilk kurum olmay\u0131 ama\u00e7l\u0131yor. [&hellip;]<\/p>\n","protected":false},"author":1,"featured_media":1341,"comment_status":"open","ping_status":"open","sticky":false,"template":"","format":"standard","meta":[],"categories":[53,52],"tags":[274,270,271,272,273],"views":901,"_links":{"self":[{"href":"https:\/\/www.enerjigazetesi.ist\/en\/wp-json\/wp\/v2\/posts\/1340"}],"collection":[{"href":"https:\/\/www.enerjigazetesi.ist\/en\/wp-json\/wp\/v2\/posts"}],"about":[{"href":"https:\/\/www.enerjigazetesi.ist\/en\/wp-json\/wp\/v2\/types\/post"}],"author":[{"embeddable":true,"href":"https:\/\/www.enerjigazetesi.ist\/en\/wp-json\/wp\/v2\/users\/1"}],"replies":[{"embeddable":true,"href":"https:\/\/www.enerjigazetesi.ist\/en\/wp-json\/wp\/v2\/comments?post=1340"}],"version-history":[{"count":2,"href":"https:\/\/www.enerjigazetesi.ist\/en\/wp-json\/wp\/v2\/posts\/1340\/revisions"}],"predecessor-version":[{"id":1343,"href":"https:\/\/www.enerjigazetesi.ist\/en\/wp-json\/wp\/v2\/posts\/1340\/revisions\/1343"}],"wp:featuredmedia":[{"embeddable":true,"href":"https:\/\/www.enerjigazetesi.ist\/en\/wp-json\/wp\/v2\/media\/1341"}],"wp:attachment":[{"href":"https:\/\/www.enerjigazetesi.ist\/en\/wp-json\/wp\/v2\/media?parent=1340"}],"wp:term":[{"taxonomy":"category","embeddable":true,"href":"https:\/\/www.enerjigazetesi.ist\/en\/wp-json\/wp\/v2\/categories?post=1340"},{"taxonomy":"post_tag","embeddable":true,"href":"https:\/\/www.enerjigazetesi.ist\/en\/wp-json\/wp\/v2\/tags?post=1340"}],"curies":[{"name":"wp","href":"https:\/\/api.w.org\/{rel}","templated":true}]}}