{"id":133971,"date":"2021-04-28T11:38:25","date_gmt":"2021-04-28T08:38:25","guid":{"rendered":"https:\/\/www.enerjigazetesi.ist\/?p=133971"},"modified":"2021-04-28T11:42:37","modified_gmt":"2021-04-28T08:42:37","slug":"emiroglu-onceligimiz-surdurulebilir-ve-sorumlu-madencilik-olmali","status":"publish","type":"post","link":"https:\/\/www.enerjigazetesi.ist\/en\/emiroglu-onceligimiz-surdurulebilir-ve-sorumlu-madencilik-olmali\/","title":{"rendered":"(Turkish) Emiro\u011flu: &#8220;\u00d6nceli\u011fimiz S\u00fcrd\u00fcr\u00fclebilir ve Sorumlu Madencilik Olmal\u0131&#8221;"},"content":{"rendered":"<p class=\"qtranxs-available-languages-message qtranxs-available-languages-message-en\">Sorry, this entry is only available in <a href=\"https:\/\/www.enerjigazetesi.ist\/tr\/wp-json\/wp\/v2\/posts\/133971\" class=\"qtranxs-available-language-link qtranxs-available-language-link-tr\" title=\"Turkish\">Turkish<\/a>. For the sake of viewer convenience, the content is shown below in the alternative language. You may click the link to switch the active language.<\/p><p><\/p>\n<h1><strong>T\u00fcrkiye Mermer Do\u011falta\u015f ve Makinalar\u0131 \u00dcreticileri Birli\u011fi\u2019nin (T\u00dcMMER), Fark\u0131ndal\u0131k Art\u0131r\u0131m\u0131 ve Deneyim Payla\u015f\u0131m\u0131 Yoluyla G\u00fcvenli Mermer Ocak \u0130\u015fletmecili\u011fi (T\u00dcMMER Projesi) A\u00e7\u0131l\u0131\u015f Toplant\u0131s\u0131 ger\u00e7ekle\u015ftirildi. Maden sekt\u00f6r\u00fc temsilcilerinin yo\u011fun ilgi g\u00f6sterdi\u011fi a\u00e7\u0131l\u0131\u015f toplant\u0131s\u0131na, T\u00fcrkiye Madenciler Derne\u011fi (TMD) Y\u00f6netim Kurulu Ba\u015fkan\u0131 Ali Emiro\u011flu da kat\u0131l\u0131m g\u00f6sterirken\u00a0<\/strong><strong>\u0130\u015f sa\u011fl\u0131\u011f\u0131 ve g\u00fcvenli\u011fine dikkat \u00e7eken Ali Emiro\u011flu, \u201cMadencilik olmazsa olmaz bir faaliyet. S\u00fcrd\u00fcr\u00fclebilir ve sorumlu madencili\u011fi \u00f6nemsiyoruz. Bunu sa\u011flamak i\u00e7in de i\u015f sa\u011fl\u0131\u011f\u0131 ve g\u00fcvenli\u011fi ba\u015fta olmak \u00fczere, \u00e7evresel sorumluluklar\u0131m\u0131z\u0131 ve madencili\u011fi do\u011fru anlatmay\u0131 en \u00f6nemli kriterler olarak g\u00f6r\u00fcyoruz. \u00a0TMD olarak \u201c\u00f6nce insan\u201d diyoruz. \u0130nsan ve \u00e7evreyi \u00f6nceleyen bir madencilik anlay\u0131\u015f\u0131yla \u00fcretimin s\u00fcrd\u00fcr\u00fclmesini destekliyoruz\u201d dedi.<\/strong><\/h1>\n<div id=\"attachment_133974\" style=\"width: 330px\" class=\"wp-caption alignright\"><img aria-describedby=\"caption-attachment-133974\" loading=\"lazy\" class=\"wp-image-133974\" src=\"https:\/\/www.enerjigazetesi.ist\/wp-content\/uploads\/2021\/04\/emiroglu-onceligimiz-surdurulebilir-ve-sorumlu-madencilik-olmali-2.jpg\" alt=\"\" width=\"320\" height=\"240\" srcset=\"https:\/\/www.enerjigazetesi.ist\/wp-content\/uploads\/2021\/04\/emiroglu-onceligimiz-surdurulebilir-ve-sorumlu-madencilik-olmali-2.jpg 550w, https:\/\/www.enerjigazetesi.ist\/wp-content\/uploads\/2021\/04\/emiroglu-onceligimiz-surdurulebilir-ve-sorumlu-madencilik-olmali-2-300x225.jpg 300w, https:\/\/www.enerjigazetesi.ist\/wp-content\/uploads\/2021\/04\/emiroglu-onceligimiz-surdurulebilir-ve-sorumlu-madencilik-olmali-2-500x375.jpg 500w, https:\/\/www.enerjigazetesi.ist\/wp-content\/uploads\/2021\/04\/emiroglu-onceligimiz-surdurulebilir-ve-sorumlu-madencilik-olmali-2-67x50.jpg 67w\" sizes=\"(max-width: 320px) 100vw, 320px\" \/><p id=\"caption-attachment-133974\" class=\"wp-caption-text\">T\u00dcMMER Y\u00f6netim Kurulu Ba\u015fkan\u0131 \u0130brahim Alimo\u011flu<\/p><\/div>\n<p>Madencilik gibi \u00e7ok riskli kategoride yer alan sekt\u00f6rlerde, i\u015f yerlerinde insan odakl\u0131 \u00e7al\u0131\u015fma ortam\u0131n\u0131n sa\u011flanmas\u0131 ve <strong>i\u015f sa\u011fl\u0131\u011f\u0131 ve g\u00fcvenli\u011fi (\u0130SG) k\u00fclt\u00fcr\u00fc<\/strong>n\u00fcn olu\u015fturulmas\u0131 amac\u0131yla, <strong>\u00c7al\u0131\u015fma Bakanl\u0131\u011f\u0131\u2019nca<\/strong> ba\u015flat\u0131lan hibe program\u0131 kapsam\u0131ndaki <strong>T\u00dcMMER Projesi<\/strong>\u2019nin a\u00e7\u0131l\u0131\u015f toplant\u0131s\u0131 ger\u00e7ekle\u015ftirildi.<\/p>\n<p>T\u00dcMMER Y\u00f6netim Kurulu Ba\u015fkan\u0131 <strong>\u0130brahim Alimo\u011flu<\/strong> ev sahipli\u011finde online olarak ger\u00e7ekle\u015fen toplant\u0131ya, TMD Ba\u015fkan\u0131 Emiro\u011flu\u2019nun yan\u0131 s\u0131ra <em>Maden ve Petrol \u0130\u015fleri Genel M\u00fcd\u00fcr\u00fc<\/em> <strong>Cevat Gen\u00e7<\/strong>, \u0130\u015f Sa\u011fl\u0131\u011f\u0131 ve G\u00fcvenli\u011fi Genel M\u00fcd\u00fcr Yard\u0131mc\u0131lar\u0131 Burhanettin Kurt ile Furkan Y\u0131ld\u0131z, Avrupa Birli\u011fi ve Mali Yard\u0131mlar Daire Ba\u015fkan\u0131 S\u00fcreyya Erkan, <em>T\u00fcrkiye Odalar ve Borsalar Birli\u011fi (TOBB) Madencilik Meclis Ba\u015fkan\u0131<\/em><strong> \u0130brahim Halil<\/strong> K\u0131r\u015fan, Ayd\u0131n Sanayi Odas\u0131 Ba\u015fkan\u0131 Mehmet Yunus \u015eahin, \u0130stanbul Maden \u0130hracat\u00e7\u0131lar\u0131 Birli\u011fi Y\u00f6netim Kurulu Ba\u015fkan\u0131 Ayd\u0131n Din\u00e7er, Ege Maden \u0130hracat\u00e7\u0131lar\u0131 Birli\u011fi Y\u00f6netim Kurulu Ba\u015fkan\u0131 Mevl\u00fct Kaya, madencilik sekt\u00f6r\u00fc sivil toplum kurulu\u015flar\u0131n\u0131n ba\u015fkanlar\u0131 ve \u00e7ok say\u0131da sekt\u00f6r profesyoneli kat\u0131ld\u0131.<\/p>\n<p><strong>T\u00fcrkiye Cumhuriyeti <\/strong>ve<strong> Avrupa Birli\u011fi<\/strong> taraf\u0131ndan finanse edilen <strong>T\u00dcMMER Projesi\u00a0<\/strong>kapsam\u0131nda, Sivas ve Mu\u011fla\u2019da faaliyet g\u00f6steren <strong>50 mermer \u00fcretim i\u015fletmesi<\/strong>nde <strong>360<\/strong> \u00e7al\u0131\u015fan,<strong> 50<\/strong> \u00e7al\u0131\u015fan yak\u0131n\u0131 50 i\u015fveren\/y\u00f6neticiden olu\u015fan bireylere <strong>e\u011fitimler<\/strong> ve <strong>seminerler<\/strong> yoluyla <strong>i\u015f g\u00fcvenli\u011fi<\/strong>, fark\u0131ndal\u0131k ve bilincin art\u0131r\u0131lmas\u0131na y\u00f6nelik etkinlikler d\u00fczenlenecek.<\/p>\n<p><strong>T\u00dcMMER Projesi<\/strong> kapsam\u0131nda mermer \u00fcretici dernekleri arac\u0131l\u0131\u011f\u0131yla<strong> \u0130SG<\/strong>\u2019ye y\u00f6nelik <strong>Ankara\u2019da<\/strong> bir <strong>e\u011fitim merkezi kurulmas\u0131<\/strong> hedefleniyor.<\/p>\n<h2><strong>\u201cS\u00fcrd\u00fcr\u00fclebilir Madencili\u011fi \u00d6nemsiyoruz\u201d<\/strong><\/h2>\n<div id=\"attachment_133973\" style=\"width: 330px\" class=\"wp-caption alignleft\"><img aria-describedby=\"caption-attachment-133973\" loading=\"lazy\" class=\"wp-image-133973\" src=\"https:\/\/www.enerjigazetesi.ist\/wp-content\/uploads\/2021\/04\/emiroglu-onceligimiz-surdurulebilir-ve-sorumlu-madencilik-olmali-1.jpg\" alt=\"\" width=\"320\" height=\"343\" srcset=\"https:\/\/www.enerjigazetesi.ist\/wp-content\/uploads\/2021\/04\/emiroglu-onceligimiz-surdurulebilir-ve-sorumlu-madencilik-olmali-1.jpg 550w, https:\/\/www.enerjigazetesi.ist\/wp-content\/uploads\/2021\/04\/emiroglu-onceligimiz-surdurulebilir-ve-sorumlu-madencilik-olmali-1-280x300.jpg 280w, https:\/\/www.enerjigazetesi.ist\/wp-content\/uploads\/2021\/04\/emiroglu-onceligimiz-surdurulebilir-ve-sorumlu-madencilik-olmali-1-373x400.jpg 373w, https:\/\/www.enerjigazetesi.ist\/wp-content\/uploads\/2021\/04\/emiroglu-onceligimiz-surdurulebilir-ve-sorumlu-madencilik-olmali-1-47x50.jpg 47w, https:\/\/www.enerjigazetesi.ist\/wp-content\/uploads\/2021\/04\/emiroglu-onceligimiz-surdurulebilir-ve-sorumlu-madencilik-olmali-1-500x536.jpg 500w\" sizes=\"(max-width: 320px) 100vw, 320px\" \/><p id=\"caption-attachment-133973\" class=\"wp-caption-text\">TMD Y\u00f6netim Kurulu Ba\u015fkan\u0131 Ali Emiro\u011flu<\/p><\/div>\n<p>Toplant\u0131n\u0131n a\u00e7\u0131l\u0131\u015f\u0131nda konu\u015fan TMD Y\u00f6netim Kurulu Ba\u015fkan\u0131 Ali Emiro\u011flu, madencili\u011fin en zor meslek dallar\u0131ndan biri oldu\u011funu ve ancak bu mesle\u011fe g\u00f6n\u00fcl vermi\u015f ki\u015filer taraf\u0131ndan yap\u0131labilece\u011fini belirterek, \u201cBu faaliyeti do\u011fru y\u00f6netmek i\u00e7in i\u015f sa\u011fl\u0131\u011f\u0131 ve g\u00fcvenli\u011fi ile \u00e7evresel riskler anlam\u0131nda i\u015f verenden y\u00f6neticiye, \u00e7al\u0131\u015fanlardan kamuya herkesin ortak bilin\u00e7le hareket etmesi gerekiyor. S\u00fcrd\u00fcr\u00fclebilir ve sorumlu madencili\u011fi \u00f6nemsiyoruz. Bunun en \u00f6nemli kriteri olarak da i\u015f sa\u011fl\u0131\u011f\u0131 ve g\u00fcvenli\u011fini g\u00f6r\u00fcyoruz. TMD olarak \u2018\u00f6nce insan\u2019 diyoruz. \u0130nsan\u0131, toplumu ve \u00e7evreyi \u00f6nceleyen bir madencilik anlay\u0131\u015f\u0131yla \u00fcretimin s\u00fcrd\u00fcr\u00fclmesini destekliyoruz\u201d ifadelerini kulland\u0131.<\/p>\n<p>T\u00fcrkiye\u2019nin mermer ve do\u011fal ta\u015f a\u00e7\u0131s\u0131ndan zengin renk ve desen \u00e7e\u015fitlili\u011fine sahip oldu\u011funa dikkat \u00e7eken T\u00dcMMER Y\u00f6netim Kurulu Ba\u015fkan\u0131 \u0130brahim Alimo\u011flu ise, <strong>\u201c<\/strong>1985 y\u0131l\u0131nda y\u00fcr\u00fcrl\u00fc\u011fe giren Maden Kanunu, yat\u0131r\u0131mc\u0131lar\u0131n mermer ve do\u011fal ta\u015fa ilgisini art\u0131rd\u0131. Sekt\u00f6r\u00fcm\u00fcz 90\u2019l\u0131 y\u0131llarda canlanmaya ba\u015flad\u0131.\u201d dedi. D\u00fcnyadaki toplam mermer ve do\u011fal ta\u015f \u00fcretiminin y\u00fczde 90\u2019\u0131n\u0131n 10 \u00fclke taraf\u0131ndan yap\u0131ld\u0131\u011f\u0131n\u0131 s\u00f6yleyen \u0130brahim Alimo\u011flu, \u201c\u00dclkemiz bu s\u0131ralamada \u00c7in ve Hindistan\u2019dan sonra \u00fc\u00e7\u00fcnc\u00fcl\u00fckte yer almak i\u00e7in \u0130talya, \u0130ran, Brezilya, \u0130spanya gibi \u00fclkelerle rekabet halinde. Y\u0131ll\u0131k 2 milyar dolar olan ihracat\u0131m\u0131z\u0131n 1 milyar dolar\u0131 blok, 1 milyar dolar\u0131 ise i\u015flenmi\u015f mermerden sa\u011flan\u0131yor\u201d<strong>\u00a0<\/strong>\u015feklinde konu\u015ftu.<\/p>","protected":false},"excerpt":{"rendered":"<p>Sorry, this entry is only available in Turkish. For the sake of viewer convenience, the content is shown below in the alternative language. You may click the link to switch the active language. T\u00fcrkiye Mermer Do\u011falta\u015f ve Makinalar\u0131 \u00dcreticileri Birli\u011fi\u2019nin (T\u00dcMMER), Fark\u0131ndal\u0131k Art\u0131r\u0131m\u0131 ve Deneyim Payla\u015f\u0131m\u0131 Yoluyla G\u00fcvenli Mermer Ocak \u0130\u015fletmecili\u011fi (T\u00dcMMER Projesi) A\u00e7\u0131l\u0131\u015f Toplant\u0131s\u0131 [&hellip;]<\/p>\n","protected":false},"author":1,"featured_media":133976,"comment_status":"open","ping_status":"open","sticky":false,"template":"","format":"standard","meta":[],"categories":[53,24649],"tags":[89787,89786,62425,89784,89785],"views":55,"_links":{"self":[{"href":"https:\/\/www.enerjigazetesi.ist\/en\/wp-json\/wp\/v2\/posts\/133971"}],"collection":[{"href":"https:\/\/www.enerjigazetesi.ist\/en\/wp-json\/wp\/v2\/posts"}],"about":[{"href":"https:\/\/www.enerjigazetesi.ist\/en\/wp-json\/wp\/v2\/types\/post"}],"author":[{"embeddable":true,"href":"https:\/\/www.enerjigazetesi.ist\/en\/wp-json\/wp\/v2\/users\/1"}],"replies":[{"embeddable":true,"href":"https:\/\/www.enerjigazetesi.ist\/en\/wp-json\/wp\/v2\/comments?post=133971"}],"version-history":[{"count":0,"href":"https:\/\/www.enerjigazetesi.ist\/en\/wp-json\/wp\/v2\/posts\/133971\/revisions"}],"wp:featuredmedia":[{"embeddable":true,"href":"https:\/\/www.enerjigazetesi.ist\/en\/wp-json\/wp\/v2\/media\/133976"}],"wp:attachment":[{"href":"https:\/\/www.enerjigazetesi.ist\/en\/wp-json\/wp\/v2\/media?parent=133971"}],"wp:term":[{"taxonomy":"category","embeddable":true,"href":"https:\/\/www.enerjigazetesi.ist\/en\/wp-json\/wp\/v2\/categories?post=133971"},{"taxonomy":"post_tag","embeddable":true,"href":"https:\/\/www.enerjigazetesi.ist\/en\/wp-json\/wp\/v2\/tags?post=133971"}],"curies":[{"name":"wp","href":"https:\/\/api.w.org\/{rel}","templated":true}]}}