{"id":133964,"date":"2021-04-27T14:49:21","date_gmt":"2021-04-27T11:49:21","guid":{"rendered":"https:\/\/www.enerjigazetesi.ist\/?p=133964"},"modified":"2021-04-27T14:49:54","modified_gmt":"2021-04-27T11:49:54","slug":"enerji-calisani-tam-kapanmadan-muaf-olacak","status":"publish","type":"post","link":"https:\/\/www.enerjigazetesi.ist\/en\/enerji-calisani-tam-kapanmadan-muaf-olacak\/","title":{"rendered":"(Turkish) Enerji \u00c7al\u0131\u015fan\u0131 Tam Kapanmadan Muaf Olacak"},"content":{"rendered":"<p class=\"qtranxs-available-languages-message qtranxs-available-languages-message-en\">Sorry, this entry is only available in <a href=\"https:\/\/www.enerjigazetesi.ist\/tr\/wp-json\/wp\/v2\/posts\/133964\" class=\"qtranxs-available-language-link qtranxs-available-language-link-tr\" title=\"Turkish\">Turkish<\/a>. For the sake of viewer convenience, the content is shown below in the alternative language. You may click the link to switch the active language.<\/p><p><\/p>\n<h1>Salg\u0131nla m\u00fccadele kapsam\u0131nda Kabine Toplant\u0131s\u0131 sonras\u0131 yap\u0131lan a\u00e7\u0131klamada, 29 Nisan 2021 Per\u015fembe ak\u015fam\u0131 saat <strong>19.00&#8217;dan<\/strong> ba\u015flayan tam kapanma 17 May\u0131s 2021 Pazartesi sabah\u0131\u00a0<strong>05.00&#8217;e<\/strong> kadar s\u00fcrece\u011fi <img loading=\"lazy\" class=\"alignright wp-image-133966\" src=\"https:\/\/www.enerjigazetesi.ist\/wp-content\/uploads\/2021\/04\/enerji-calisani-tam-kapanmadan-muaf-olacak.jpg\" alt=\"\" width=\"320\" height=\"160\" srcset=\"https:\/\/www.enerjigazetesi.ist\/wp-content\/uploads\/2021\/04\/enerji-calisani-tam-kapanmadan-muaf-olacak.jpg 550w, https:\/\/www.enerjigazetesi.ist\/wp-content\/uploads\/2021\/04\/enerji-calisani-tam-kapanmadan-muaf-olacak-300x150.jpg 300w, https:\/\/www.enerjigazetesi.ist\/wp-content\/uploads\/2021\/04\/enerji-calisani-tam-kapanmadan-muaf-olacak-500x250.jpg 500w, https:\/\/www.enerjigazetesi.ist\/wp-content\/uploads\/2021\/04\/enerji-calisani-tam-kapanmadan-muaf-olacak-80x40.jpg 80w\" sizes=\"(max-width: 320px) 100vw, 320px\" \/>belirtildi.<\/h1>\n<p><strong>Enerji sekt\u00f6r\u00fcnde<\/strong> g\u00f6rev yapan <strong>i\u015fletme \u00e7al\u0131\u015fanlar\u0131<\/strong> istisna kapsam\u0131nda oldu\u011funu <strong>belgeleyerek muafiyet<\/strong> nedeni ve <strong>g\u00fczergah\u0131<\/strong> ile s\u0131n\u0131rl\u0131 tutulmak sureti ile<strong> muafiyet d\u0131\u015f\u0131nda<\/strong> olacakt\u0131r.<\/p>\n<p><em>Akaryak\u0131t istasyonu, lastik tamircisi ve \u00e7al\u0131\u015fanlar\u0131<\/em>;<strong> do\u011falgaz, elektrik, petrol alan\u0131nda<\/strong> stratejik faaliyetlerini y\u00fcr\u00fcten b\u00fcy\u00fck <strong>tesis<\/strong> ve <strong>i\u015fletmelerin\u00a0<\/strong>\u00e7al\u0131\u015fanlar\u0131; <em>elektrik, su, do\u011falgaz,<\/em> gibi\u00a0kesinti ya\u015fanmamas\u0131 gereken <strong>iletim<\/strong> ve <strong>altyap\u0131 sistemlerinin s\u00fcrd\u00fcr\u00fclmesi<\/strong> ve<strong> ar\u0131zalar\u0131n\u0131n giderilmesi<\/strong>nde<strong> g\u00f6revli olanlar<\/strong> ile <strong>servis hizmeti vermek<\/strong> i\u00e7in g\u00f6revde oldu\u011funu<strong> belgeleyenler<\/strong> <strong>k\u0131s\u0131tlamadan muaf tutulacakt\u0131r.<\/strong><\/p>","protected":false},"excerpt":{"rendered":"<p>Sorry, this entry is only available in Turkish. For the sake of viewer convenience, the content is shown below in the alternative language. You may click the link to switch the active language. Salg\u0131nla m\u00fccadele kapsam\u0131nda Kabine Toplant\u0131s\u0131 sonras\u0131 yap\u0131lan a\u00e7\u0131klamada, 29 Nisan 2021 Per\u015fembe ak\u015fam\u0131 saat 19.00&#8217;dan ba\u015flayan tam kapanma 17 May\u0131s 2021 Pazartesi [&hellip;]<\/p>\n","protected":false},"author":1,"featured_media":133966,"comment_status":"open","ping_status":"open","sticky":false,"template":"","format":"standard","meta":[],"categories":[46,51,53,44],"tags":[89783,53114,52259,89782,89781],"views":85,"_links":{"self":[{"href":"https:\/\/www.enerjigazetesi.ist\/en\/wp-json\/wp\/v2\/posts\/133964"}],"collection":[{"href":"https:\/\/www.enerjigazetesi.ist\/en\/wp-json\/wp\/v2\/posts"}],"about":[{"href":"https:\/\/www.enerjigazetesi.ist\/en\/wp-json\/wp\/v2\/types\/post"}],"author":[{"embeddable":true,"href":"https:\/\/www.enerjigazetesi.ist\/en\/wp-json\/wp\/v2\/users\/1"}],"replies":[{"embeddable":true,"href":"https:\/\/www.enerjigazetesi.ist\/en\/wp-json\/wp\/v2\/comments?post=133964"}],"version-history":[{"count":0,"href":"https:\/\/www.enerjigazetesi.ist\/en\/wp-json\/wp\/v2\/posts\/133964\/revisions"}],"wp:featuredmedia":[{"embeddable":true,"href":"https:\/\/www.enerjigazetesi.ist\/en\/wp-json\/wp\/v2\/media\/133966"}],"wp:attachment":[{"href":"https:\/\/www.enerjigazetesi.ist\/en\/wp-json\/wp\/v2\/media?parent=133964"}],"wp:term":[{"taxonomy":"category","embeddable":true,"href":"https:\/\/www.enerjigazetesi.ist\/en\/wp-json\/wp\/v2\/categories?post=133964"},{"taxonomy":"post_tag","embeddable":true,"href":"https:\/\/www.enerjigazetesi.ist\/en\/wp-json\/wp\/v2\/tags?post=133964"}],"curies":[{"name":"wp","href":"https:\/\/api.w.org\/{rel}","templated":true}]}}