{"id":133840,"date":"2021-04-26T10:34:41","date_gmt":"2021-04-26T07:34:41","guid":{"rendered":"https:\/\/www.enerjigazetesi.ist\/?p=133840"},"modified":"2021-04-26T10:35:27","modified_gmt":"2021-04-26T07:35:27","slug":"aydem-yenilenebilir-enerji-son-3-yilin-en-buyuk-halka-arzina-imza-atti","status":"publish","type":"post","link":"https:\/\/www.enerjigazetesi.ist\/en\/aydem-yenilenebilir-enerji-son-3-yilin-en-buyuk-halka-arzina-imza-atti\/","title":{"rendered":"(Turkish) &#8217;Aydem Yenilenebilir Enerji&#8217; Son 3 Y\u0131l\u0131n En B\u00fcy\u00fck Halka Arz\u0131na \u0130mza Att\u0131"},"content":{"rendered":"<p class=\"qtranxs-available-languages-message qtranxs-available-languages-message-en\">Sorry, this entry is only available in <a href=\"https:\/\/www.enerjigazetesi.ist\/tr\/wp-json\/wp\/v2\/posts\/133840\" class=\"qtranxs-available-language-link qtranxs-available-language-link-tr\" title=\"Turkish\">Turkish<\/a>. For the sake of viewer convenience, the content is shown below in the alternative language. You may click the link to switch the active language.<\/p><p><\/p>\n<h1><strong>T\u00fcrkiye\u2019nin %100 yenilenebilir kaynaklardan enerji \u00fcreten en b\u00fcy\u00fck \u015firketi Aydem Yenilenebilir Enerji\u2019nin halka arz\u0131nda 5 kat talep topland\u0131 ve 1,3 milyar T\u00fcrk Liras\u0131 i\u015flem b\u00fcy\u00fckl\u00fc\u011f\u00fcyle son 3 y\u0131l\u0131n en b\u00fcy\u00fck halka arz\u0131 ger\u00e7ekle\u015ftirildi.\u00a0<\/strong><strong>Bireysel yat\u0131r\u0131mc\u0131n\u0131n 10 kat talep ile yo\u011fun ilgi g\u00f6sterdi\u011fi talep toplama s\u00fcreci sonucunda halka arz fiyat\u0131 9,90 TL olarak belirlendi.<\/strong><\/h1>\n<p>Konsorsiyum liderli\u011fini <strong>Garanti BBVA Yat\u0131r\u0131m, \u0130\u015f Yat\u0131r\u0131m, T\u00fcrkiye Kalk\u0131nma ve Yat\u0131r\u0131m Bankas\u0131<\/strong> ile <strong>Yap\u0131 Kredi Yat\u0131r\u0131m\u2019\u0131n<\/strong> \u00fcstlendi\u011fi; <strong>Halk Yat\u0131r\u0131m, Vak\u0131f Yat\u0131r\u0131m ve Ziraat <img loading=\"lazy\" class=\"alignright wp-image-133842\" src=\"https:\/\/www.enerjigazetesi.ist\/wp-content\/uploads\/2021\/04\/aydem-yenilenebilir-enerji-son-3-yilin-en-buyuk-halka-arzina-imza-atti-2.jpg\" alt=\"\" width=\"320\" height=\"214\" srcset=\"https:\/\/www.enerjigazetesi.ist\/wp-content\/uploads\/2021\/04\/aydem-yenilenebilir-enerji-son-3-yilin-en-buyuk-halka-arzina-imza-atti-2.jpg 550w, https:\/\/www.enerjigazetesi.ist\/wp-content\/uploads\/2021\/04\/aydem-yenilenebilir-enerji-son-3-yilin-en-buyuk-halka-arzina-imza-atti-2-300x200.jpg 300w, https:\/\/www.enerjigazetesi.ist\/wp-content\/uploads\/2021\/04\/aydem-yenilenebilir-enerji-son-3-yilin-en-buyuk-halka-arzina-imza-atti-2-500x334.jpg 500w, https:\/\/www.enerjigazetesi.ist\/wp-content\/uploads\/2021\/04\/aydem-yenilenebilir-enerji-son-3-yilin-en-buyuk-halka-arzina-imza-atti-2-75x50.jpg 75w, https:\/\/www.enerjigazetesi.ist\/wp-content\/uploads\/2021\/04\/aydem-yenilenebilir-enerji-son-3-yilin-en-buyuk-halka-arzina-imza-atti-2-450x300.jpg 450w\" sizes=\"(max-width: 320px) 100vw, 320px\" \/>Yat\u0131r\u0131m\u2019\u0131n<\/strong> e\u015f liderler olarak g\u00f6rev ald\u0131\u011f\u0131 <strong>Aydem Yenilenebilir Enerji<\/strong>\u2019nin halka arz\u0131 i\u00e7in <strong>19-22 Nisan 2021<\/strong> tarihlerinde ger\u00e7ekle\u015ftirilen talep toplama sonucunda, toplam <strong>338.548<\/strong> yat\u0131r\u0131mc\u0131dan <strong>586.426.281 lot<\/strong> talep geldi. Toplamda <strong>5 kat<\/strong> talep topland\u0131 ve <strong>halka arz fiyat\u0131 9,90 TL<\/strong> olarak belirlendi.<\/p>\n<p>Halka arzda planlanan <strong>% 18<\/strong>\u2019lik ek sat\u0131\u015f hakk\u0131n\u0131n da kullan\u0131lmas\u0131 ile birlikte toplam <strong>halka arz b\u00fcy\u00fckl\u00fc\u011f\u00fc<\/strong> <em>1,3 milyar T\u00fcrk Liras\u0131<\/em> oldu. B\u00f6ylelikle <strong>Aydem Yenilenebilir Enerji<\/strong>, yap\u0131ld\u0131\u011f\u0131 tarih itibar\u0131yla <strong>son 3 y\u0131l\u0131n<\/strong> en b\u00fcy\u00fck <strong>halka arz\u0131n\u0131<\/strong> ger\u00e7ekle\u015ftirdi.<\/p>\n<h2><strong>K\u00fcpeli: \u201cHedefimiz, 5 y\u0131l i\u00e7erisinde portf\u00f6y\u00fcm\u00fcz\u00fcn g\u00fcc\u00fcn\u00fc iki kat\u0131na \u00e7\u0131karmak\u201d<\/strong><\/h2>\n<p>Aydem Yenilenebilir Enerji\u2019nin sa\u011flam ve s\u00fcrd\u00fcr\u00fclebilir i\u015f modelinin yat\u0131r\u0131mc\u0131da kar\u015f\u0131l\u0131k buldu\u011funu belirten <strong>Aydem Enerji CEO\u2019su ve Aydem Yenilenebilir Enerji Y\u00f6netim Kurulu Ba\u015fkan\u0131 \u0130dris K\u00fcpeli<\/strong> \u015f\u00f6yle konu\u015ftu; <em>\u201cYat\u0131r\u0131mc\u0131lar\u0131n, \u015firketimizin g\u00fc\u00e7l\u00fc yap\u0131s\u0131na ve portf\u00f6y\u00fcne g\u00f6sterdi\u011fi g\u00fcven sayesinde son \u00fc\u00e7 y\u0131l\u0131n en b\u00fcy\u00fck halka arz\u0131na imza att\u0131k. \u015eimdi \u00e7ok daha b\u00fcy\u00fck bir aile olarak, <strong>k\u00e2rl\u0131<\/strong> ve <strong>g\u00fc\u00e7l\u00fc b\u00fcy\u00fcmemizi<\/strong> s\u00fcrd\u00fcrece\u011fiz. Hedefimiz, <strong>5 y\u0131l i\u00e7erisinde<\/strong> portf\u00f6y\u00fcm\u00fcz\u00fcn g\u00fcc\u00fcn\u00fc <strong>2 kat\u0131na<\/strong> \u00e7\u0131karmak. Ba\u015fta <strong>hibrit santral yat\u0131r\u0131mlar\u0131m\u0131z<\/strong> olmak \u00fczere,<strong> yenilenebilir yat\u0131r\u0131mlar\u0131m\u0131za<\/strong> odaklanarak, bu hedefimize kararl\u0131l\u0131kla ula\u015faca\u011f\u0131z.\u201d<\/em><\/p>\n<p><strong>Aydem Yenilenebilir Enerji A.\u015e.<\/strong> paylar\u0131n\u0131n <strong>AYDEM<\/strong> kodu ile<strong> 29 Nisan 2021 Per\u015fembe<\/strong> g\u00fcn\u00fc, <strong>Borsa \u0130stanbul\u2019da<\/strong> i\u015flem g\u00f6rmeye ba\u015flamas\u0131 bekleniyor.<\/p>","protected":false},"excerpt":{"rendered":"<p>Sorry, this entry is only available in Turkish. For the sake of viewer convenience, the content is shown below in the alternative language. You may click the link to switch the active language. T\u00fcrkiye\u2019nin %100 yenilenebilir kaynaklardan enerji \u00fcreten en b\u00fcy\u00fck \u015firketi Aydem Yenilenebilir Enerji\u2019nin halka arz\u0131nda 5 kat talep topland\u0131 ve 1,3 milyar T\u00fcrk [&hellip;]<\/p>\n","protected":false},"author":1,"featured_media":133843,"comment_status":"open","ping_status":"open","sticky":false,"template":"","format":"standard","meta":[],"categories":[51,53],"tags":[89647,89335,19389,89646,16273,54979,89645],"views":94,"_links":{"self":[{"href":"https:\/\/www.enerjigazetesi.ist\/en\/wp-json\/wp\/v2\/posts\/133840"}],"collection":[{"href":"https:\/\/www.enerjigazetesi.ist\/en\/wp-json\/wp\/v2\/posts"}],"about":[{"href":"https:\/\/www.enerjigazetesi.ist\/en\/wp-json\/wp\/v2\/types\/post"}],"author":[{"embeddable":true,"href":"https:\/\/www.enerjigazetesi.ist\/en\/wp-json\/wp\/v2\/users\/1"}],"replies":[{"embeddable":true,"href":"https:\/\/www.enerjigazetesi.ist\/en\/wp-json\/wp\/v2\/comments?post=133840"}],"version-history":[{"count":0,"href":"https:\/\/www.enerjigazetesi.ist\/en\/wp-json\/wp\/v2\/posts\/133840\/revisions"}],"wp:featuredmedia":[{"embeddable":true,"href":"https:\/\/www.enerjigazetesi.ist\/en\/wp-json\/wp\/v2\/media\/133843"}],"wp:attachment":[{"href":"https:\/\/www.enerjigazetesi.ist\/en\/wp-json\/wp\/v2\/media?parent=133840"}],"wp:term":[{"taxonomy":"category","embeddable":true,"href":"https:\/\/www.enerjigazetesi.ist\/en\/wp-json\/wp\/v2\/categories?post=133840"},{"taxonomy":"post_tag","embeddable":true,"href":"https:\/\/www.enerjigazetesi.ist\/en\/wp-json\/wp\/v2\/tags?post=133840"}],"curies":[{"name":"wp","href":"https:\/\/api.w.org\/{rel}","templated":true}]}}