{"id":133813,"date":"2021-04-26T08:05:54","date_gmt":"2021-04-26T05:05:54","guid":{"rendered":"https:\/\/www.enerjigazetesi.ist\/?p=133813"},"modified":"2021-04-26T08:06:18","modified_gmt":"2021-04-26T05:06:18","slug":"cocuklar-surdurulebilir-gelecegimizi-konustu","status":"publish","type":"post","link":"https:\/\/www.enerjigazetesi.ist\/en\/cocuklar-surdurulebilir-gelecegimizi-konustu\/","title":{"rendered":"(Turkish) \u00c7ocuklar S\u00fcrd\u00fcr\u00fclebilir Gelece\u011fimizi Konu\u015ftu"},"content":{"rendered":"<p class=\"qtranxs-available-languages-message qtranxs-available-languages-message-en\">Sorry, this entry is only available in <a href=\"https:\/\/www.enerjigazetesi.ist\/tr\/wp-json\/wp\/v2\/posts\/133813\" class=\"qtranxs-available-language-link qtranxs-available-language-link-tr\" title=\"Turkish\">Turkish<\/a>. For the sake of viewer convenience, the content is shown below in the alternative language. You may click the link to switch the active language.<\/p><p><\/p>\n<h1><strong>23 Nisan\u2019da SEDA\u015e taraf\u0131ndan d\u00fczenlenen\u201c S\u00fcrd\u00fcr\u00fclebilir Gelecek\u201d temal\u0131 webinarda gelece\u011fin mimar\u0131 \u00e7ocuklarla S\u00fcrd\u00fcr\u00fclebilir Kalk\u0131nma Ama\u00e7lar\u0131 konu\u015fuldu. <\/strong><\/h1>\n<p><strong>COVID-19 salg\u0131n\u0131<\/strong> nedeniyle <strong>23 Nisan co\u015fkusu<\/strong> dijital platformlara ta\u015f\u0131nd\u0131.<strong> Kocaeli, Sakarya, Bolu<\/strong> ve <strong>D\u00fczce<\/strong>\u2019de <strong>1,9 milyon aboneye<\/strong> enerji hizmeti sa\u011flayan <strong>Sakarya Elektrik Da\u011f\u0131t\u0131m A.\u015e.<\/strong>\u2019nin\u00a0 (SEDA\u015e) 23 Nisan Ulusal Egemenlik ve \u00c7ocuk Bayram\u0131\u2019nda d\u00fczenledi\u011fi webinarda;\u00a0 \u00e7ocuklar <strong>Birle\u015fmi\u015f Milletler S\u00fcrd\u00fcr\u00fclebilir Kalk\u0131nma Ama\u00e7lar\u0131<\/strong>n\u0131 ve gelece\u011fin d\u00fcnyas\u0131n\u0131 konu\u015ftu.<\/p>\n<h2><strong>\u00c7ocuklar\u0131n Gelecek Hayalleri <\/strong><\/h2>\n<p><strong>Yoksullukla M\u00fccadele<\/strong>\u2019den <strong>\u0130klim Eylemi<\/strong>\u2019ne kadar bir\u00e7ok konunun yer ald\u0131\u011f\u0131 webinar \u00f6ncesinde ara\u015ft\u0131rma yapan \u00e7ocuklar; bilgileriyle hayal d\u00fcnyalar\u0131n\u0131 birle\u015ftirerek <strong>gelece\u011fe y\u00f6nelik eylem planlar\u0131<\/strong>n\u0131 ve \u00f6nerilerini dile getirdi. Duyarl\u0131l\u0131klar\u0131yla dikkat \u00e7eken \u00e7ocuklar; gelecekte <strong>ya\u015fanabilir bir d\u00fcnya yaratmak<\/strong> i\u00e7in s\u00fcrd\u00fcr\u00fclebilirlik ama\u00e7lar\u0131n\u0131n birer temsilcisi oldu.<\/p>\n<p><strong>\u00c7ocuklar\u0131n geli\u015fimini<\/strong> destekleyen <strong>webinar<\/strong> veliler taraf\u0131ndan da b\u00fcy\u00fck ilgi g\u00f6rd\u00fc. Ebeveynler; pandemi k\u0131s\u0131tlamas\u0131na ra\u011fmen <strong>23 Nisan heyecan\u0131n\u0131n<\/strong> evlerinde hissedilmesine vesile olan ve \u00e7ocuklar\u0131n <strong>yeni bir bak\u0131\u015f a\u00e7\u0131s\u0131 kazanmas\u0131na<\/strong> yard\u0131mc\u0131 olan etkinlik i\u00e7in te\u015fekk\u00fcrlerini dile getirdiler.<\/p>\n<p style=\"text-align: center;\"><iframe loading=\"lazy\" title=\"YouTube video player\" src=\"https:\/\/www.youtube.com\/embed\/1M0QlZJWnX0\" width=\"560\" height=\"315\" frameborder=\"0\" allowfullscreen=\"allowfullscreen\"><\/iframe><\/p>\n<p><\/p>","protected":false},"excerpt":{"rendered":"<p>Sorry, this entry is only available in Turkish. For the sake of viewer convenience, the content is shown below in the alternative language. You may click the link to switch the active language. 23 Nisan\u2019da SEDA\u015e taraf\u0131ndan d\u00fczenlenen\u201c S\u00fcrd\u00fcr\u00fclebilir Gelecek\u201d temal\u0131 webinarda gelece\u011fin mimar\u0131 \u00e7ocuklarla S\u00fcrd\u00fcr\u00fclebilir Kalk\u0131nma Ama\u00e7lar\u0131 konu\u015fuldu. COVID-19 salg\u0131n\u0131 nedeniyle 23 Nisan co\u015fkusu [&hellip;]<\/p>\n","protected":false},"author":1,"featured_media":133816,"comment_status":"open","ping_status":"open","sticky":false,"template":"","format":"standard","meta":[],"categories":[51,53],"tags":[53114,80389,64561,59867,57125],"views":57,"_links":{"self":[{"href":"https:\/\/www.enerjigazetesi.ist\/en\/wp-json\/wp\/v2\/posts\/133813"}],"collection":[{"href":"https:\/\/www.enerjigazetesi.ist\/en\/wp-json\/wp\/v2\/posts"}],"about":[{"href":"https:\/\/www.enerjigazetesi.ist\/en\/wp-json\/wp\/v2\/types\/post"}],"author":[{"embeddable":true,"href":"https:\/\/www.enerjigazetesi.ist\/en\/wp-json\/wp\/v2\/users\/1"}],"replies":[{"embeddable":true,"href":"https:\/\/www.enerjigazetesi.ist\/en\/wp-json\/wp\/v2\/comments?post=133813"}],"version-history":[{"count":0,"href":"https:\/\/www.enerjigazetesi.ist\/en\/wp-json\/wp\/v2\/posts\/133813\/revisions"}],"wp:featuredmedia":[{"embeddable":true,"href":"https:\/\/www.enerjigazetesi.ist\/en\/wp-json\/wp\/v2\/media\/133816"}],"wp:attachment":[{"href":"https:\/\/www.enerjigazetesi.ist\/en\/wp-json\/wp\/v2\/media?parent=133813"}],"wp:term":[{"taxonomy":"category","embeddable":true,"href":"https:\/\/www.enerjigazetesi.ist\/en\/wp-json\/wp\/v2\/categories?post=133813"},{"taxonomy":"post_tag","embeddable":true,"href":"https:\/\/www.enerjigazetesi.ist\/en\/wp-json\/wp\/v2\/tags?post=133813"}],"curies":[{"name":"wp","href":"https:\/\/api.w.org\/{rel}","templated":true}]}}