{"id":133790,"date":"2021-04-25T11:58:31","date_gmt":"2021-04-25T08:58:31","guid":{"rendered":"https:\/\/www.enerjigazetesi.ist\/?p=133790"},"modified":"2021-04-25T12:02:00","modified_gmt":"2021-04-25T09:02:00","slug":"cocuk-korolari-candan-ercetinle-23-nisan-icin-soyledi","status":"publish","type":"post","link":"https:\/\/www.enerjigazetesi.ist\/en\/cocuk-korolari-candan-ercetinle-23-nisan-icin-soyledi\/","title":{"rendered":"(Turkish) \u00c7ocuk Korolar\u0131 Candan Er\u00e7etin\u2019le 23 Nisan \u0130\u00e7in S\u00f6yledi!"},"content":{"rendered":"<p class=\"qtranxs-available-languages-message qtranxs-available-languages-message-en\">Sorry, this entry is only available in <a href=\"https:\/\/www.enerjigazetesi.ist\/tr\/wp-json\/wp\/v2\/posts\/133790\" class=\"qtranxs-available-language-link qtranxs-available-language-link-tr\" title=\"Turkish\">Turkish<\/a>. For the sake of viewer convenience, the content is shown below in the alternative language. You may click the link to switch the active language.<\/p><p><\/p>\n<h1><strong>Sesler \u201cSevgiyle\u201d bulu\u015ftu&#8230;<\/strong><\/h1>\n<p>L\u00fcleburgaz Belediyesi <strong>23 Nisan Ulusal Egemenlik ve \u00c7ocuk Bayram\u0131<\/strong> ile <strong>30. Uluslararas\u0131 \u00c7ocuk \u015eenli\u011fi<\/strong> kapsam\u0131nda sevilen sanat\u00e7\u0131 Candan Er\u00e7etin\u2019le birlikte <strong>\u201cSevgiyle Bulu\u015fan Sesler\u201d projesi<\/strong>ni hayata ge\u00e7irdi. <strong>Candan Er\u00e7etin<\/strong>, <strong>L\u00fcleburgaz Belediyesi \u00c7ok Sesli \u00c7ocuk ve Sevgi <img loading=\"lazy\" class=\"alignright wp-image-133793\" src=\"https:\/\/www.enerjigazetesi.ist\/wp-content\/uploads\/2021\/04\/cocuk-korolari-candan-ercetinle-23-nisan-icin-soyledi-2.jpg\" alt=\"\" width=\"340\" height=\"191\" srcset=\"https:\/\/www.enerjigazetesi.ist\/wp-content\/uploads\/2021\/04\/cocuk-korolari-candan-ercetinle-23-nisan-icin-soyledi-2.jpg 550w, https:\/\/www.enerjigazetesi.ist\/wp-content\/uploads\/2021\/04\/cocuk-korolari-candan-ercetinle-23-nisan-icin-soyledi-2-300x169.jpg 300w, https:\/\/www.enerjigazetesi.ist\/wp-content\/uploads\/2021\/04\/cocuk-korolari-candan-ercetinle-23-nisan-icin-soyledi-2-500x281.jpg 500w, https:\/\/www.enerjigazetesi.ist\/wp-content\/uploads\/2021\/04\/cocuk-korolari-candan-ercetinle-23-nisan-icin-soyledi-2-80x45.jpg 80w\" sizes=\"(max-width: 340px) 100vw, 340px\" \/>Korosu<\/strong> ile T\u00fcrkiye\u2019nin d\u00f6rt bir yan\u0131ndaki \u00e7ocuklar\u0131yla birlikte<strong> \u201cBir D\u00fcnya B\u0131rak\u0131n\u201d<\/strong> eserini seslendirdi. <strong>L\u00fcleburgaz Belediyesi<\/strong> sosyal medya hesaplar\u0131ndan <strong>yay\u0131nlanan video k\u0131sa s\u00fcrede<\/strong> \u00e7ok say\u0131da ki\u015fi taraf\u0131ndan be\u011fenildi.<\/p>\n<p>L\u00fcleburgaz Belediyesi \u00f6nc\u00fcl\u00fc\u011f\u00fcnde d\u00fczenlenen<strong> \u201cSevgiyle Bulu\u015fan Sesler\u201d<\/strong> etkinli\u011finde T\u00fcrkiye\u2019nin d\u00f6rt bir yan\u0131ndaki \u00e7ocuk korolar\u0131 Candan Er\u00e7etin\u2019le birlikte biraraya geldi. <strong>\u00c7evrim i\u00e7i d\u00fczenlenen<\/strong> etkinlikte T\u00fcrkiye\u2019nin farkl\u0131 b\u00f6lgelerindeki \u00e7ocuk korolar\u0131yla birlikte s\u00f6zlerinin <strong>Adnan \u00c7akmak\u00e7\u0131o\u011flu<\/strong>, bestesinin <strong>Salih Aydo\u011fan\u2019a<\/strong> ait oldu\u011fu<strong> \u201cBir D\u00fcnya B\u0131rak\u0131n\u201d \u015fark\u0131s\u0131<\/strong> i\u00e7in klip \u00e7ekildi. Klip <strong>22 Nisan saat 19.20\u2019de<\/strong> L\u00fcleburgaz Belediyesi sosyal medya hesaplar\u0131ndan yay\u0131nland\u0131.<\/p>\n<h2><strong>Adana\u2019dan L\u00fcleburgaz\u2019a, Artvin\u2019den \u0130zmir\u2019e\u2026<\/strong><\/h2>\n<p>L\u00fcleburgaz Belediyesi\u2019nin katk\u0131lar\u0131yla ger\u00e7ekle\u015ftirilen <strong>\u201cSevgiyle Bulu\u015fan Sesler\u201d projesinde<\/strong> <strong>\u0130zmir\u2019den Trabzon\u2019a, Denizli\u2019den Artvin\u2019e<\/strong> kadar T\u00fcrkiye\u2019nin d\u00f6rt bir yan\u0131ndaki 10 koro \u00e7evrim i\u00e7i biraraya geldi. Seslendirilen eserlerde \u00e7ocuklar Candan Er\u00e7etin\u2019le birlikte \u015fark\u0131 s\u00f6ylerken ortaya bayram co\u015fkusunu yans\u0131tan renkli g\u00f6r\u00fcnt\u00fcler \u00e7\u0131kt\u0131.<\/p>\n<h2><strong>19.20\u2019de ulusal egemenli\u011fe ithafen<\/strong><\/h2>\n<p>T\u00fcrkiye\u2019nin \u00f6nemli sanat\u00e7\u0131lar\u0131ndan Candan Er\u00e7etin\u2019in i\u00e7inde yer ald\u0131\u011f\u0131 \u201cSevgiyle Bulu\u015fan Sesler\u201d \u00e7al\u0131\u015fmas\u0131 <strong>22 Nisan<\/strong> g\u00fcn\u00fc T\u00fcrkiye B\u00fcy\u00fck Millet Meclisi\u2019nin kurularak<strong> ulusal egemenli\u011fin tesis edildi\u011fi<\/strong> tarihe ithafen saat <strong>19.20\u2019de<\/strong> L\u00fcleburgaz Belediyesi sosyal medya hesaplar\u0131ndan yay\u0131nland\u0131. Yakla\u015f\u0131k <strong>5 dakika<\/strong> s\u00fcren konser b\u00fcy\u00fck bir be\u011feni toplad\u0131.<\/p>\n<h2><strong>\u00c7ekimler 1 ay s\u00fcrd\u00fc<\/strong><\/h2>\n<p>L\u00fcleburgaz Belediyesi\u2019nin ger\u00e7ekle\u015ftirdi\u011fi \u00e7ekimler ise tam 1 ay s\u00fcrd\u00fc. Bir ay boyunca birbirleriyle koordineli bir \u015fekilde \u00e7al\u0131\u015fan korolar, ortaya en iyi \u00e7al\u0131\u015fmak i\u00e7in yo\u011fun bir \u00e7al\u0131\u015fma i\u00e7erisinde bulundu. Sevgiyle Bulu\u015fan Sesler projesinde yer alan korolar ise \u015f\u00f6yle; <em>Artvin \u00c7ocuk Korosu, Ayval\u0131k Zeytin \u00c7ekirdekleri Korosu, \u00c7anakkale \u0130stek 1915 \u00c7anakkale Okullar\u0131 Korosu, \u00c7ukurova \u00dcniversitesi Devlet Konservatuvar\u0131 Korosu, Denizli Pamukkale E\u011fitim Vakf\u0131 \u00d6zel Pev Okullar\u0131 \u00c7ocuk Korosu, \u0130zmir \u0130nci Vakf\u0131 \u00c7ocuk Orkestras\u0131, \u0130zmir Kemalpa\u015fa 15 Temmuz Demokrasi \u015eehitleri Ortaokulu Korosu, \u0130zmir \u00d6demi\u015f Belediye \u00c7ocuk Korosu, L\u00fcleburgaz Belediyesi \u00c7ok Sesli \u00c7ocuk ve Sevgi Korosu, Trabzon Be\u015firli \u0130MKB Ortaokulu Korusu.<\/em><\/p>\n<p style=\"text-align: center;\"><iframe loading=\"lazy\" title=\"YouTube video player\" src=\"https:\/\/www.youtube.com\/embed\/efC3yR5MpXY\" width=\"560\" height=\"315\" frameborder=\"0\" allowfullscreen=\"allowfullscreen\"><\/iframe><\/p>\n<p><\/p>","protected":false},"excerpt":{"rendered":"<p>Sorry, this entry is only available in Turkish. For the sake of viewer convenience, the content is shown below in the alternative language. You may click the link to switch the active language. Sesler \u201cSevgiyle\u201d bulu\u015ftu&#8230; L\u00fcleburgaz Belediyesi 23 Nisan Ulusal Egemenlik ve \u00c7ocuk Bayram\u0131 ile 30. Uluslararas\u0131 \u00c7ocuk \u015eenli\u011fi kapsam\u0131nda sevilen sanat\u00e7\u0131 Candan Er\u00e7etin\u2019le [&hellip;]<\/p>\n","protected":false},"author":1,"featured_media":133794,"comment_status":"open","ping_status":"open","sticky":false,"template":"","format":"standard","meta":[],"categories":[53],"tags":[89631,89623,89628,89630,89629,84103],"views":127,"_links":{"self":[{"href":"https:\/\/www.enerjigazetesi.ist\/en\/wp-json\/wp\/v2\/posts\/133790"}],"collection":[{"href":"https:\/\/www.enerjigazetesi.ist\/en\/wp-json\/wp\/v2\/posts"}],"about":[{"href":"https:\/\/www.enerjigazetesi.ist\/en\/wp-json\/wp\/v2\/types\/post"}],"author":[{"embeddable":true,"href":"https:\/\/www.enerjigazetesi.ist\/en\/wp-json\/wp\/v2\/users\/1"}],"replies":[{"embeddable":true,"href":"https:\/\/www.enerjigazetesi.ist\/en\/wp-json\/wp\/v2\/comments?post=133790"}],"version-history":[{"count":0,"href":"https:\/\/www.enerjigazetesi.ist\/en\/wp-json\/wp\/v2\/posts\/133790\/revisions"}],"wp:featuredmedia":[{"embeddable":true,"href":"https:\/\/www.enerjigazetesi.ist\/en\/wp-json\/wp\/v2\/media\/133794"}],"wp:attachment":[{"href":"https:\/\/www.enerjigazetesi.ist\/en\/wp-json\/wp\/v2\/media?parent=133790"}],"wp:term":[{"taxonomy":"category","embeddable":true,"href":"https:\/\/www.enerjigazetesi.ist\/en\/wp-json\/wp\/v2\/categories?post=133790"},{"taxonomy":"post_tag","embeddable":true,"href":"https:\/\/www.enerjigazetesi.ist\/en\/wp-json\/wp\/v2\/tags?post=133790"}],"curies":[{"name":"wp","href":"https:\/\/api.w.org\/{rel}","templated":true}]}}