{"id":133780,"date":"2021-04-25T11:31:11","date_gmt":"2021-04-25T08:31:11","guid":{"rendered":"https:\/\/www.enerjigazetesi.ist\/?p=133780"},"modified":"2021-04-25T11:31:11","modified_gmt":"2021-04-25T08:31:11","slug":"hayatinin-askini-bulmanin-yolu-cevreye-duyarli-olmaktan-geciyor","status":"publish","type":"post","link":"https:\/\/www.enerjigazetesi.ist\/en\/hayatinin-askini-bulmanin-yolu-cevreye-duyarli-olmaktan-geciyor\/","title":{"rendered":"(Turkish) Hayat\u0131n\u0131n A\u015fk\u0131n\u0131 Bulman\u0131n Yolu \u00c7evreye Duyarl\u0131 Olmaktan Ge\u00e7iyor"},"content":{"rendered":"<p class=\"qtranxs-available-languages-message qtranxs-available-languages-message-en\">Sorry, this entry is only available in <a href=\"https:\/\/www.enerjigazetesi.ist\/tr\/wp-json\/wp\/v2\/posts\/133780\" class=\"qtranxs-available-language-link qtranxs-available-language-link-tr\" title=\"Turkish\">Turkish<\/a>. For the sake of viewer convenience, the content is shown below in the alternative language. You may click the link to switch the active language.<\/p><p><\/p>\n<h1><strong>D\u00fcnya G\u00fcn\u00fc kapsam\u0131nda kullan\u0131c\u0131lar\u0131n\u0131n iklim de\u011fi\u015fikli\u011fi konusundaki yakla\u015f\u0131m\u0131n\u0131 mercek alt\u0131na al\u0131n\u0131rken 7.5 milyonu a\u015fk\u0131n yan\u0131t\u0131 incelendi. Verilere g\u00f6re yeni nesil d\u00fcnyan\u0131n gelece\u011finden endi\u015fe duyuyor ve daha sorumlu davran\u0131yor. Peki T\u00fcrkiye\u2019de durum nas\u0131l? \u0130\u015fte detaylar\u2026<\/strong><\/h1>\n<p>Kullan\u0131c\u0131lar\u0131na ilgi alanlar\u0131, \u00f6nemsedikleri konular ve tercihleri gibi ger\u00e7ek hayatta \u00f6nemsedikleri <img loading=\"lazy\" class=\"alignright wp-image-133782\" src=\"https:\/\/www.enerjigazetesi.ist\/wp-content\/uploads\/2021\/04\/hayatinin-askini-bulmanin-yolu-cevreye-duyarli-olmaktan-geciyor-1.jpg\" alt=\"\" width=\"320\" height=\"337\" srcset=\"https:\/\/www.enerjigazetesi.ist\/wp-content\/uploads\/2021\/04\/hayatinin-askini-bulmanin-yolu-cevreye-duyarli-olmaktan-geciyor-1.jpg 550w, https:\/\/www.enerjigazetesi.ist\/wp-content\/uploads\/2021\/04\/hayatinin-askini-bulmanin-yolu-cevreye-duyarli-olmaktan-geciyor-1-284x300.jpg 284w, https:\/\/www.enerjigazetesi.ist\/wp-content\/uploads\/2021\/04\/hayatinin-askini-bulmanin-yolu-cevreye-duyarli-olmaktan-geciyor-1-379x400.jpg 379w, https:\/\/www.enerjigazetesi.ist\/wp-content\/uploads\/2021\/04\/hayatinin-askini-bulmanin-yolu-cevreye-duyarli-olmaktan-geciyor-1-47x50.jpg 47w, https:\/\/www.enerjigazetesi.ist\/wp-content\/uploads\/2021\/04\/hayatinin-askini-bulmanin-yolu-cevreye-duyarli-olmaktan-geciyor-1-500x527.jpg 500w\" sizes=\"(max-width: 320px) 100vw, 320px\" \/>konular hakk\u0131nda sordu\u011fu detayl\u0131 sorular ile en uygun e\u015fle\u015fmeyi sa\u011flayan OkCupid, kullan\u0131c\u0131lar\u0131n\u0131n <strong>iklim de\u011fi\u015fikli\u011fi<\/strong> ve<strong> \u00e7evresel tehditlere<\/strong> bak\u0131\u015f a\u00e7\u0131s\u0131n\u0131 ara\u015ft\u0131rd\u0131. Uygulama \u00fczerinde \u00f6zel grup olu\u015fturan ve kullan\u0131c\u0131lara profillerine<strong> iklim de\u011fi\u015fikli\u011fi<\/strong> savunucusu rozeti ekleyebilme \u00f6zelli\u011fini sunan uygulama, bu alanda payla\u015f\u0131lan<strong> 7.5 milyondan fazla yan\u0131t\u0131<\/strong> inceledi. Gen\u00e7lerin verdi\u011fi yan\u0131tlar ise umut verici\u2026 Verilere g\u00f6re son <strong>4 y\u0131l i\u00e7inde<\/strong> (Ocak 2017-2021) OkCupid kullan\u0131c\u0131lar\u0131n\u0131n<strong> iklim de\u011fi\u015fikli\u011fi<\/strong> ve<strong> \u00e7evre<\/strong> \u00fczerine yapt\u0131\u011f\u0131 sohbetlerde <strong>% 456<\/strong> art\u0131\u015f ya\u015fand\u0131. Uygulamay\u0131 kullanan her <strong>10<\/strong> bekardan<strong> 9\u2019u<\/strong> ise e\u015fle\u015fti\u011fi ki\u015finin gezegenimize kar\u015f\u0131 duyarl\u0131 olmas\u0131n\u0131 istiyor.<\/p>\n<h2><strong>YEN\u0130 NES\u0130L \u0130KL\u0130M DE\u011e\u0130\u015e\u0130KL\u0130\u011e\u0130NE \u0130NANIYOR<\/strong><\/h2>\n<p><strong>\u201c\u0130klim de\u011fi\u015fikli\u011fine inan\u0131yor musun?\u201d<\/strong> sorusunu d\u00fcnya genelinde <strong>1.8 milyon ki\u015fi<\/strong> yan\u0131tlad\u0131 ve neredeyse tamam\u0131 (y\u00fczde 97)<strong> \u201cevet\u201d<\/strong> yan\u0131t\u0131n\u0131 verdi. T\u00fcrkiye\u2019de de durum farkl\u0131 de\u011fil. \u0130klim de\u011fi\u015fikli\u011finin ger\u00e7ek olmad\u0131\u011f\u0131n\u0131 s\u00f6yleyenlerin oran\u0131 sadece<strong> y\u00fczde 2.<\/strong> Di\u011fer yandan uygulama \u00fczerinde iklim de\u011fi\u015fikli\u011fine inand\u0131\u011f\u0131n\u0131 s\u00f6yleyenler, aksini savunanlara g\u00f6re <strong>y\u00fczde 56<\/strong> oran\u0131nda daha fazla be\u011feni ald\u0131. Geri d\u00f6n\u00fc\u015f\u00fcm konusundaki veriler ise umut verdi. D\u00fcnya genelindeki kullan\u0131c\u0131lar\u0131n <strong>y\u00fczde 63<\/strong>\u2019\u00fc neredeyse her zaman <strong>geri d\u00f6n\u00fc\u015ft\u00fcr\u00fclen \u00fcr\u00fcnleri<\/strong> kulland\u0131\u011f\u0131n\u0131 s\u00f6ylerken, <strong>y\u00fczde 30<\/strong>\u2019u bu soruya<strong> \u201cbazen\u201d<\/strong> yan\u0131t\u0131n\u0131 vermi\u015f. Geri d\u00f6n\u00fc\u015f\u00fcm\u00fc k\u0131smen ya da hi\u00e7 desteklemedi\u011fini s\u00f6yleyenlerin oran\u0131 ise sadece <strong>y\u00fczde 7<\/strong>. T\u00fcrk kullan\u0131c\u0131larda bu durum benzer.<strong> Y\u00fczde 34<\/strong> \u201cneredeyse her zaman\u201d <strong>geri d\u00f6n\u00fc\u015ft\u00fcr\u00fclen \u00fcr\u00fcnler<\/strong> kulland\u0131\u011f\u0131n\u0131 s\u00f6ylerken, ayn\u0131 soruya <strong>\u201cbazen\u201d<\/strong> yan\u0131t\u0131n\u0131 verenler <strong>y\u00fczde 58.<\/strong> Geri d\u00f6n\u00fc\u015f\u00fcm\u00fc desteklemedi\u011fini s\u00f6yleyen T\u00fcrklerin oran\u0131 ise <strong>y\u00fczde 8.<\/strong><\/p>\n<h2><strong>KULLANICILARIN % 80\u2019\u0130 \u0130KL\u0130M DE\u011e\u0130\u015e\u0130KL\u0130\u011e\u0130NDEN END\u0130\u015eE DUYUYOR<\/strong><\/h2>\n<p>Verilere g\u00f6re uygulamay\u0131 kullanan gen\u00e7ler, iklim de\u011fi\u015fikli\u011fine inanman\u0131n yan\u0131 s\u0131ra bu duruma kar\u015f\u0131 kay\u0131ts\u0131z de\u011fil. <strong>\u201c\u0130klim de\u011fi\u015fikli\u011fi konusunda endi\u015feli misin?\u201d<\/strong> sorusuna verilen 3 milyonu a\u015fk\u0131n yan\u0131ta g\u00f6re, her 10 kullan\u0131c\u0131dan 8\u2019i (% 83) bu konuda endi\u015fe duyuyor. T\u00fcrkiye\u2019deki kullan\u0131c\u0131lar aras\u0131nda durum \u00e7ok farkl\u0131 olmasa da (%81), kad\u0131nlar mevcut durumdan erkeklere g\u00f6re daha fazla endi\u015feli (kad\u0131nlar %85- erkekler %79). Gen\u00e7ler ya\u015fad\u0131klar\u0131 bu endi\u015feyi gidermek i\u00e7in harekete ge\u00e7meye de haz\u0131r. D\u00fcnya genelinde her d\u00f6rt bekardan biri \u00e7evre konusunda g\u00f6n\u00fcll\u00fc hizmetten keyif ald\u0131\u011f\u0131n\u0131 s\u00f6yl\u00fcyor.<\/p>\n<h2><strong>T\u00dcRK KULLANICILARIN YARISI KARBON AYAK \u0130Z\u0130N\u0130 AZALTMAYA \u00c7ALI\u015eIYOR\u00a0<\/strong><\/h2>\n<p>\u0130nsan faaliyetlerinin \u00e7evreye verdi\u011fi <strong>zarar\u0131n \u00f6l\u00e7\u00fclmesinde<\/strong> kullan\u0131lan ve <strong>birim karbondioksit \u00fczerinden<\/strong> \u00f6l\u00e7\u00fclen <strong>karbon ayak izi<\/strong>; enerji sarfiyat\u0131, ula\u015f\u0131m, t\u00fcketim gibi bir\u00e7ok etken y\u00fcz\u00fcnden art\u0131yor. D\u00fcnya genelinde bekarlar\u0131n y\u00fczde 63\u2019\u00fc <strong>\u201cBilin\u00e7li olarak karbon ayak izini azaltacak \u00e7aba g\u00f6steriyor musun?\u201d<\/strong> sorusuna \u201cevet\u201d cevab\u0131n\u0131 verdi. T\u00fcrkiye\u2019deki kullan\u0131c\u0131lar da bu konuyu d\u00fcnyan\u0131n pek \u00e7ok \u00fclkesine g\u00f6re daha fazla \u00f6nemsiyor ve bu soruya en \u00e7ok \u201cevet cevab\u0131 veren \u00fclkeler; Birle\u015fik Krall\u0131k (%72), Amerika Birle\u015fik Devletleri (%65) ve Hindistan\u2019\u0131n (%53) ard\u0131ndan <strong>y\u00fczde 48<\/strong> ile <strong>4. s\u0131rada<\/strong> yer al\u0131yor.<\/p>\n<h2><strong>Y\u00dcKSELEN DEN\u0130Z SEV\u0130YES\u0130N\u0130 VE DO\u011eAL KAYNAK KULLANIMINI \u00d6NEMS\u0130YORUZ<\/strong><\/h2>\n<p>Y\u00fckselen deniz seviyesi de d\u00fcnya genelindeki kullan\u0131c\u0131lar aras\u0131nda endi\u015fe konusu (%75). Kadin erkek k\u0131r\u0131l\u0131m\u0131na bakt\u0131\u011f\u0131m\u0131zda ise kad\u0131nlar (%80) erkeklere g\u00f6re (%72) bu konuyu daha fazla \u00f6nemsiyor. \u00a0T\u00fcrk kullan\u0131c\u0131lar\u0131n verileri de global kullan\u0131c\u0131lar ile paralel. Neredeyse her<strong> 4 ki\u015fiden biri<\/strong> denizlerin y\u00fckselmesinden kayg\u0131 duyuyor. Do\u011fal kaynak kullan\u0131m\u0131 da kullan\u0131c\u0131lar\u0131n \u00e7evresel tehditler aras\u0131nda dikkate ald\u0131\u011f\u0131 bir konu. \u201cG\u00fcnl\u00fck ya\u015fam\u0131nda <strong>su, enerji<\/strong> veya <strong>di\u011fer kaynaklar\u0131 korumaya<\/strong> \u00e7al\u0131\u015f\u0131yor musun?\u201d sorusuna d\u00fcnya genelindeki kullan\u0131c\u0131lar\u0131n <strong>y\u00fczde 90\u2019u<\/strong> evet cevab\u0131n\u0131 verirken T\u00fcrkiye\u2019deki kullan\u0131c\u0131lar\u0131n ise tamam\u0131<strong> (%96)<\/strong> bu konuyu \u00f6nemsiyor.<\/p>\n<p>Profiline iklim de\u011fi\u015fikli\u011fi savunucusu rozeti ekleyen ki\u015filerin <strong>y\u00fczde 44<\/strong> daha fazla be\u011feni ve <strong>y\u00fczde 72<\/strong> daha fazla e\u015fle\u015fme ald\u0131\u011f\u0131n\u0131 vurgulayan <em>OkCupid T\u00fcrkiye <\/em>Pazarlama M\u00fcd\u00fcr\u00fc <strong>Ezgi Ceren I\u015f\u0131k<\/strong>; <em>&#8220;OkCupid kullan\u0131c\u0131lar\u0131 her zaman \u00f6nemsedikleri konular\u0131 dile getiren kullan\u0131c\u0131lar oldu. Y\u0131llar ge\u00e7tik\u00e7e g\u00f6rd\u00fck ki kullan\u0131c\u0131lar\u0131m\u0131z <strong>iklim de\u011fi\u015fikli\u011f<\/strong>i ve <strong>\u00e7evresel tehditler<\/strong> konusunda her ge\u00e7en g\u00fcn daha fazla endi\u015fe duyuyor ve bu konuda kendi aralar\u0131nda da konu\u015fmak istiyorlar. Uygulama \u00fczerindeki veriler, her<strong> 10<\/strong> kullan\u0131c\u0131m\u0131zdan <strong>9&#8217;unun<\/strong> e\u015fle\u015fece\u011fi ki\u015finin<strong> \u00e7evreye duyarl\u0131 bir insan<\/strong> olmas\u0131n\u0131 istedi\u011fini ortaya koydu. Biz de d\u00fcnyan\u0131n d\u00f6rt bir yan\u0131nda,<strong> \u00e7evre bilinci olan insanlar\u0131n birbirleri<\/strong> ile tan\u0131\u015f\u0131p, bir araya gelebilmeleri i\u00e7in <strong>ilk global rozetimizi iklim de\u011fi\u015fikli\u011fi<\/strong> hakk\u0131nda olu\u015fturduk.&#8221;<\/em><\/p>","protected":false},"excerpt":{"rendered":"<p>Sorry, this entry is only available in Turkish. For the sake of viewer convenience, the content is shown below in the alternative language. You may click the link to switch the active language. D\u00fcnya G\u00fcn\u00fc kapsam\u0131nda kullan\u0131c\u0131lar\u0131n\u0131n iklim de\u011fi\u015fikli\u011fi konusundaki yakla\u015f\u0131m\u0131n\u0131 mercek alt\u0131na al\u0131n\u0131rken 7.5 milyonu a\u015fk\u0131n yan\u0131t\u0131 incelendi. Verilere g\u00f6re yeni nesil d\u00fcnyan\u0131n gelece\u011finden [&hellip;]<\/p>\n","protected":false},"author":1,"featured_media":133783,"comment_status":"open","ping_status":"open","sticky":false,"template":"","format":"standard","meta":[],"categories":[53,52],"tags":[2530,4700,89625,63,89626,1999,37486,99,57125],"views":67,"_links":{"self":[{"href":"https:\/\/www.enerjigazetesi.ist\/en\/wp-json\/wp\/v2\/posts\/133780"}],"collection":[{"href":"https:\/\/www.enerjigazetesi.ist\/en\/wp-json\/wp\/v2\/posts"}],"about":[{"href":"https:\/\/www.enerjigazetesi.ist\/en\/wp-json\/wp\/v2\/types\/post"}],"author":[{"embeddable":true,"href":"https:\/\/www.enerjigazetesi.ist\/en\/wp-json\/wp\/v2\/users\/1"}],"replies":[{"embeddable":true,"href":"https:\/\/www.enerjigazetesi.ist\/en\/wp-json\/wp\/v2\/comments?post=133780"}],"version-history":[{"count":0,"href":"https:\/\/www.enerjigazetesi.ist\/en\/wp-json\/wp\/v2\/posts\/133780\/revisions"}],"wp:featuredmedia":[{"embeddable":true,"href":"https:\/\/www.enerjigazetesi.ist\/en\/wp-json\/wp\/v2\/media\/133783"}],"wp:attachment":[{"href":"https:\/\/www.enerjigazetesi.ist\/en\/wp-json\/wp\/v2\/media?parent=133780"}],"wp:term":[{"taxonomy":"category","embeddable":true,"href":"https:\/\/www.enerjigazetesi.ist\/en\/wp-json\/wp\/v2\/categories?post=133780"},{"taxonomy":"post_tag","embeddable":true,"href":"https:\/\/www.enerjigazetesi.ist\/en\/wp-json\/wp\/v2\/tags?post=133780"}],"curies":[{"name":"wp","href":"https:\/\/api.w.org\/{rel}","templated":true}]}}