{"id":13377,"date":"2013-07-25T09:23:53","date_gmt":"2013-07-25T06:23:53","guid":{"rendered":"https:\/\/www.enerjigazetesi.ist\/?p=13377"},"modified":"2013-07-25T09:28:07","modified_gmt":"2013-07-25T06:28:07","slug":"ayetekten-1-mwlik-ruzgar-turbini","status":"publish","type":"post","link":"https:\/\/www.enerjigazetesi.ist\/en\/ayetekten-1-mwlik-ruzgar-turbini\/","title":{"rendered":"(Turkish) AYETEK\u2019ten 1 MW\u2019l\u0131k R\u00fczgar T\u00fcrbini&#8230;"},"content":{"rendered":"<p class=\"qtranxs-available-languages-message qtranxs-available-languages-message-en\">Sorry, this entry is only available in <a href=\"https:\/\/www.enerjigazetesi.ist\/tr\/wp-json\/wp\/v2\/posts\/13377\" class=\"qtranxs-available-language-link qtranxs-available-language-link-tr\" title=\"Turkish\">Turkish<\/a>. For the sake of viewer convenience, the content is shown below in the alternative language. You may click the link to switch the active language.<\/p><p><strong>AYETEK Wind, lisanss\u0131z elektrik \u00fcretim \u00fcst s\u0131n\u0131r\u0131n\u0131n 1 MW\u2019a y\u00fckselmesiyle birlikte \u0130talyan Leitwind \u015firketiyle anla\u015fmaya vard\u0131 ve Leitwind\u2019in imtiyazl\u0131 distrib\u00fct\u00f6r\u00fc oldu. Ekim ay\u0131nda lisanss\u0131z elektrik \u00fcretim sekt\u00f6r\u00fcnde T\u00fcrkiye\u2019nin ilk r\u00fczgar t\u00fcrbinini kurmaya ba\u015flam\u0131\u015f olan AYETEK Wind bu i\u015fbirli\u011fi sayesinde sekt\u00f6rdeki liderlik pozisyonunu s\u00fcrd\u00fcrmeye devam ediyor.<\/strong><\/p>\n<p>Lisanss\u0131z Elektrik \u00dcretimine \u0130li\u015fkin Y\u00f6netmelik Tasla\u011f\u0131yla birlikte art\u0131k ger\u00e7ek ve t\u00fczel ki\u015filer lisans almadan ve yenilenebilir enerji kaynaklar\u0131na dayanmak \u015fart\u0131yla 1 MW\u2019a kadar kendi elektriklerini \u00fcretebilecekler. \u00d6zellikle ayl\u0131k elektrik t\u00fcketimi 75.000 TL ve \u00fczerinde olan \u015firketler i\u00e7in bu son derecede g\u00fczel bir geli\u015fmedir. Sekt\u00f6r yetkililerinin \u00e7a\u011fr\u0131s\u0131 \u00fczerine AYETEK bu taslak hakk\u0131nda g\u00f6r\u00fc\u015flerini bildirmi\u015ftir ve k\u0131sa zamanda nihai haliyle bu y\u00f6netmeli\u011fin resmi gazetede yay\u0131mlanmas\u0131 beklenmektedir. AYETEK yetkilileri bu de\u011fi\u015fime en iyi \u015fekilde haz\u0131rlanmak i\u00e7in D\u00fcnya genelinde kapsaml\u0131 bir ara\u015ft\u0131rma yapt\u0131ktan sonra Leitwind \u015firketiyle yollar\u0131n\u0131 birle\u015ftirmenin mutlulu\u011fu i\u00e7erisindedir.<\/p>\n<p>250 kW ve 500 kW r\u00fczgar t\u00fcrbinlerinden sonra \u00fcr\u00fcn yelpazesine 1 MW\u2019l\u0131k r\u00fczgar t\u00fcrbininin eklenmesi AYETEK Wind \u015firketini her b\u00fcy\u00fckl\u00fckteki r\u00fczgar yat\u0131r\u0131mc\u0131lar\u0131 i\u00e7in en do\u011fru partner yapmaktad\u0131r. Bu konuya AYETEK Wind yetkilisi Abdullah \u00d6zel \u015f\u00f6yle a\u00e7\u0131kl\u0131k getirdi: \u201cBu i\u015fbirli\u011fi sayesinde farkl\u0131 elektrik t\u00fcketim profillerine sahip olan yat\u0131r\u0131mc\u0131lara en iyi partner olmaya devam edece\u011fiz. Ayl\u0131k 20.000 TL de\u011ferinde elektrik t\u00fcketimi olan bir i\u015fletmecinin 1 MW\u2019l\u0131k r\u00fczgar t\u00fcrbini yat\u0131r\u0131m\u0131 <a href=\"https:\/\/www.enerjigazetesi.ist\/wp-content\/uploads\/2013\/07\/ayetek-ten-1-mwlik-ruzgar-turbini.jpg\"><img loading=\"lazy\" class=\"alignright size-medium wp-image-13378\" title=\"ayetek-ten-1-mwlik-ruzgar-turbini\" src=\"https:\/\/www.enerjigazetesi.ist\/wp-content\/uploads\/2013\/07\/ayetek-ten-1-mwlik-ruzgar-turbini-300x194.jpg\" alt=\"\" width=\"300\" height=\"194\" srcset=\"https:\/\/www.enerjigazetesi.ist\/wp-content\/uploads\/2013\/07\/ayetek-ten-1-mwlik-ruzgar-turbini-300x194.jpg 300w, https:\/\/www.enerjigazetesi.ist\/wp-content\/uploads\/2013\/07\/ayetek-ten-1-mwlik-ruzgar-turbini-77x50.jpg 77w, https:\/\/www.enerjigazetesi.ist\/wp-content\/uploads\/2013\/07\/ayetek-ten-1-mwlik-ruzgar-turbini.jpg 490w\" sizes=\"(max-width: 300px) 100vw, 300px\" \/><\/a>yapmas\u0131 ekonomik olarak mant\u0131kl\u0131 de\u011fildir. 1 MW\u2019l\u0131k r\u00fczgar t\u00fcrbininin elektrik \u00fcretimi y\u00fcksek olaca\u011f\u0131 i\u00e7in \u00fcretilen elektri\u011fin b\u00fcy\u00fck bir k\u0131sm\u0131 ucuz fiyattan \u015febekeye sat\u0131lmak zorunda olacakt\u0131r.<\/p>\n<p>Bu da yat\u0131r\u0131m\u0131n amorti s\u00fcresini olumsuz y\u00f6nde etkileyecektir. Bu t\u00fcketim profiline sahip m\u00fc\u015fterilerimize 250 kW g\u00fcc\u00fcndeki AYE 250 r\u00fczgar t\u00fcrbinimiz en do\u011fru \u00e7\u00f6z\u00fcm\u00fc sunmaya devam edecektir. Ancak bir \u015firketin ayl\u0131k elektrik t\u00fcketimi 75.000 TL ve \u00fczerindeyse o zaman 1 MW\u2019l\u0131k r\u00fczgar t\u00fcrbini en do\u011fru \u00e7\u00f6z\u00fcm olacakt\u0131r. AYETEK Wind \u00e7at\u0131s\u0131 alt\u0131nda her b\u00fcy\u00fckl\u00fckteki r\u00fczgar enerji yat\u0131r\u0131mc\u0131s\u0131na g\u00f6re \u00e7\u00f6z\u00fcmler b\u00f6ylece sunulmaya devam edecektir.\u201d<\/p>\n<p>AYETEK Wind \u015firketinin teknik i\u015flerden sorumlu yetkilisi Ekrem Kara\u00e7al\u0131 yeni t\u00fcrbin hakk\u0131nda \u015fu bilgileri verdi: \u201c\u015eirketimizin marka de\u011ferini ve g\u00fcvenilirli\u011fini s\u00fcrd\u00fcrmek i\u00e7in t\u00fcrbin se\u00e7imlerinde son derece dikkatli olmal\u0131yd\u0131k. Mevcut r\u00fczgar t\u00fcrbinlerimizden farkl\u0131 olarak 1 MW\u2019l\u0131k r\u00fczgar t\u00fcrbini Direct Drive teknolojisine sahiptir. Yani di\u015fli kutusu olmayan ve permanent m\u0131knat\u0131slarla elektrik \u00fcreten bir t\u00fcrbinden bahsediyoruz.<\/p>\n<p>Bu \u00f6zelliklere sahip bir t\u00fcrbin D\u00fcnya genelinde \u00e7ok az say\u0131da \u015firketin ba\u015far\u0131l\u0131 bir \u015fekilde \u00fcretebilece\u011fi bir teknolojidir. Bundan dolay\u0131 bu i\u015fbirli\u011fine girmeden \u00f6nce t\u00fcrbinin tasar\u0131m\u0131n\u0131 ve referanslar\u0131n\u0131 en iyi \u015fekilde ara\u015ft\u0131rmak zorundayd\u0131k. Yap\u0131lan Avrupa gezileri ve tasar\u0131m\u0131 yapan m\u00fchendislerle g\u00f6r\u00fc\u015fmeler neticesince Leitwind \u015firketinin 1 MW\u2019l\u0131k r\u00fczgar t\u00fcrbininin taraf\u0131m\u0131zca sunulmas\u0131nda bir mahsur g\u00f6rmedik ve i\u015fbirli\u011fimiz b\u00f6ylece ba\u015flam\u0131\u015f oldu.\u201d<\/p>\n<p>T\u00fcrkiye\u2019nin ilk r\u00fczgar t\u00fcrbinini kurmaya ba\u015flam\u0131\u015f olan AYETEK Wind bu i\u015fbirli\u011fi sayesinde sekt\u00f6rdeki liderlik pozisyonunu s\u00fcrd\u00fcrmeye devam edecek gibi g\u00f6z\u00fck\u00fcyor.<\/p>\n<p>Yay\u0131nc\u0131: <a href=\"https:\/\/www.enerjigazetesi.ist\" target=\"_blank\">Enerji Gazetesi<\/a><\/p>","protected":false},"excerpt":{"rendered":"<p>Sorry, this entry is only available in Turkish. For the sake of viewer convenience, the content is shown below in the alternative language. You may click the link to switch the active language.AYETEK Wind, lisanss\u0131z elektrik \u00fcretim \u00fcst s\u0131n\u0131r\u0131n\u0131n 1 MW\u2019a y\u00fckselmesiyle birlikte \u0130talyan Leitwind \u015firketiyle anla\u015fmaya vard\u0131 ve Leitwind\u2019in imtiyazl\u0131 distrib\u00fct\u00f6r\u00fc oldu. Ekim ay\u0131nda [&hellip;]<\/p>\n","protected":false},"author":1,"featured_media":13378,"comment_status":"open","ping_status":"open","sticky":false,"template":"","format":"standard","meta":[],"categories":[53,4,50],"tags":[1768,4326,7150,63,67,165,7151,7152,2282,69,16,324],"views":1818,"_links":{"self":[{"href":"https:\/\/www.enerjigazetesi.ist\/en\/wp-json\/wp\/v2\/posts\/13377"}],"collection":[{"href":"https:\/\/www.enerjigazetesi.ist\/en\/wp-json\/wp\/v2\/posts"}],"about":[{"href":"https:\/\/www.enerjigazetesi.ist\/en\/wp-json\/wp\/v2\/types\/post"}],"author":[{"embeddable":true,"href":"https:\/\/www.enerjigazetesi.ist\/en\/wp-json\/wp\/v2\/users\/1"}],"replies":[{"embeddable":true,"href":"https:\/\/www.enerjigazetesi.ist\/en\/wp-json\/wp\/v2\/comments?post=13377"}],"version-history":[{"count":3,"href":"https:\/\/www.enerjigazetesi.ist\/en\/wp-json\/wp\/v2\/posts\/13377\/revisions"}],"predecessor-version":[{"id":13380,"href":"https:\/\/www.enerjigazetesi.ist\/en\/wp-json\/wp\/v2\/posts\/13377\/revisions\/13380"}],"wp:featuredmedia":[{"embeddable":true,"href":"https:\/\/www.enerjigazetesi.ist\/en\/wp-json\/wp\/v2\/media\/13378"}],"wp:attachment":[{"href":"https:\/\/www.enerjigazetesi.ist\/en\/wp-json\/wp\/v2\/media?parent=13377"}],"wp:term":[{"taxonomy":"category","embeddable":true,"href":"https:\/\/www.enerjigazetesi.ist\/en\/wp-json\/wp\/v2\/categories?post=13377"},{"taxonomy":"post_tag","embeddable":true,"href":"https:\/\/www.enerjigazetesi.ist\/en\/wp-json\/wp\/v2\/tags?post=13377"}],"curies":[{"name":"wp","href":"https:\/\/api.w.org\/{rel}","templated":true}]}}