{"id":133751,"date":"2021-04-24T09:45:17","date_gmt":"2021-04-24T06:45:17","guid":{"rendered":"https:\/\/www.enerjigazetesi.ist\/?p=133751"},"modified":"2021-04-24T09:46:48","modified_gmt":"2021-04-24T06:46:48","slug":"kisa-calisma-odenegi-destegi-30-haziran-2021e-kadar-3-ay-uzatildi","status":"publish","type":"post","link":"https:\/\/www.enerjigazetesi.ist\/en\/kisa-calisma-odenegi-destegi-30-haziran-2021e-kadar-3-ay-uzatildi\/","title":{"rendered":"(Turkish) K\u0131sa \u00c7al\u0131\u015fma \u00d6dene\u011fi Deste\u011fi 30 Haziran 2021&#8217;e Kadar 3 Ay Uzat\u0131ld\u0131"},"content":{"rendered":"<p class=\"qtranxs-available-languages-message qtranxs-available-languages-message-en\">Sorry, this entry is only available in <a href=\"https:\/\/www.enerjigazetesi.ist\/tr\/wp-json\/wp\/v2\/posts\/133751\" class=\"qtranxs-available-language-link qtranxs-available-language-link-tr\" title=\"Turkish\">Turkish<\/a>. For the sake of viewer convenience, the content is shown below in the alternative language. You may click the link to switch the active language.<\/p><p><\/p>\n<h1>Koronavir\u00fcs\u00fcn istihdama olumsuz etkilerinin en aza indirilmesi amac\u0131yla uygulanan k\u0131sa \u00e7al\u0131\u015fma \u00f6dene\u011finin s\u00fcresi uzat\u0131ld\u0131. Nisan 2020&#8217;de ba\u015flat\u0131lan k\u0131sa \u00e7al\u0131\u015fma \u00f6dene\u011fi uygulamas\u0131 31 Mart 2021&#8217;de sona ermi\u015f, uygulamadan yakla\u015f\u0131k 3 milyon 850 bin ki\u015fi yararlanm\u0131\u015ft\u0131. 01 Nisan 2021\u2019den itibaren ge\u00e7erli olmak \u00fczere al\u0131nan uzatma karar\u0131, t\u00fcm sekt\u00f6rleri kapsayacak.<\/h1>\n<h2><strong>3 milyondan fazla ki\u015fi faydaland\u0131<\/strong><\/h2>\n<p><strong>\u00c7al\u0131\u015fanlar\u0131n<\/strong> ve <strong>i\u015f verenlerin pandemi d\u00f6nemi<\/strong>nden olumsuz etkilenmesini <strong>en aza indirmek<\/strong> i\u00e7in <img loading=\"lazy\" class=\"alignright wp-image-133753\" src=\"https:\/\/www.enerjigazetesi.ist\/wp-content\/uploads\/2021\/04\/kisa-calisma-odenegi-destegi-30-haziran-2021e-kadar-3-ay-uzatildi-2.jpg\" alt=\"\" width=\"320\" height=\"200\" srcset=\"https:\/\/www.enerjigazetesi.ist\/wp-content\/uploads\/2021\/04\/kisa-calisma-odenegi-destegi-30-haziran-2021e-kadar-3-ay-uzatildi-2.jpg 550w, https:\/\/www.enerjigazetesi.ist\/wp-content\/uploads\/2021\/04\/kisa-calisma-odenegi-destegi-30-haziran-2021e-kadar-3-ay-uzatildi-2-300x188.jpg 300w, https:\/\/www.enerjigazetesi.ist\/wp-content\/uploads\/2021\/04\/kisa-calisma-odenegi-destegi-30-haziran-2021e-kadar-3-ay-uzatildi-2-500x313.jpg 500w, https:\/\/www.enerjigazetesi.ist\/wp-content\/uploads\/2021\/04\/kisa-calisma-odenegi-destegi-30-haziran-2021e-kadar-3-ay-uzatildi-2-80x50.jpg 80w\" sizes=\"(max-width: 320px) 100vw, 320px\" \/>uygulanan <strong>k\u0131sa \u00e7al\u0131\u015fma \u00f6dene\u011finin uzat\u0131lmas\u0131<\/strong> karar\u0131n\u0131 de\u011ferlendiren IFASTURK Mali M\u00fc\u015favirlik ve Denetim Kurucusu \u015eenel,<em> \u201cBug\u00fcne kadar <strong>3 milyondan fazla<\/strong> ki\u015fi <strong>k\u0131sa \u00e7al\u0131\u015fma uygulamas\u0131<\/strong>ndan yararland\u0131. <strong>K\u0131sa \u00e7al\u0131\u015fma \u00f6dene\u011fi s\u00fcresinin<\/strong> uzat\u0131lmas\u0131 y\u00f6n\u00fcndeki kararla i\u015f\u00e7i ma\u011fduriyetlerinin <strong>Haziran ay\u0131na kadar<\/strong> \u00f6n\u00fcne ge\u00e7ilmi\u015f oldu. <strong>K\u0131sa \u00e7al\u0131\u015fma \u00f6dene\u011fi<\/strong> s\u00fcresinin dolmas\u0131yla yakla\u015f\u0131k <strong>1 milyon 139 bin \u00e7al\u0131\u015fan\u0131n<\/strong> bir k\u0131sm\u0131n\u0131n <strong>\u00fccretsiz izne ge\u00e7irilme durumu<\/strong> mevcuttu. Al\u0131nan uzatma karar\u0131 \u00e7al\u0131\u015fanlara bu<strong> zor d\u00f6nemde nefes ald\u0131racak<\/strong>.\u201d<\/em> bilgisini verdi.<\/p>\n<h2><strong>Hatal\u0131 veya yanl\u0131\u015f belge veren faiziyle geri \u00f6deyecek<\/strong><\/h2>\n<p>Kanunda <strong>pandemi dolay\u0131s\u0131yla<\/strong> getirilen k\u0131sa \u00e7al\u0131\u015fman\u0131n <strong>Cumhurba\u015fkan\u0131<\/strong> taraf\u0131ndan 30 Haziran 2021&#8217;e kadar <strong>uzat\u0131lma yetkisi<\/strong> bulunuyordu. Uzatma i\u015flemi bu yetki kapsam\u0131nda kararname ile ger\u00e7ekle\u015fecek. Uzatma karar\u0131ndan, daha \u00f6nce <strong>k\u0131sa \u00e7al\u0131\u015fma ba\u015fvurusu<\/strong> yapm\u0131\u015f i\u015fyerlerince <strong>\u0130\u015eKUR<\/strong>&#8216;a bildirilen listelerdeki \u00e7al\u0131\u015fanlar yararlanacak. \u0130\u015fverenin <strong>hatal\u0131 bilgi<\/strong> ve <strong>belge vermesi<\/strong> nedeniyle <strong>yap\u0131lan \u00f6demeler<\/strong>, <strong>yasal faizi<\/strong> ile birlikte <strong>i\u015fverenden tahsil<\/strong> edilecek.<\/p>","protected":false},"excerpt":{"rendered":"<p>Sorry, this entry is only available in Turkish. For the sake of viewer convenience, the content is shown below in the alternative language. You may click the link to switch the active language. Koronavir\u00fcs\u00fcn istihdama olumsuz etkilerinin en aza indirilmesi amac\u0131yla uygulanan k\u0131sa \u00e7al\u0131\u015fma \u00f6dene\u011finin s\u00fcresi uzat\u0131ld\u0131. Nisan 2020&#8217;de ba\u015flat\u0131lan k\u0131sa \u00e7al\u0131\u015fma \u00f6dene\u011fi uygulamas\u0131 31 [&hellip;]<\/p>\n","protected":false},"author":1,"featured_media":133754,"comment_status":"open","ping_status":"open","sticky":false,"template":"","format":"standard","meta":[],"categories":[51,53,157],"tags":[74611,72344,89616,69003,89614,89615,76783,68651],"views":66,"_links":{"self":[{"href":"https:\/\/www.enerjigazetesi.ist\/en\/wp-json\/wp\/v2\/posts\/133751"}],"collection":[{"href":"https:\/\/www.enerjigazetesi.ist\/en\/wp-json\/wp\/v2\/posts"}],"about":[{"href":"https:\/\/www.enerjigazetesi.ist\/en\/wp-json\/wp\/v2\/types\/post"}],"author":[{"embeddable":true,"href":"https:\/\/www.enerjigazetesi.ist\/en\/wp-json\/wp\/v2\/users\/1"}],"replies":[{"embeddable":true,"href":"https:\/\/www.enerjigazetesi.ist\/en\/wp-json\/wp\/v2\/comments?post=133751"}],"version-history":[{"count":0,"href":"https:\/\/www.enerjigazetesi.ist\/en\/wp-json\/wp\/v2\/posts\/133751\/revisions"}],"wp:featuredmedia":[{"embeddable":true,"href":"https:\/\/www.enerjigazetesi.ist\/en\/wp-json\/wp\/v2\/media\/133754"}],"wp:attachment":[{"href":"https:\/\/www.enerjigazetesi.ist\/en\/wp-json\/wp\/v2\/media?parent=133751"}],"wp:term":[{"taxonomy":"category","embeddable":true,"href":"https:\/\/www.enerjigazetesi.ist\/en\/wp-json\/wp\/v2\/categories?post=133751"},{"taxonomy":"post_tag","embeddable":true,"href":"https:\/\/www.enerjigazetesi.ist\/en\/wp-json\/wp\/v2\/tags?post=133751"}],"curies":[{"name":"wp","href":"https:\/\/api.w.org\/{rel}","templated":true}]}}