{"id":133743,"date":"2021-04-24T08:50:28","date_gmt":"2021-04-24T05:50:28","guid":{"rendered":"https:\/\/www.enerjigazetesi.ist\/?p=133743"},"modified":"2021-04-24T08:50:28","modified_gmt":"2021-04-24T05:50:28","slug":"dhl-expressten-elektrikli-adrese-teslimat-araclari-icin-fiat-ile-is-birligi","status":"publish","type":"post","link":"https:\/\/www.enerjigazetesi.ist\/en\/dhl-expressten-elektrikli-adrese-teslimat-araclari-icin-fiat-ile-is-birligi\/","title":{"rendered":"(Turkish) DHL Express&#8217;ten Elektrikli Adrese Teslimat Ara\u00e7lar\u0131 \u0130\u00e7in Fiat ile \u0130\u015f Birli\u011fi"},"content":{"rendered":"<p class=\"qtranxs-available-languages-message qtranxs-available-languages-message-en\">Sorry, this entry is only available in <a href=\"https:\/\/www.enerjigazetesi.ist\/tr\/wp-json\/wp\/v2\/posts\/133743\" class=\"qtranxs-available-language-link qtranxs-available-language-link-tr\" title=\"Turkish\">Turkish<\/a>. For the sake of viewer convenience, the content is shown below in the alternative language. You may click the link to switch the active language.<\/p><p><\/p>\n<h1>D\u00fcnyan\u0131n lider ekspres kargo hizmetleri sa\u011flay\u0131c\u0131s\u0131 DHL Express, s\u0131f\u0131r emisyon stratejisi do\u011frultusunda bir ad\u0131m daha att\u0131. \u015eirket, bug\u00fcn yapt\u0131\u011f\u0131 a\u00e7\u0131klamayla Fiat Professional ile i\u015f birli\u011fi kapsam\u0131nda Fiat\u2019\u0131n yeni E-Ducato elektrikli hafif ticari arac\u0131n\u0131n ilk 100 adedini sat\u0131n ald\u0131\u011f\u0131n\u0131 duyurdu.<\/h1>\n<p><img loading=\"lazy\" class=\"alignright wp-image-133745\" src=\"https:\/\/www.enerjigazetesi.ist\/wp-content\/uploads\/2021\/04\/dhl-expressten-elektrikli-adrese-teslimat-araclari-icin-fiat-ile-is-birligi-1.jpg\" alt=\"\" width=\"320\" height=\"222\" srcset=\"https:\/\/www.enerjigazetesi.ist\/wp-content\/uploads\/2021\/04\/dhl-expressten-elektrikli-adrese-teslimat-araclari-icin-fiat-ile-is-birligi-1.jpg 475w, https:\/\/www.enerjigazetesi.ist\/wp-content\/uploads\/2021\/04\/dhl-expressten-elektrikli-adrese-teslimat-araclari-icin-fiat-ile-is-birligi-1-300x208.jpg 300w, https:\/\/www.enerjigazetesi.ist\/wp-content\/uploads\/2021\/04\/dhl-expressten-elektrikli-adrese-teslimat-araclari-icin-fiat-ile-is-birligi-1-72x50.jpg 72w\" sizes=\"(max-width: 320px) 100vw, 320px\" \/>Bu ticari ara\u00e7lar, <strong>% 100 elektrikli<\/strong> olman\u0131n yan\u0131 s\u0131ra <strong>y\u00fcksek kapasiteleri<\/strong> ve<strong> uzun batarya \u00f6m\u00fcrleri<\/strong> ile \u00f6ne \u00e7\u0131k\u0131yor. Toplam menzili <strong>200 kilometreyi<\/strong> a\u015fan <strong>E-Ducato<\/strong>, adrese teslim lojisti\u011fe \u00e7ok uygun bir se\u00e7enek sunuyor. <strong>DHL Express<\/strong>, bir s\u00fcre \u00f6nce <strong>DPDHL Group<\/strong> taraf\u0131ndan uygulamaya konan <strong>S\u00fcrd\u00fcr\u00fclebilirlik Yol Haritas\u0131<\/strong>\u2019na paralel olarak <strong>2030 y\u0131l\u0131na kadar<\/strong> Avrupa\u2019daki filosunda <strong>14 binden fazla<\/strong> elektrikli araca yer vererek<strong> karbon sal\u0131m\u0131n\u0131 azaltmay\u0131<\/strong> hedefliyor.<\/p>\n<h2><strong>Alberto Nobis: \u201cAdrese teslim lojisti\u011finin gelece\u011fi elektrikli olacak\u201d<\/strong><\/h2>\n<p>\u201cAdrese teslim lojisti\u011fin gelece\u011finin elektrikli oldu\u011funa inan\u0131yoruz\u201d diyen <strong>DHL Express<\/strong> Avrupa CEO\u2019su <strong>Alberto Nobis<\/strong> s\u00f6zlerini \u015f\u00f6yle s\u00fcrd\u00fcrd\u00fc: <em>\u201c\u0130nsanlar\u0131 birbirine ba\u011flama ve ya\u015famlar\u0131 iyile\u015ftirme amac\u0131m\u0131z\u0131 yerine getirmek i\u00e7in yapt\u0131\u011f\u0131m\u0131z her i\u015fin daha \u00e7evreci ve temiz olmas\u0131na y\u00f6nelik \u00e7al\u0131\u015fmaya kararl\u0131y\u0131z. <strong>E-Ducato<\/strong>\u2019lar\u0131 filomuza ekleyerek, adrese teslim filomuzun b\u00fcy\u00fck \u00e7o\u011funlu\u011funun <strong>elektrikli ara\u00e7lardan olu\u015fmas\u0131<\/strong> hedefimize do\u011fru, \u00f6nemli bir ad\u0131m daha at\u0131yoruz. <strong>Fiat Professional<\/strong>,\u00a0en ileri teknolojiye sahip ve <strong>g\u00fc\u00e7l\u00fc bataryas\u0131<\/strong> ile arad\u0131\u011f\u0131m\u0131z \u00f6zellikleri bize sunuyor. B\u00f6ylece tam \u015farjla <strong>200 kilometreden fazla<\/strong> yol yaparak m\u00fc\u015fterilerimize <strong>ekspres kargolar\u0131n\u0131<\/strong> <strong>h\u0131zl\u0131<\/strong> ve <strong>\u00e7evreci<\/strong> bir \u015fekilde teslim edebilece\u011fiz.\u201d<\/em><\/p>\n<p>DHL Express, <strong>60\u2019tan fazla<\/strong> Avrupa \u00fclkesi ve b\u00f6lgesindeki t\u00fcketicilere ve i\u015fletmelere hizmet g\u00f6t\u00fcr\u00fcyor. Bu hizmeti sunan filo, halihaz\u0131rda<strong> 14 bin hafif ticari<\/strong> ve \u00e7o\u011funlu\u011fu kentlerde olmak \u00fczere yakla\u015f\u0131k <strong>500 elektrikli ticari ara\u00e7tan<\/strong> olu\u015fuyor. \u015eirket, uluslararas\u0131 ekspres sevkiyata y\u00f6nelik y\u00fcksek m\u00fc\u015fteri talebinden \u00f6t\u00fcr\u00fc Avrupa\u2019daki adrese teslim filosunun <strong>2030 itibar\u0131yla<\/strong> yakla\u015f\u0131k <strong>20 bin hafif ticari araca<\/strong> ula\u015faca\u011f\u0131n\u0131 \u00f6ng\u00f6r\u00fcyor. <strong>DHL Express<\/strong>, s\u00fcrd\u00fcr\u00fclebilirlik stratejisini ger\u00e7e\u011fe d\u00f6n\u00fc\u015ft\u00fcrmek amac\u0131yla <strong>2030 sonuna<\/strong> kadar filosunun <strong>% 60<\/strong>\u2019\u0131n\u0131 (yakla\u015f\u0131k 14 bin ara\u00e7) <strong>elektrikli ara\u00e7lardan olu\u015fturma<\/strong> kararl\u0131l\u0131\u011f\u0131yla ad\u0131mlar atmaya devam ediyor.<\/p>\n<p>Ticari ara\u00e7lar\u0131n b\u00fcy\u00fck \u00e7o\u011funlu\u011fu \u015fehir i\u00e7i teslimatta kullan\u0131l\u0131yor.<strong> E-Ducato<\/strong>, <strong>DHL<\/strong>\u2019in her t\u00fcrl\u00fc kullan\u0131ma uygunlu\u011funun kontrol edilmesi i\u00e7in<strong> Fiat Professional<\/strong> ile i\u015f birli\u011fi i\u00e7inde \u00e7ok<strong> so\u011fuk hava<\/strong>, \u00e7ok <strong>dik yoku\u015flar<\/strong> ve <strong>uzun mesafe<\/strong> gibi de\u011fi\u015fik ko\u015fullarda test edildi.<\/p>\n<h2><strong>Eric Laforge: \u201cDHL Express\u2019in E-Ducato&#8217;yu tercih etmesinden gurur duyuyoruz\u201d<\/strong><\/h2>\n<p><strong>E-Ducato projesi<\/strong>nin <strong>inovasyona<\/strong> ve gelece\u011fe bir yolculuk oldu\u011funu belirten Stellantis Avrupa Hafif Elektrikli Ara\u00e7 Direkt\u00f6r\u00fc <strong>Eric Laforge<\/strong> <span style=\"text-decoration: underline;\">\u015funlar\u0131 s\u00f6yledi:<\/span> <em>\u201cDHL Express gibi \u00f6nemli bir oyuncunun b\u00f6yle iddial\u0131 bir hedefe y\u00f6nelik olarak <strong>E-Ducato&#8217;yu<\/strong> tercih etmesinden gurur duyuyoruz. <strong>E-Ducato<\/strong> ile sadece ekonomik ve <strong>\u00e7evresel a\u00e7\u0131dan s\u00fcrd\u00fcr\u00fclebilir<\/strong> bir \u00fcr\u00fcn geli\u015ftirmeyi de\u011fil ayn\u0131 zamanda i\u015f ortaklar\u0131m\u0131z i\u00e7in komple bir <strong>mobilite \u00e7\u00f6z\u00fcm\u00fc<\/strong> sunmay\u0131 ama\u00e7lad\u0131k.\u201d\u00a0<\/em><\/p>\n<p>Fiat ile stratejik i\u015f birli\u011fi, <strong>DHL Express<\/strong> i\u00e7in m\u00fc\u015fterilerine <strong>s\u0131f\u0131r karbon sal\u0131m\u0131yla<\/strong> teslimata y\u00f6nelik \u015fimdiye dek al\u0131nan \u00f6nlemlerde bir sonraki ad\u0131m\u0131 temsil ediyor. \u015eirket, <strong>\u015fehir i\u00e7i trafik yo\u011funlu\u011fu<\/strong>nu ve <strong>karbon sal\u0131mlar\u0131n\u0131 azaltmak<\/strong> i\u00e7in halen <strong>Barselona, Kopenhag <\/strong>ve<strong> Frankfurt<\/strong> gibi pek \u00e7ok b\u00fcy\u00fck \u015fehirde <strong>kargo bisikletleri<\/strong> kullan\u0131rken <strong>Londra<\/strong> ve<strong> Amsterdam\u2019da<\/strong> da\u011f\u0131t\u0131m tesisleri ile kent merkezi aras\u0131ndaki <strong>ba\u011flant\u0131y\u0131 teknelerle<\/strong> sa\u011fl\u0131yor.<\/p>\n<p>Tamam\u0131yla elektrikli bir <strong>mobilite zinciri<\/strong> i\u00e7in ara\u00e7lar\u0131n yan\u0131 s\u0131ra kapsama alan\u0131 genelinde \u015farj altyap\u0131s\u0131 da gerekiyor. DHL Express, <strong>\u015farj a\u011f\u0131n\u0131 daha da geni\u015fletmek<\/strong> amac\u0131yla halen pek \u00e7ok uzman \u015firket ile i\u015f birli\u011fi yaparak \u00f6n\u00fcm\u00fczdeki birka\u00e7 y\u0131lda Avrupa&#8217;daki \u015farj noktalar\u0131n\u0131n say\u0131s\u0131n\u0131 <strong>ciddi oranda art\u0131racak<\/strong> bir yol haritas\u0131 \u00fczerinde \u00e7al\u0131\u015f\u0131yor.<\/p>\n<p>Adrese teslim lojisti\u011finde elektrifikasyon, <strong>DPDHL Group<\/strong> taraf\u0131ndan bir s\u00fcre \u00f6nce a\u00e7\u0131klanan <strong>S\u00fcrd\u00fcr\u00fclebilirlik Yol Haritas\u0131<\/strong>\u2019n\u0131n temel ta\u015flar\u0131ndan birini olu\u015fturuyor. Grup, karbon sal\u0131mlar\u0131n\u0131 d\u00fc\u015f\u00fcrmek i\u00e7in 2030 y\u0131l\u0131na kadar toplam\u00a0<strong>7 milyar Euro (faaliyet ve sermaye harcamalar\u0131) tutar\u0131nda yat\u0131r\u0131m yapacak<\/strong>. Bu kaynak, ara\u00e7lar\u0131n elektrifikasyonunun yan\u0131 s\u0131ra \u00f6zellikle alternatif u\u00e7ak yak\u0131tlar\u0131na ve iklime zarars\u0131z binalara aktar\u0131lacak.<strong>\u015eirket, d\u00f6rt y\u0131ld\u0131r devam eden 2050&#8217;ye kadar s\u0131f\u0131r emisyon hedefine giden yolda yeni ve iddial\u0131 ara hedeflere ula\u015fmay\u0131 da taahh\u00fct ediyor. \u00d6rne\u011fin, Deutsche Post DHL Group, Bilim Temelli Hedefler Giri\u015fimi (SBTi) kapsam\u0131nda Paris \u0130klim Anla\u015fmas\u0131\u2019yla uyumlu olarak sera gaz\u0131 emisyonlar\u0131n\u0131 2030 y\u0131l\u0131na kadar azaltmay\u0131 taahh\u00fct ediyor<\/strong><strong>.<\/strong><\/p>","protected":false},"excerpt":{"rendered":"<p>Sorry, this entry is only available in Turkish. For the sake of viewer convenience, the content is shown below in the alternative language. You may click the link to switch the active language. D\u00fcnyan\u0131n lider ekspres kargo hizmetleri sa\u011flay\u0131c\u0131s\u0131 DHL Express, s\u0131f\u0131r emisyon stratejisi do\u011frultusunda bir ad\u0131m daha att\u0131. \u015eirket, bug\u00fcn yapt\u0131\u011f\u0131 a\u00e7\u0131klamayla Fiat Professional [&hellip;]<\/p>\n","protected":false},"author":1,"featured_media":133745,"comment_status":"open","ping_status":"open","sticky":false,"template":"","format":"standard","meta":[],"categories":[51,53],"tags":[89604,11393,89606,89609,89603,89602,54965,89608,89607,89605,51154,47617,38059],"views":79,"_links":{"self":[{"href":"https:\/\/www.enerjigazetesi.ist\/en\/wp-json\/wp\/v2\/posts\/133743"}],"collection":[{"href":"https:\/\/www.enerjigazetesi.ist\/en\/wp-json\/wp\/v2\/posts"}],"about":[{"href":"https:\/\/www.enerjigazetesi.ist\/en\/wp-json\/wp\/v2\/types\/post"}],"author":[{"embeddable":true,"href":"https:\/\/www.enerjigazetesi.ist\/en\/wp-json\/wp\/v2\/users\/1"}],"replies":[{"embeddable":true,"href":"https:\/\/www.enerjigazetesi.ist\/en\/wp-json\/wp\/v2\/comments?post=133743"}],"version-history":[{"count":0,"href":"https:\/\/www.enerjigazetesi.ist\/en\/wp-json\/wp\/v2\/posts\/133743\/revisions"}],"wp:featuredmedia":[{"embeddable":true,"href":"https:\/\/www.enerjigazetesi.ist\/en\/wp-json\/wp\/v2\/media\/133745"}],"wp:attachment":[{"href":"https:\/\/www.enerjigazetesi.ist\/en\/wp-json\/wp\/v2\/media?parent=133743"}],"wp:term":[{"taxonomy":"category","embeddable":true,"href":"https:\/\/www.enerjigazetesi.ist\/en\/wp-json\/wp\/v2\/categories?post=133743"},{"taxonomy":"post_tag","embeddable":true,"href":"https:\/\/www.enerjigazetesi.ist\/en\/wp-json\/wp\/v2\/tags?post=133743"}],"curies":[{"name":"wp","href":"https:\/\/api.w.org\/{rel}","templated":true}]}}