{"id":133719,"date":"2021-04-24T08:07:23","date_gmt":"2021-04-24T05:07:23","guid":{"rendered":"https:\/\/www.enerjigazetesi.ist\/?p=133719"},"modified":"2021-04-24T08:07:56","modified_gmt":"2021-04-24T05:07:56","slug":"akkuyu-nukleer-calisanlarindan-cocuklara-23-nisan-armagani","status":"publish","type":"post","link":"https:\/\/www.enerjigazetesi.ist\/en\/akkuyu-nukleer-calisanlarindan-cocuklara-23-nisan-armagani\/","title":{"rendered":"(Turkish) Akkuyu N\u00fckleer \u00c7al\u0131\u015fanlar\u0131ndan \u00c7ocuklara 23 Nisan Arma\u011fan\u0131"},"content":{"rendered":"<p class=\"qtranxs-available-languages-message qtranxs-available-languages-message-en\">Sorry, this entry is only available in <a href=\"https:\/\/www.enerjigazetesi.ist\/tr\/wp-json\/wp\/v2\/posts\/133719\" class=\"qtranxs-available-language-link qtranxs-available-language-link-tr\" title=\"Turkish\">Turkish<\/a>. For the sake of viewer convenience, the content is shown below in the alternative language. You may click the link to switch the active language.<\/p><p><\/p>\n<h1>AKKUYU N\u00dcKLEER A.\u015e. \u00e7al\u0131\u015fanlar\u0131, 23 Nisan Ulusal Egemenlik ve \u00c7ocuk Bayram\u0131 dolay\u0131s\u0131yla santralin in\u015fa edildi\u011fi B\u00fcy\u00fckeceli Mahallesi&#8217;ndeki \u00e7ocuklar\u00a0i\u00e7in hediyeler ald\u0131. Hediyeler, ilkokul \u00f6\u011frencilerinin yan\u0131 s\u0131ra, kimsesiz ve deste\u011fe ihtiyac\u0131 olan \u00e7ocuklarla payla\u015f\u0131lacak.<\/h1>\n<p>Pandemi \u00f6ncesinde santralin in\u015fa edildi\u011fi b\u00f6lgede organizasyonlara imza atan AKKUYU N\u00dcKLEER A.\u015e, bu y\u0131lki k\u0131s\u0131tlamalar nedeniyle farkl\u0131 bir etkinlik d\u00fczenledi. AKKUYU N\u00dcKLEER A.\u015e \u00e7al\u0131\u015fanlar\u0131, uzun s\u00fcredir g\u00fcn\u00fcn sadece belli saatlerinde d\u0131\u015far\u0131 \u00e7\u0131kabilen <strong>\u00e7ocuklara destek vermek<\/strong> ve onlar\u0131<strong> e\u011fitim,<\/strong> <strong>yarat\u0131c\u0131l\u0131k<\/strong> gibi konularda <strong>te\u015fvik etmek<\/strong> i\u00e7in <strong>ba\u011f\u0131\u015f toplayarak, okullara aktar\u0131lmas\u0131<\/strong> planlanan <strong>k\u0131rtasiye, oyuncak<\/strong> ve <strong>e\u011fitici oyunlar<\/strong> sat\u0131n ald\u0131. \u00c7ocuklara hediyeleri, koronavir\u00fcs \u00f6nlemleri kapsam\u0131nda <img loading=\"lazy\" class=\"alignright wp-image-133723\" src=\"https:\/\/www.enerjigazetesi.ist\/wp-content\/uploads\/2021\/04\/akkuyu-nukleer-calisanlarindan-cocuklara-23-nisan-armagani.jpg\" alt=\"\" width=\"280\" height=\"348\" srcset=\"https:\/\/www.enerjigazetesi.ist\/wp-content\/uploads\/2021\/04\/akkuyu-nukleer-calisanlarindan-cocuklara-23-nisan-armagani.jpg 579w, https:\/\/www.enerjigazetesi.ist\/wp-content\/uploads\/2021\/04\/akkuyu-nukleer-calisanlarindan-cocuklara-23-nisan-armagani-241x300.jpg 241w, https:\/\/www.enerjigazetesi.ist\/wp-content\/uploads\/2021\/04\/akkuyu-nukleer-calisanlarindan-cocuklara-23-nisan-armagani-322x400.jpg 322w, https:\/\/www.enerjigazetesi.ist\/wp-content\/uploads\/2021\/04\/akkuyu-nukleer-calisanlarindan-cocuklara-23-nisan-armagani-40x50.jpg 40w, https:\/\/www.enerjigazetesi.ist\/wp-content\/uploads\/2021\/04\/akkuyu-nukleer-calisanlarindan-cocuklara-23-nisan-armagani-500x622.jpg 500w\" sizes=\"(max-width: 280px) 100vw, 280px\" \/>verilecek.<\/p>\n<p>Akkuyu N\u00fckleer A. \u015e. Genel M\u00fcd\u00fcr\u00fc Anastasia Zoteeva, konuyla ilgili yapt\u0131\u011f\u0131 a\u00e7\u0131klamada \u201c<em>S\u00fcrd\u00fcr\u00fclebilir kalk\u0131nma ve sosyal sorumlulu\u011fun b\u00fcy\u00fck \u00f6l\u00e7ekli projelerin ba\u015far\u0131l\u0131 bir \u015fekilde uygulanmas\u0131n\u0131n temel ilkeleri oldu\u011funu biliyor, ve m\u00fcmk\u00fcn oldu\u011funca bu t\u00fcr projelere a\u011f\u0131rl\u0131k veriyoruz. Ge\u00e7en y\u0131l, T\u00fcrk H\u00fck\u00fcmeti taraf\u0131ndan, salg\u0131n nedeniyle gelir kaynaklar\u0131n\u0131 kaybeden vatanda\u015f kategorileri ve yoksul ailelerini desteklemek amac\u0131yla ba\u015flat\u0131lan<strong> \u2018Biz bize yeteriz\u2019<\/strong> kampanyas\u0131na <strong>3 milyon liradan \u00a0fazla<\/strong> para ay\u0131rd\u0131k. Yerel hastanelere ve okullara maddi destek sa\u011flad\u0131k, ihtiya\u00e7 sahiplerine g\u0131da paketi da\u011f\u0131t\u0131m\u0131 ger\u00e7ekle\u015ftirdik. \u015eimdi, \u015firketin hay\u0131rsever giri\u015fimlerinin \u00e7al\u0131\u015fanlar\u0131m\u0131za da nas\u0131l yans\u0131d\u0131\u011f\u0131n\u0131 g\u00f6r\u00fcyoruz. Onlar\u0131n yerel toplulu\u011fa nas\u0131l entegre olduklar\u0131 ve yerel halk\u0131n refah\u0131, b\u00f6lgenin istikrar\u0131 ve refah\u0131 i\u00e7in nas\u0131l ki\u015fisel sorumluluk g\u00f6sterdiklerini gururla izliyoruz\u201d<\/em> ifadeleri kulland\u0131.<\/p>\n<p>AKKUYU N\u00dcKLEER A.\u015e., <strong>Akkuyu NGS<\/strong>\u2019nin in\u015fa\u00a0edildi\u011fi\u00a0b\u00f6lgeye destek i\u00e7in\u00a0ba\u015flatt\u0131\u011f\u0131 faaliyetlerini s\u00fcrd\u00fcr\u00fcyor. Ge\u00e7en y\u0131l \u015eirket <strong>Silifke Devlet Hastanesi, B\u00fcy\u00fckeceli Aile Sa\u011fl\u0131k Merkezi<\/strong> ile <strong>B\u00fcy\u00fckeceli \u0130lk ve Orta Okuluna ba\u011f\u0131\u015f sertifikalar\u0131<\/strong> vermi\u015fti. Yeni e\u011fitim-\u00f6\u011fretim y\u0131l\u0131n\u0131n ba\u015flanmas\u0131 vesilesi ile de G\u00fclnar \u0130l\u00e7e Milli E\u011fitim M\u00fcd\u00fcrl\u00fc\u011f\u00fc\u2019ne, s\u0131n\u0131flar\u0131n yenilenmesinden spor malzemeleri teminine kadar G\u00fclnar il\u00e7esindeki okullar\u0131n \u00e7e\u015fitli ihtiya\u00e7lar\u0131 i\u00e7in <strong>372 bin TL<\/strong> tutar\u0131nda bir ba\u011f\u0131\u015f sertifikas\u0131 aktar\u0131lm\u0131\u015ft\u0131. Ge\u00e7ti\u011fmiz g\u00fcnlerde de <strong>Akkuyu Projesi<\/strong>\u2019nde yer alan firmalarla ile i\u015fbirli\u011fi yap\u0131larak G\u00fclnar \u0130l\u00e7esi <strong>Sosyal Yard\u0131mla\u015fma ve Dayan\u0131\u015fma Vakf\u0131<\/strong>\u2019na<strong> 500 adet<\/strong> ramazan kolisi teslim edilmi\u015fti.<\/p>","protected":false},"excerpt":{"rendered":"<p>Sorry, this entry is only available in Turkish. For the sake of viewer convenience, the content is shown below in the alternative language. You may click the link to switch the active language. AKKUYU N\u00dcKLEER A.\u015e. \u00e7al\u0131\u015fanlar\u0131, 23 Nisan Ulusal Egemenlik ve \u00c7ocuk Bayram\u0131 dolay\u0131s\u0131yla santralin in\u015fa edildi\u011fi B\u00fcy\u00fckeceli Mahallesi&#8217;ndeki \u00e7ocuklar\u00a0i\u00e7in hediyeler ald\u0131. Hediyeler, ilkokul [&hellip;]<\/p>\n","protected":false},"author":1,"featured_media":133724,"comment_status":"open","ping_status":"open","sticky":false,"template":"","format":"standard","meta":[],"categories":[51,53,43],"tags":[89592,89593,42302,20867,89591,23311,53348],"views":154,"_links":{"self":[{"href":"https:\/\/www.enerjigazetesi.ist\/en\/wp-json\/wp\/v2\/posts\/133719"}],"collection":[{"href":"https:\/\/www.enerjigazetesi.ist\/en\/wp-json\/wp\/v2\/posts"}],"about":[{"href":"https:\/\/www.enerjigazetesi.ist\/en\/wp-json\/wp\/v2\/types\/post"}],"author":[{"embeddable":true,"href":"https:\/\/www.enerjigazetesi.ist\/en\/wp-json\/wp\/v2\/users\/1"}],"replies":[{"embeddable":true,"href":"https:\/\/www.enerjigazetesi.ist\/en\/wp-json\/wp\/v2\/comments?post=133719"}],"version-history":[{"count":1,"href":"https:\/\/www.enerjigazetesi.ist\/en\/wp-json\/wp\/v2\/posts\/133719\/revisions"}],"predecessor-version":[{"id":133720,"href":"https:\/\/www.enerjigazetesi.ist\/en\/wp-json\/wp\/v2\/posts\/133719\/revisions\/133720"}],"wp:featuredmedia":[{"embeddable":true,"href":"https:\/\/www.enerjigazetesi.ist\/en\/wp-json\/wp\/v2\/media\/133724"}],"wp:attachment":[{"href":"https:\/\/www.enerjigazetesi.ist\/en\/wp-json\/wp\/v2\/media?parent=133719"}],"wp:term":[{"taxonomy":"category","embeddable":true,"href":"https:\/\/www.enerjigazetesi.ist\/en\/wp-json\/wp\/v2\/categories?post=133719"},{"taxonomy":"post_tag","embeddable":true,"href":"https:\/\/www.enerjigazetesi.ist\/en\/wp-json\/wp\/v2\/tags?post=133719"}],"curies":[{"name":"wp","href":"https:\/\/api.w.org\/{rel}","templated":true}]}}