{"id":1336,"date":"2012-08-09T09:00:09","date_gmt":"2012-08-09T06:00:09","guid":{"rendered":"https:\/\/www.enerjigazetesi.ist\/?p=1336"},"modified":"2012-08-09T09:00:09","modified_gmt":"2012-08-09T06:00:09","slug":"enerji-ve-tabii-kaynaklar-bakani-yildiz-erzincanda","status":"publish","type":"post","link":"https:\/\/www.enerjigazetesi.ist\/en\/enerji-ve-tabii-kaynaklar-bakani-yildiz-erzincanda\/","title":{"rendered":"(Turkish) Enerji Ve Tabii Kaynaklar Bakan\u0131 Y\u0131ld\u0131z Erzincan\u2019da"},"content":{"rendered":"<p class=\"qtranxs-available-languages-message qtranxs-available-languages-message-en\">Sorry, this entry is only available in <a href=\"https:\/\/www.enerjigazetesi.ist\/tr\/wp-json\/wp\/v2\/posts\/1336\" class=\"qtranxs-available-language-link qtranxs-available-language-link-tr\" title=\"Turkish\">Turkish<\/a>. For the sake of viewer convenience, the content is shown below in the alternative language. You may click the link to switch the active language.<\/p><p><strong>Enerji ve Tabii Kaynaklar Bakan\u0131 Taner Y\u0131ld\u0131z, Kerk\u00fck-Yumurtal\u0131k Petrol Boru Hatt\u0131\u2019na d\u00fczenlenen sabotaj nedeniyle duran petrol ak\u0131\u015f\u0131n\u0131n al\u0131nan g\u00fcvenlik \u00f6nlemlerinin ard\u0131ndan bug\u00fcn ba\u015flayaca\u011f\u0131n\u0131 s\u00f6yledi.<\/strong><\/p>\n<div>\n<p><img loading=\"lazy\" class=\"alignleft size-medium wp-image-1337\" title=\"enerji-ve-tabii-kaynaklar-bakani-yildiz-erzincanda\" src=\"https:\/\/www.enerjigazetesi.ist\/wp-content\/uploads\/2012\/08\/enerji-ve-tabii-kaynaklar-bakani-yildiz-erzincanda-300x199.jpg\" alt=\"\" width=\"300\" height=\"199\" srcset=\"https:\/\/www.enerjigazetesi.ist\/wp-content\/uploads\/2012\/08\/enerji-ve-tabii-kaynaklar-bakani-yildiz-erzincanda-300x199.jpg 300w, https:\/\/www.enerjigazetesi.ist\/wp-content\/uploads\/2012\/08\/enerji-ve-tabii-kaynaklar-bakani-yildiz-erzincanda-75x50.jpg 75w, https:\/\/www.enerjigazetesi.ist\/wp-content\/uploads\/2012\/08\/enerji-ve-tabii-kaynaklar-bakani-yildiz-erzincanda.jpg 470w\" sizes=\"(max-width: 300px) 100vw, 300px\" \/>Enerji ve Tabii Kaynaklar Bakan\u0131 Taner Y\u0131ld\u0131z, Kerk\u00fck-Yumurtal\u0131k Petrol Boru Hatt\u0131\u2019na d\u00fczenlenen sabotaj nedeniyle duran <strong>Petrol<\/strong> ak\u0131\u015f\u0131n\u0131n al\u0131nan g\u00fcvenlik \u00f6nlemlerinin ard\u0131ndan bug\u00fcn ba\u015flayaca\u011f\u0131n\u0131 s\u00f6yledi.<\/p>\n<p>\u00c7e\u015fitli temaslarda bulunmak amac\u0131yla Erzincan\u2019a gelen Enerji ve Tabii Kaynaklar Bakan\u0131 <strong>Taner Y\u0131ld\u0131z<\/strong>, <strong>Erzincan<\/strong> Havaliman\u0131nda yo\u011fun bir ilgiyle kar\u015f\u0131land\u0131.<\/p>\n<p>Erzincan Valisi Selman Yenig\u00fcn, Belediye Ba\u015fkan\u0131 Y\u00fcksel \u00c7ak\u0131r, Ak Parti Erzincan Milletvekili Sebahattin Karakelle, kamu kurum ve kurulu\u015f temsilcileri ile\u00a0parti<strong>\u00a0<\/strong>\u00a0il te\u015fkilat\u0131 ile vatanda\u015flar taraf\u0131ndan kar\u015f\u0131lanan Bakan Y\u0131ld\u0131z, ilk olarak Vali Selman Yenig\u00fcn\u2019\u00fc makam\u0131nda ziyaret etti.<\/p>\n<p>Burada Vali Yenig\u00fcn taraf\u0131ndan Erzincan\u2019\u0131n yer alt\u0131 kaynaklar\u0131 ve maden i\u015fletmeleri ile ilgili k\u0131sa bilgilendirmesinin ard\u0131ndan, konu\u015fan Bakan Y\u0131ld\u0131z, Ramazan ay\u0131 s\u00fcresince illerde d\u00fczenlenen iftar programlar\u0131na kat\u0131ld\u0131\u011f\u0131n\u0131 s\u00f6yledi. PKK taraf\u0131ndan Kerk\u00fck-Yumurtal\u0131k Petrol Boru Hatt\u0131\u2019na d\u00fczenlenen sabotaj\u0131n ard\u0131ndan gerekli g\u00fcvenlik \u00f6nlemlerinin al\u0131narak, petrol ak\u0131\u015f\u0131n\u0131n bug\u00fcn itibari ba\u015flayaca\u011f\u0131n\u0131 ifade eden Bakan Y\u0131ld\u0131z; \u201cKerk\u00fck-Yumurtal\u0131k Petrol Boru Hatt\u0131\u2019n\u0131n, Bak\u00fc Tiflis Ceyhan Boru Hatt\u0131\u2019ndan daha kapasiteli olan 70 milyon tonluk boru hatt\u0131 ter\u00f6ristler taraf\u0131ndan zarara u\u011frat\u0131lmak istenilmi\u015ftir ve borunun bir tanesi patlam\u0131\u015ft\u0131r. Bug\u00fcn bu ak\u0131\u015f\u0131 ba\u015flataca\u011f\u0131z. G\u00fcvenlik \u00f6nlemleri ile beraber oradaki tadilat i\u015flemlerimiz devam edecek\u201d dedi.<\/p>\n<p>Petrol boru hatlar\u0131n\u0131n g\u00fcvenli\u011fine y\u00f6nelik \u00e7al\u0131\u015fmalar\u0131n da devam etti\u011finin alt\u0131n\u0131 \u00e7izen Enerji ve Tabii Kaynaklar Bakan\u0131 Taner Y\u0131ld\u0131z, bu t\u00fcr sald\u0131r\u0131lar\u0131n tekrarlanmamas\u0131na y\u00f6nelik tedbirlerin al\u0131naca\u011f\u0131n\u0131 ifade etti. Bakan Y\u0131ld\u0131z; \u201c\u0130\u00e7i\u015fleri Bakanl\u0131\u011f\u0131, g\u00fcvenlik g\u00fc\u00e7leri ve bili\u015fim teknolojileri ile beraber bu haz\u0131rl\u0131klar\u0131m\u0131z devam ediyor. Bittikten sonra kamuoyu ile payla\u015fm\u0131\u015f olaca\u011f\u0131z. Bunun \u00e7ok ciddi bir cayd\u0131r\u0131c\u0131 y\u00f6n\u00fc olacak\u201d diye konu\u015ftu.<\/p>\n<p>Erzincan Valili\u011fi ziyaretinde Vali Selman Yenig\u00fcn taraf\u0131ndan Bakan Y\u0131ld\u0131z\u2019a Erzincan hat\u0131ras\u0131 bak\u0131r \u015fekerlik hediye edildi. Bakan Y\u0131ld\u0131z daha sonra 2009 y\u0131l\u0131nda Afganistan\u2019a \u015fehit olan \u015eehit Kurmay Albay Faruk Sungur\u2019un baba oca\u011f\u0131n\u0131 ziyaret ettikten sonra Erzincan Belediyesi\u2019ne ge\u00e7ti.<\/p>\n<p>Kaynak: <a href=\"http:\/\/www.stargundem.com\/ajanslar\/enerji-ve-tabii-kaynaklar-bakani-yildiz-erzincanda-31160.html\" target=\"_blank\">StarGundem<\/a><\/p>\n<\/div>\n<p><\/p>","protected":false},"excerpt":{"rendered":"<p>Sorry, this entry is only available in Turkish. For the sake of viewer convenience, the content is shown below in the alternative language. You may click the link to switch the active language.Enerji ve Tabii Kaynaklar Bakan\u0131 Taner Y\u0131ld\u0131z, Kerk\u00fck-Yumurtal\u0131k Petrol Boru Hatt\u0131\u2019na d\u00fczenlenen sabotaj nedeniyle duran petrol ak\u0131\u015f\u0131n\u0131n al\u0131nan g\u00fcvenlik \u00f6nlemlerinin ard\u0131ndan bug\u00fcn ba\u015flayaca\u011f\u0131n\u0131 [&hellip;]<\/p>\n","protected":false},"author":1,"featured_media":1337,"comment_status":"open","ping_status":"open","sticky":false,"template":"","format":"standard","meta":[],"categories":[53,44],"tags":[67,269,59,79],"views":670,"_links":{"self":[{"href":"https:\/\/www.enerjigazetesi.ist\/en\/wp-json\/wp\/v2\/posts\/1336"}],"collection":[{"href":"https:\/\/www.enerjigazetesi.ist\/en\/wp-json\/wp\/v2\/posts"}],"about":[{"href":"https:\/\/www.enerjigazetesi.ist\/en\/wp-json\/wp\/v2\/types\/post"}],"author":[{"embeddable":true,"href":"https:\/\/www.enerjigazetesi.ist\/en\/wp-json\/wp\/v2\/users\/1"}],"replies":[{"embeddable":true,"href":"https:\/\/www.enerjigazetesi.ist\/en\/wp-json\/wp\/v2\/comments?post=1336"}],"version-history":[{"count":2,"href":"https:\/\/www.enerjigazetesi.ist\/en\/wp-json\/wp\/v2\/posts\/1336\/revisions"}],"predecessor-version":[{"id":1339,"href":"https:\/\/www.enerjigazetesi.ist\/en\/wp-json\/wp\/v2\/posts\/1336\/revisions\/1339"}],"wp:featuredmedia":[{"embeddable":true,"href":"https:\/\/www.enerjigazetesi.ist\/en\/wp-json\/wp\/v2\/media\/1337"}],"wp:attachment":[{"href":"https:\/\/www.enerjigazetesi.ist\/en\/wp-json\/wp\/v2\/media?parent=1336"}],"wp:term":[{"taxonomy":"category","embeddable":true,"href":"https:\/\/www.enerjigazetesi.ist\/en\/wp-json\/wp\/v2\/categories?post=1336"},{"taxonomy":"post_tag","embeddable":true,"href":"https:\/\/www.enerjigazetesi.ist\/en\/wp-json\/wp\/v2\/tags?post=1336"}],"curies":[{"name":"wp","href":"https:\/\/api.w.org\/{rel}","templated":true}]}}