{"id":133542,"date":"2021-04-20T14:00:02","date_gmt":"2021-04-20T11:00:02","guid":{"rendered":"https:\/\/www.enerjigazetesi.ist\/?p=133542"},"modified":"2021-04-20T14:03:31","modified_gmt":"2021-04-20T11:03:31","slug":"madencilik-sektoru-nun-koklu-kurulusu-ciftay-ege-bolgesine-deger-katacak","status":"publish","type":"post","link":"https:\/\/www.enerjigazetesi.ist\/en\/madencilik-sektoru-nun-koklu-kurulusu-ciftay-ege-bolgesine-deger-katacak\/","title":{"rendered":"(Turkish) Madencilik Sekt\u00f6r\u00fcn\u00fcn K\u00f6kl\u00fc Kurulu\u015fu \u00c7iftay Ege B\u00f6lgesi&#8217;ne De\u011fer Katacak"},"content":{"rendered":"<p class=\"qtranxs-available-languages-message qtranxs-available-languages-message-en\">Sorry, this entry is only available in <a href=\"https:\/\/www.enerjigazetesi.ist\/tr\/wp-json\/wp\/v2\/posts\/133542\" class=\"qtranxs-available-language-link qtranxs-available-language-link-tr\" title=\"Turkish\">Turkish<\/a>. For the sake of viewer convenience, the content is shown below in the alternative language. You may click the link to switch the active language.<\/p><p><\/p>\n<h1><strong>\u0130zmir ve Ege b\u00f6lgesinin en de\u011ferli yat\u0131r\u0131mlar\u0131ndan biri olan Bat\u0131 Anadolu \u00c7imento Sanayii A.\u015e\u2019de (Bat\u0131\u00e7im) bir s\u00fcredir devam eden hisse sat\u0131\u015f\u0131 g\u00f6r\u00fc\u015fmeleri anla\u015fmayla sonu\u00e7land\u0131. T\u00fcrkiye\u2019nin maden, enerji ve turizm sekt\u00f6rlerinin \u00f6nde gelen kurulu\u015flar\u0131ndan \u00c7iftay \u0130n\u015faat Taahh\u00fct ve Ticaret A.\u015e,\u0130zmir ve S\u00f6ke\u2019de iki fabrikas\u0131 bulunan Bat\u0131\u00e7im grubunun % 30 hissesine<img loading=\"lazy\" class=\"alignright wp-image-133546\" src=\"https:\/\/www.enerjigazetesi.ist\/wp-content\/uploads\/2021\/04\/madencilik-sektorunun-koklu-kurulusu-ciftay-ege-bolgesine-deger-katacak-1.jpg\" alt=\"\" width=\"320\" height=\"282\" srcset=\"https:\/\/www.enerjigazetesi.ist\/wp-content\/uploads\/2021\/04\/madencilik-sektorunun-koklu-kurulusu-ciftay-ege-bolgesine-deger-katacak-1.jpg 550w, https:\/\/www.enerjigazetesi.ist\/wp-content\/uploads\/2021\/04\/madencilik-sektorunun-koklu-kurulusu-ciftay-ege-bolgesine-deger-katacak-1-300x265.jpg 300w, https:\/\/www.enerjigazetesi.ist\/wp-content\/uploads\/2021\/04\/madencilik-sektorunun-koklu-kurulusu-ciftay-ege-bolgesine-deger-katacak-1-454x400.jpg 454w, https:\/\/www.enerjigazetesi.ist\/wp-content\/uploads\/2021\/04\/madencilik-sektorunun-koklu-kurulusu-ciftay-ege-bolgesine-deger-katacak-1-57x50.jpg 57w, https:\/\/www.enerjigazetesi.ist\/wp-content\/uploads\/2021\/04\/madencilik-sektorunun-koklu-kurulusu-ciftay-ege-bolgesine-deger-katacak-1-500x441.jpg 500w\" sizes=\"(max-width: 320px) 100vw, 320px\" \/> sahip olacak.<\/strong><\/h1>\n<p><strong>Maden, enerji<\/strong> ve <strong>turizm sekt\u00f6rleri<\/strong>ndeki k\u00f6kl\u00fc tecr\u00fcbesiyle <strong>\u00fclke ekonomisine katma de\u011fer<\/strong> sa\u011flayan \u00c7iftay, <strong>\u0130zmir Bat\u0131\u00e7im grubu<\/strong>nun baz\u0131 hissedarlar\u0131 ile s\u00fcrd\u00fcrd\u00fc\u011f\u00fc <strong>hisse devri g\u00f6r\u00fc\u015fmeleri<\/strong>nde anla\u015fmaya vard\u0131. Ger\u00e7ekle\u015fen sat\u0131\u015fla, <strong>Egeli, Grebene, B\u00fckey<\/strong> ve <strong>G\u00fcnel ailelerinin<\/strong> sahip oldu\u011fu toplam <strong>% 30<\/strong> A ve B grubu hisse, <strong>maden ve enerji sekt\u00f6rlerinde<\/strong> faaliyet g\u00f6steren <strong>\u00c7iftay \u0130n\u015faat Taahh\u00fct ve Ticaret A\u015e<\/strong>&#8216;nin oldu. Hisse devir i\u015flem de\u011feri <strong>774 milyon TL<\/strong> (95 milyon dolar) olarak a\u00e7\u0131klan\u0131rken \u015firketin toplam de\u011feri ise <strong>521 milyon dolar\u0131<\/strong> buldu. 2021\u2019e b\u00fcnyesinde bar\u0131nd\u0131rd\u0131\u011f\u0131 <strong>6 \u015firket,<\/strong> bini bulan istihdam ve <strong>1.5 milyar TL<\/strong> ciro hedefiyle giren <strong>Bat\u0131\u00e7im\u2019de<\/strong> <strong>sat\u0131\u015f\u0131n kesinle\u015fmesi s\u00fcreci<\/strong> yasal izinlerin ard\u0131ndan sonu\u00e7lanacak.<\/p>\n<h2><strong>\u201cBabam\u0131n En B\u00fcy\u00fck Hayaliydi\u2026\u201d<\/strong><\/h2>\n<p>Bat\u0131\u00e7im Grubu <strong>hisse devri anla\u015fmas\u0131n\u0131<\/strong> de\u011ferlendiren <strong>\u00c7iftayA.\u015e. Payidarlar\u0131ndan Serkan Ayd\u0131n,\u00a0<\/strong>bir \u00e7imento fabrikas\u0131 sahibi olman\u0131n babas\u0131 <strong>Ziya Ayd\u0131n<\/strong>\u2019\u0131n en b\u00fcy\u00fck hayallerinden <span style=\"text-decoration: underline;\">biri oldu\u011funu s\u00f6yledi:<\/span><\/p>\n<p><strong>\u201c<\/strong>Babam\u0131n <strong>60\u2019l\u0131 y\u0131llarda<\/strong> \u00c7imento fabrikalar\u0131nda \u00f6nce i\u015f\u00e7i sonra<strong> ta\u015feronluk<\/strong> gibi i\u015flerde \u00e7al\u0131\u015fmas\u0131yla ba\u015flad\u0131 bizim hik\u00e2yemiz\u2026 Sevgili babam,<strong> 1987<\/strong> y\u0131l\u0131nda <strong>\u00c7iftay A.\u015e.<\/strong> ad\u0131yla kurdu\u011fu \u015firketi 2017 Ekimine kadar gururla ve onurla y\u00f6netti. Bizler de <strong>2. nesil<\/strong> olarak O\u2019nun bize g\u00f6sterdi\u011fi yoldan gururla ve onurla devam ediyoruz. Babam hep bir emek\u00e7i olarak ya\u015fad\u0131 ve o \u015fekilde hayata g\u00f6zlerini yumdu. O, <strong>maddi<\/strong> veya <strong>maddesel<\/strong> b\u00fcy\u00fckl\u00fckten ziyade hep yaratt\u0131\u011f\u0131<strong> istihdam<\/strong> ve<strong> katma de\u011ferle<\/strong> gurur duydu.\u201d<\/p>\n<h2><strong>\u201cBat\u0131 Grubu\u2019na Gururla Talip Olduk\u201d<\/strong><\/h2>\n<p><strong>Serkan Ayd\u0131n:\u00a0<\/strong><em>\u201cBiz de b\u00f6yle bir baban\u0131n evlatlar\u0131 olarak<strong> Bat\u0131 Grubuna<\/strong> gururla talip olduk. Hem babam\u0131z\u0131n hayalini ger\u00e7ekle\u015ftirdik hemde firmam\u0131z ad\u0131na \u00f6nemli bir yat\u0131r\u0131m yapt\u0131k. <strong>S\u0131f\u0131rdan<\/strong> ba\u015flay\u0131p<strong> 1\u2019e<\/strong> getirmek \u00e7ok zordur, biri katlay\u0131p <strong>10<\/strong> yapmak, <strong>100 yapmak<\/strong> daha kolayd\u0131r. Yoktan bir \u015feyi olu\u015fturmak en zoru iken bunu ba\u015farm\u0131\u015f bir baban\u0131n evlatlar\u0131 olarak kolay\u0131 yapmakta yani \u00fczerine bir \u015feyler koymak da bizim boynumuzun borcudur.\u201d<\/em><\/p>\n<h2><strong>\u201c\u0130zmir\u2019e ve \u00dclkemize Hay\u0131rl\u0131 Olsun\u201d<\/strong><\/h2>\n<p>\u201c<strong>\u00c7iftay Grubu<\/strong> olarak <strong>madencilik, enerji, turizm<\/strong> ve<strong> geri d\u00f6n\u00fc\u015f\u00fcm<\/strong> gibi bir\u00e7ok sekt\u00f6rde s\u00fcrd\u00fcr\u00fclebilirlik ilkesiyle \u00e7al\u0131\u015f\u0131yoruz\u201d diyen Serkan Ayd\u0131n a\u00e7\u0131klamas\u0131na \u015f\u00f6yle devam etti: <em>\u201c\u00c7iftay Grubu olarak maden, enerji ve turizm sekt\u00f6rlerinde <strong>3 bine yak\u0131n<\/strong> \u00e7al\u0131\u015fan\u0131m\u0131z ve mevcut <strong>125 \u015firketimiz<\/strong> ile s\u00fcrd\u00fcr\u00fclebilirlik ilkesiyle faaliyetlerimizi s\u00fcrd\u00fcr\u00fcyoruz. T\u00fcm bunlarla \u00fclke ekonomisine katk\u0131 sa\u011flamay\u0131 ve istihdam\u0131 artt\u0131rmay\u0131 hedefliyoruz. Bu do\u011frultuda Avrupa\u2019da ve t\u00fcm d\u00fcnyada kullan\u0131m\u0131 yayg\u0131nla\u015fan <strong>al\u00fcmine \u00e7imento, beyaz \u00e7imento, y\u00fcksek mukavemetli portland \u00e7imento<\/strong> gibi <strong>\u00f6zel \u00e7imento \u00fcretimlerine<\/strong> a\u011f\u0131rl\u0131k vererek<strong> sekt\u00f6rde fark yaratan yat\u0131r\u0131mlar<\/strong> yapaca\u011f\u0131z. \u015eimdiden <strong>\u0130zmir\u2019imize<\/strong> ve \u00fclkemize hay\u0131rl\u0131 ve u\u011furlu olsun.\u2019\u2019<\/em><\/p>\n<h2><strong>\u2018\u2019Bu D\u00f6nemde de Yat\u0131r\u0131m Yap\u0131lmas\u0131 Gerekti\u011fini D\u00fc\u015f\u00fcn\u00fcyoruz\u2019\u2019<\/strong><\/h2>\n<p>&#8220;Biz grup olarak her zaman durmak yok \u00fcretmeye,<strong> istihdam yaratmaya<\/strong> devam ilkesi ile <strong>\u0130zmir\u2019imize<\/strong> yeni m\u00fcjdeler vermeye devam edece\u011fiz. \u015eu anda <strong>pandemi<\/strong> ya\u015fan\u0131yor. Ancak herkes d\u00f6nemi bahane edip \u00e7al\u0131\u015fmalar\u0131n\u0131 durdurursa hem <strong>ekonomiye<\/strong> hem de <strong>istihdama<\/strong> ciddi zarar\u0131 olur. Biz bu d\u00f6nemde de <strong>yat\u0131r\u0131m yap\u0131lmas\u0131 gerekti\u011fini<\/strong> d\u00fc\u015f\u00fcn\u00fcyoruz. <strong>Vatansever insanlar\u0131n<\/strong> da bunu yapmas\u0131 gerekir.&#8221;<\/p>","protected":false},"excerpt":{"rendered":"<p>Sorry, this entry is only available in Turkish. For the sake of viewer convenience, the content is shown below in the alternative language. You may click the link to switch the active language. \u0130zmir ve Ege b\u00f6lgesinin en de\u011ferli yat\u0131r\u0131mlar\u0131ndan biri olan Bat\u0131 Anadolu \u00c7imento Sanayii A.\u015e\u2019de (Bat\u0131\u00e7im) bir s\u00fcredir devam eden hisse sat\u0131\u015f\u0131 g\u00f6r\u00fc\u015fmeleri [&hellip;]<\/p>\n","protected":false},"author":1,"featured_media":133549,"comment_status":"open","ping_status":"open","sticky":false,"template":"","format":"standard","meta":[],"categories":[51,53],"tags":[89479,89474,89480,89475,89477,89478,63,23311,2529,89473,89476,76929,6638,53315,1295],"views":74,"_links":{"self":[{"href":"https:\/\/www.enerjigazetesi.ist\/en\/wp-json\/wp\/v2\/posts\/133542"}],"collection":[{"href":"https:\/\/www.enerjigazetesi.ist\/en\/wp-json\/wp\/v2\/posts"}],"about":[{"href":"https:\/\/www.enerjigazetesi.ist\/en\/wp-json\/wp\/v2\/types\/post"}],"author":[{"embeddable":true,"href":"https:\/\/www.enerjigazetesi.ist\/en\/wp-json\/wp\/v2\/users\/1"}],"replies":[{"embeddable":true,"href":"https:\/\/www.enerjigazetesi.ist\/en\/wp-json\/wp\/v2\/comments?post=133542"}],"version-history":[{"count":0,"href":"https:\/\/www.enerjigazetesi.ist\/en\/wp-json\/wp\/v2\/posts\/133542\/revisions"}],"wp:featuredmedia":[{"embeddable":true,"href":"https:\/\/www.enerjigazetesi.ist\/en\/wp-json\/wp\/v2\/media\/133549"}],"wp:attachment":[{"href":"https:\/\/www.enerjigazetesi.ist\/en\/wp-json\/wp\/v2\/media?parent=133542"}],"wp:term":[{"taxonomy":"category","embeddable":true,"href":"https:\/\/www.enerjigazetesi.ist\/en\/wp-json\/wp\/v2\/categories?post=133542"},{"taxonomy":"post_tag","embeddable":true,"href":"https:\/\/www.enerjigazetesi.ist\/en\/wp-json\/wp\/v2\/tags?post=133542"}],"curies":[{"name":"wp","href":"https:\/\/api.w.org\/{rel}","templated":true}]}}