{"id":133517,"date":"2021-04-20T12:53:36","date_gmt":"2021-04-20T09:53:36","guid":{"rendered":"https:\/\/www.enerjigazetesi.ist\/?p=133517"},"modified":"2021-04-20T12:54:36","modified_gmt":"2021-04-20T09:54:36","slug":"enerjinin-yildizlari-projesi-ile-12-sinif-ogrencileri-egitim-ve-stajini-surduruyor","status":"publish","type":"post","link":"https:\/\/www.enerjigazetesi.ist\/en\/enerjinin-yildizlari-projesi-ile-12-sinif-ogrencileri-egitim-ve-stajini-surduruyor\/","title":{"rendered":"(Turkish) Enerjinin Y\u0131ld\u0131zlar\u0131 Projesi ile 12. S\u0131n\u0131f \u00d6\u011frencileri E\u011fitim ve Staj\u0131n\u0131 S\u00fcrd\u00fcr\u00fcyor"},"content":{"rendered":"<p class=\"qtranxs-available-languages-message qtranxs-available-languages-message-en\">Sorry, this entry is only available in <a href=\"https:\/\/www.enerjigazetesi.ist\/tr\/wp-json\/wp\/v2\/posts\/133517\" class=\"qtranxs-available-language-link qtranxs-available-language-link-tr\" title=\"Turkish\">Turkish<\/a>. For the sake of viewer convenience, the content is shown below in the alternative language. You may click the link to switch the active language.<\/p><p><\/p>\n<h1><strong>Ramazan ay\u0131n\u0131n ilk 2 haftas\u0131nda T\u00fcrkiye genelinde k\u0131smi kapanma karar\u0131 al\u0131n\u0131rken MEB de yeni d\u00fczenlemeye giderek 8 ve 12\u2019nci s\u0131n\u0131flar hari\u00e7 y\u00fcz y\u00fcze e\u011fitime ara verdi. MEB\u2019in ald\u0131\u011f\u0131 son karar \u00e7er\u00e7evesinde Bayrampa\u015fa \u0130n\u00f6n\u00fc Mesleki Teknik Lisesi\u2019nde BEDA\u015e\u2019\u0131n deste\u011fi ile olu\u015fturulan Y\u00fcksek Gerilim Dal\u0131\u2019nda e\u011fitim g\u00f6ren 32 \u00f6\u011frenci haftada 2 g\u00fcn meslek dersleri i\u00e7in y\u00fcz y\u00fcze e\u011fitim al\u0131rken 20 \u00f6\u011frenci de 3 g\u00fcn BEDA\u015e\u2019ta staj yapmay\u0131 s\u00fcrd\u00fcrecek.<\/strong><\/h1>\n<p><strong>Cumhurba\u015fkan\u0131 Recep Tayyip Erdo\u011fan<\/strong>\u2019\u0131n <strong>13 Nisan Sal\u0131<\/strong> g\u00fcn\u00fc yapt\u0131\u011f\u0131 a\u00e7\u0131klama ile birlikte <strong>Kovid-19 salg\u0131n\u0131na kar\u015f\u0131<\/strong> Ramazan ay\u0131n\u0131n <strong>ilk 2 haftas\u0131<\/strong>nda T\u00fcrkiye genelinde <strong>\u2018k\u0131smi kapanma\u2019 s\u00fcrecine<\/strong> girilirken <strong>Milli E\u011fitim Bakanl\u0131\u011f\u0131 (MEB)<\/strong> da okullarda yeni d\u00fczenlemeye gitti. <strong>MEB\u2019in<\/strong> karar\u0131yla<strong> 15 <img loading=\"lazy\" class=\"alignright wp-image-133521\" src=\"https:\/\/www.enerjigazetesi.ist\/wp-content\/uploads\/2021\/04\/enerjinin-yildizlari-projesi-ile-12-sinif-ogrencileri-egitim-ve-stajini-surduruyor-2.jpg\" alt=\"\" width=\"320\" height=\"172\" srcset=\"https:\/\/www.enerjigazetesi.ist\/wp-content\/uploads\/2021\/04\/enerjinin-yildizlari-projesi-ile-12-sinif-ogrencileri-egitim-ve-stajini-surduruyor-2.jpg 550w, https:\/\/www.enerjigazetesi.ist\/wp-content\/uploads\/2021\/04\/enerjinin-yildizlari-projesi-ile-12-sinif-ogrencileri-egitim-ve-stajini-surduruyor-2-300x161.jpg 300w, https:\/\/www.enerjigazetesi.ist\/wp-content\/uploads\/2021\/04\/enerjinin-yildizlari-projesi-ile-12-sinif-ogrencileri-egitim-ve-stajini-surduruyor-2-500x269.jpg 500w, https:\/\/www.enerjigazetesi.ist\/wp-content\/uploads\/2021\/04\/enerjinin-yildizlari-projesi-ile-12-sinif-ogrencileri-egitim-ve-stajini-surduruyor-2-80x43.jpg 80w\" sizes=\"(max-width: 320px) 100vw, 320px\" \/>Nisan<\/strong> tarihinden itibaren <strong>8 ve 12\u2019nci s\u0131n\u0131flar<\/strong> hari\u00e7 t\u00fcm s\u0131n\u0131flarda <strong>tam zamanl\u0131 uzaktan e\u011fitim<\/strong> ba\u015flad\u0131.<\/p>\n<p>Bu kapsamda <strong>\u0130stanbul Bayrampa\u015fa<\/strong>\u2019da <strong>\u0130n\u00f6n\u00fc Mesleki ve Teknik Anadolu Lisesi\u2019nde<\/strong> <strong>Bo\u011fazi\u00e7i Elektrik Da\u011f\u0131t\u0131m A.\u015e.nin (BEDA\u015e) deste\u011fi<\/strong> ile olu\u015fturulan <strong>Y\u00fcksek Gerilim Dal\u0131 b\u00f6l\u00fcm\u00fc<\/strong>nde de y\u00fcz y\u00fcze ve uzaktan e\u011fitim \u015fartlar\u0131 yeniden belirlendi.<strong> \u2018Enerjinin Y\u0131ld\u0131zlar\u0131\u2019 Projesi<\/strong> kapsam\u0131nda <strong>Y\u00fcksek Gerilim Dal\u0131\u2019n\u0131<\/strong> tercih eden <strong>23 \u00f6\u011frenci<\/strong> yeniden <strong>uzaktan e\u011fitime<\/strong> ge\u00e7erken <strong>12\u2019nci s\u0131n\u0131flarda<\/strong> e\u011fitim g\u00f6ren toplam 32 \u00f6\u011frenci haftada iki g\u00fcn meslek dersleri i\u00e7in okula gidecek. Ayr\u0131ca <strong>20 \u00f6\u011frencinin<\/strong> haftan\u0131n 3 g\u00fcn\u00fc <strong>BEDA\u015e\u2019ta staj\u0131<\/strong> da devam edecek.<\/p>\n<p><strong>Kovid-19 salg\u0131n\u0131na<\/strong> kar\u015f\u0131 \u00f6\u011fretmen ve \u00f6\u011frencilerin sa\u011fl\u0131\u011f\u0131n\u0131 korumaya y\u00f6nelik t\u00fcm \u00f6nlemlerin al\u0131nd\u0131\u011f\u0131 <strong>12\u2019nci s\u0131n\u0131flar\u0131n y\u00fcz y\u00fcze e\u011fitimleri<\/strong>nde, her \u00f6\u011frenci tek ba\u015f\u0131na otururken yer de\u011fi\u015fikli\u011fi yap\u0131lamayacak. <strong>Maske, mesafe<\/strong> ve<strong> temizlik kurallar\u0131<\/strong>na b\u00fcy\u00fck \u00f6zen g\u00f6sterilen e\u011fitim s\u00fcrecinde kurallara uyum \u00f6\u011fretmenler taraf\u0131ndan da takip edilecek.<\/p>\n<h2><strong>\u00c7EVR\u0130M\u0130\u00c7\u0130 \u201cELEKTR\u0130K P\u0130YASASI\u201d DERSLER\u0130 BA\u015eLADI\u00a0<\/strong><\/h2>\n<p>\u00d6\u011frencilerin teknik ve uygulamal\u0131 derslerinin yan\u0131 s\u0131ra sekt\u00f6re dair bilgi sahibi olmalar\u0131 i\u00e7in <strong>CK Enerji \u00e7al\u0131\u015fanlar\u0131<\/strong> taraf\u0131ndan verilen <strong>Elektrik Piyasas\u0131 dersleri<\/strong> de \u00e7evrimi\u00e7i olarak yap\u0131lacak. <strong>9 hafta<\/strong> s\u00fcren e\u011fitimlerde; T\u00fcrkiye enerji piyasas\u0131na <strong>genel bak\u0131\u015f, iletim, \u00fcretim, da\u011f\u0131t\u0131m, t\u00fcketim, y\u00f6netmelikler, t\u00fcketici hizmetleri, arz-talep, rekabet hukuku, piyasa esaslar\u0131<\/strong> gibi bir\u00e7ok konuya yer verilecek.<\/p>\n<h2><strong>BU YIL 23 YEN\u0130 \u00d6\u011eRENC\u0130 ARAMIZA KATILDI\u00a0<\/strong><\/h2>\n<p><strong>Elektrik da\u011f\u0131t\u0131m sekt\u00f6r\u00fc<\/strong>n\u00fcn yeti\u015fmi\u015f eleman ihtiyac\u0131na yan\u0131t \u00fcretmek ad\u0131na MEB ile bir protokol imzalad\u0131\u011f\u0131n\u0131 ve Enerjinin Y\u0131ld\u0131zlar\u0131 Projesi\u2019nin hayata ge\u00e7ti\u011fini an\u0131msatan <em>BEDA\u015e Genel M\u00fcd\u00fcr\u00fc<\/em> <strong>Murat Yi\u011fit<\/strong>, \u201cBiz de bu proje kapsam\u0131nda <strong>\u0130stanbul Bayrampa\u015fa \u0130n\u00f6n\u00fc Mesleki ve Teknik Anadolu Lisesi<\/strong>\u2019nde, Y\u00fcksek Gerilim Laboratuvar\u0131 kurduk. Projeye <strong>2018-2019 e\u011fitim-\u00f6\u011fretim y\u0131l\u0131nda<\/strong> 12 \u00f6\u011frenci ile ba\u015flad\u0131k. 2019-2020\u2019de 32, 2020-2021\u2019de ise <strong>23 \u00f6\u011frenci<\/strong> aram\u0131za kat\u0131ld\u0131. Ba\u015far\u0131l\u0131 \u00f6\u011frencilere y\u0131l boyunca burs ve staj imk\u00e2n\u0131 sa\u011flad\u0131\u011f\u0131m\u0131z projede, T\u00fcrkiye genelinde Ramazan ay\u0131n\u0131n ilk iki haftas\u0131ndaki k\u0131sm\u0131 kapatma s\u00fcrecinde 11\u2019inci s\u0131n\u0131f \u00f6\u011frencilerimiz ile uzaktan, <strong>12\u2019nci s\u0131n\u0131f \u00f6\u011frencilerimiz<\/strong> ile de y\u00fcz y\u00fcze e\u011fitime ge\u00e7tik. Salg\u0131na kar\u015f\u0131 t\u00fcm \u00f6nlemlerin al\u0131nd\u0131\u011f\u0131 e\u011fitimlerde \u00f6\u011frencilerimiz bu mesle\u011fi uygulamal\u0131 olarak \u00f6\u011frenme f\u0131rsat\u0131na sahip oluyor. Enerjinin Y\u0131ld\u0131zlar\u0131 Projesi\u2019ne k\u0131z \u00f6\u011frencilerimiz de ilgi g\u00f6steriyor. Bug\u00fcne kadar projemizde <strong>10 k\u0131z \u00f6\u011frencimiz<\/strong> yer al\u0131rken <strong>3\u2019\u00fc de ba\u015far\u0131<\/strong> ile<strong> mezun<\/strong> oldu. Projeyle erkek yo\u011funlu\u011funun fazla oldu\u011fu enerji sekt\u00f6r\u00fcne kalifiye kad\u0131n istihdam yeti\u015ftirmenin de mutlulu\u011funu ya\u015f\u0131yoruz\u201d dedi.<\/p>\n<p><strong>Y\u00fcksek Gerilim Dal\u0131<\/strong>\u2019ndaki \u00f6\u011frencilere y\u00f6nelik <strong>\u201cElektrik Piyasas\u0131\u201d dersinin m\u00fcfredata<\/strong> girmesi i\u00e7in<strong> 90 CK Enerji \u00e7al\u0131\u015fan\u0131<\/strong>n\u0131n b\u00fcy\u00fck emek vererek sekt\u00f6r\u00fcn<strong> \u201cilk ders kitab\u0131n\u0131\u201d<\/strong> da haz\u0131rlad\u0131\u011f\u0131na i\u015faret eden <strong>Murat Yi\u011fit<\/strong>, Enerjinin Y\u0131ld\u0131zlar\u0131 Projesi\u2019nin ilk mezunlar\u0131n\u0131n <strong>BEDA\u015e\u2019ta i\u015f ba\u015f\u0131 yaparak<\/strong> sekt\u00f6re ad\u0131m att\u0131klar\u0131n\u0131 kaydetti.<\/p>","protected":false},"excerpt":{"rendered":"<p>Sorry, this entry is only available in Turkish. For the sake of viewer convenience, the content is shown below in the alternative language. You may click the link to switch the active language. Ramazan ay\u0131n\u0131n ilk 2 haftas\u0131nda T\u00fcrkiye genelinde k\u0131smi kapanma karar\u0131 al\u0131n\u0131rken MEB de yeni d\u00fczenlemeye giderek 8 ve 12\u2019nci s\u0131n\u0131flar hari\u00e7 y\u00fcz [&hellip;]<\/p>\n","protected":false},"author":1,"featured_media":133520,"comment_status":"open","ping_status":"open","sticky":false,"template":"","format":"standard","meta":[],"categories":[51,53],"tags":[89457,85229,89452,84925,52566,53114,89456,42396,89453,89458,89450,89451,89455,59148,89454],"views":119,"_links":{"self":[{"href":"https:\/\/www.enerjigazetesi.ist\/en\/wp-json\/wp\/v2\/posts\/133517"}],"collection":[{"href":"https:\/\/www.enerjigazetesi.ist\/en\/wp-json\/wp\/v2\/posts"}],"about":[{"href":"https:\/\/www.enerjigazetesi.ist\/en\/wp-json\/wp\/v2\/types\/post"}],"author":[{"embeddable":true,"href":"https:\/\/www.enerjigazetesi.ist\/en\/wp-json\/wp\/v2\/users\/1"}],"replies":[{"embeddable":true,"href":"https:\/\/www.enerjigazetesi.ist\/en\/wp-json\/wp\/v2\/comments?post=133517"}],"version-history":[{"count":0,"href":"https:\/\/www.enerjigazetesi.ist\/en\/wp-json\/wp\/v2\/posts\/133517\/revisions"}],"wp:featuredmedia":[{"embeddable":true,"href":"https:\/\/www.enerjigazetesi.ist\/en\/wp-json\/wp\/v2\/media\/133520"}],"wp:attachment":[{"href":"https:\/\/www.enerjigazetesi.ist\/en\/wp-json\/wp\/v2\/media?parent=133517"}],"wp:term":[{"taxonomy":"category","embeddable":true,"href":"https:\/\/www.enerjigazetesi.ist\/en\/wp-json\/wp\/v2\/categories?post=133517"},{"taxonomy":"post_tag","embeddable":true,"href":"https:\/\/www.enerjigazetesi.ist\/en\/wp-json\/wp\/v2\/tags?post=133517"}],"curies":[{"name":"wp","href":"https:\/\/api.w.org\/{rel}","templated":true}]}}