{"id":133441,"date":"2021-04-19T10:19:48","date_gmt":"2021-04-19T07:19:48","guid":{"rendered":"https:\/\/www.enerjigazetesi.ist\/?p=133441"},"modified":"2021-04-19T10:23:36","modified_gmt":"2021-04-19T07:23:36","slug":"sanko-enerji-sera-gazlarini-azaltan-yesil-enerji-sertifikalari-sunuyor","status":"publish","type":"post","link":"https:\/\/www.enerjigazetesi.ist\/en\/sanko-enerji-sera-gazlarini-azaltan-yesil-enerji-sertifikalari-sunuyor\/","title":{"rendered":"(Turkish) Sanko Enerji Sera Gazlar\u0131n\u0131 Azaltan &#8216;Ye\u015fil Enerji Sertifikalar\u0131&#8217; Sunuyor"},"content":{"rendered":"<p class=\"qtranxs-available-languages-message qtranxs-available-languages-message-en\">Sorry, this entry is only available in <a href=\"https:\/\/www.enerjigazetesi.ist\/tr\/wp-json\/wp\/v2\/posts\/133441\" class=\"qtranxs-available-language-link qtranxs-available-language-link-tr\" title=\"Turkish\">Turkish<\/a>. For the sake of viewer convenience, the content is shown below in the alternative language. You may click the link to switch the active language.<\/p><p><\/p>\n<h1>Sanko Enerji Grubu, kendi santrallerinde \u00fcretti\u011fi yenilenebilir enerji kaynaklar\u0131ndan elektrik alan m\u00fc\u015fterilerine, t\u00fcketilen elektri\u011fin yenilenebilir enerji kaynaklar\u0131ndan \u00fcretildi\u011fini g\u00f6steren yenilenebilir enerji sertifikas\u0131 I-REC\u2019in yan\u0131 s\u0131ra, \u00fcretim ve ticari faaliyetler sonucunda olu\u015fan sera gaz\u0131 emisyonunu azaltt\u0131\u011f\u0131n\u0131<img loading=\"lazy\" class=\"alignright wp-image-133443\" src=\"https:\/\/www.enerjigazetesi.ist\/wp-content\/uploads\/2021\/04\/sanko-enerji-yesil-enerji-sertifikalari-sunuyor.jpg\" alt=\"\" width=\"320\" height=\"224\" srcset=\"https:\/\/www.enerjigazetesi.ist\/wp-content\/uploads\/2021\/04\/sanko-enerji-yesil-enerji-sertifikalari-sunuyor.jpg 550w, https:\/\/www.enerjigazetesi.ist\/wp-content\/uploads\/2021\/04\/sanko-enerji-yesil-enerji-sertifikalari-sunuyor-300x210.jpg 300w, https:\/\/www.enerjigazetesi.ist\/wp-content\/uploads\/2021\/04\/sanko-enerji-yesil-enerji-sertifikalari-sunuyor-500x350.jpg 500w, https:\/\/www.enerjigazetesi.ist\/wp-content\/uploads\/2021\/04\/sanko-enerji-yesil-enerji-sertifikalari-sunuyor-71x50.jpg 71w\" sizes=\"(max-width: 320px) 100vw, 320px\" \/> kan\u0131tlayan karbon azalt\u0131m sertifikalar\u0131 VCS ve Gold Standard\u2019\u0131 sunuyor.<\/h1>\n<p>Sanayi sekt\u00f6r\u00fcnde \u00fcretim yapan firmalar ve ticari i\u015fletme sahipleri, <strong>Sanko Enerji Grubu<\/strong>nun sundu\u011fu, uluslararas\u0131 standartlara uygun olarak geli\u015ftirilen bu <strong>\u201cye\u015fil enerji sertifikalar\u0131\u201d<\/strong> ile \u00e7evre i\u00e7in yapt\u0131klar\u0131 katk\u0131lar\u0131 belgeleyebiliyor.<\/p>\n<p><strong>Karbon ayak izini dengelemek<\/strong> isteyen i\u015fletmeler, uluslararas\u0131 \u00f6l\u00e7ekte kabul g\u00f6rm\u00fc\u015f <strong>akredite organizasyonlar<\/strong> taraf\u0131ndan verilen sertifikalarda g\u00f6sterilen bilgiler sayesinde, <strong>s\u00fcrd\u00fcr\u00fclebilirlik hedefleri<\/strong>ne ne kadar yakla\u015ft\u0131klar\u0131n\u0131 \u00f6l\u00e7ebiliyorlar.<\/p>\n<h2><strong>\u0130lk Sat\u0131\u015f Decathlon T\u00fcrkiye\u2019ye yap\u0131ld\u0131<\/strong><\/h2>\n<p>T\u00fcrkiye&#8217;de perakende sekt\u00f6r\u00fcn\u00fcn \u00f6nc\u00fc kurulu\u015flar\u0131ndan Decathlon T\u00fcrkiye,<strong> \u201cDo\u011fa Olmadan Spor Olmaz!\u201d<\/strong> dedi ve T\u00fcrkiye \u00e7ap\u0131nda t\u00fcm<strong> Decathlon ma\u011fazalar\u0131<\/strong>nda t\u00fcketti\u011fi elektri\u011fin tamam\u0131 i\u00e7in, Sanko Enerjiden <strong>yenilenebilir enerji sertifikas\u0131<\/strong> ald\u0131.<\/p>\n<p><strong>Decathlon T\u00fcrkiye<\/strong>, T\u00fcrkiye\u2019deki t\u00fcm ma\u011fazalar\u0131 i\u00e7in <strong>Sanko Enerji Grubu<\/strong>ndan alm\u0131\u015f oldu\u011fu yenilenebilir enerji sertifikas\u0131 <strong>I-REC<\/strong> ile birlikte, t\u00fcketti\u011fi elektri\u011fi <strong>yenilenebilir enerji kaynaklar\u0131ndan<\/strong> kar\u015f\u0131layarak <strong>s\u00fcrd\u00fcr\u00fclebilirlik<\/strong> konusundaki hedeflerine bir ad\u0131m daha yakla\u015ft\u0131.<\/p>\n<p>Sanko Enerji ile Decathlon T\u00fcrkiye aras\u0131ndaki <strong>ye\u015fil enerji sertifika ticareti<\/strong>, <strong>dijital kimliklerin y\u00f6netilmesi<\/strong>ni ve taraflar aras\u0131nda i\u015flemlerin <strong>kesintisiz olarak ger\u00e7ekle\u015fmesini<\/strong> sa\u011flayan<strong> \u201cFoton Yenilenebilir Enerji Ticareti Platformu\u201d<\/strong>nun, <strong>Energy Web Blokzincir (blockchain)<\/strong> altyap\u0131s\u0131 kullan\u0131larak yap\u0131ld\u0131.<\/p>\n<p>Sanko Enerji Grubu, <strong>% 100 yenilenebilir enerji kaynaklar\u0131<\/strong>ndan ger\u00e7ekle\u015ftirdi\u011fi <strong>do\u011fa dostu \u00fcretimi<\/strong>ni, <strong>ye\u015fil enerji kullanmay\u0131<\/strong> tercih eden \u00e7evreye duyarl\u0131 m\u00fc\u015fterilerine sunarak, m\u00fc\u015fterilerini <strong>karbon azalt\u0131m\u0131<\/strong> ve <strong>s\u00fcrd\u00fcr\u00fclebilirlik hedefleri<\/strong> do\u011frultusunda desteklemeye devam edecek.<\/p>","protected":false},"excerpt":{"rendered":"<p>Sorry, this entry is only available in Turkish. For the sake of viewer convenience, the content is shown below in the alternative language. You may click the link to switch the active language. Sanko Enerji Grubu, kendi santrallerinde \u00fcretti\u011fi yenilenebilir enerji kaynaklar\u0131ndan elektrik alan m\u00fc\u015fterilerine, t\u00fcketilen elektri\u011fin yenilenebilir enerji kaynaklar\u0131ndan \u00fcretildi\u011fini g\u00f6steren yenilenebilir enerji sertifikas\u0131 [&hellip;]<\/p>\n","protected":false},"author":1,"featured_media":133443,"comment_status":"open","ping_status":"open","sticky":false,"template":"","format":"standard","meta":[],"categories":[51,53,52],"tags":[56775,89406,23311,30567,89403,89405,89401,3076,89400,11293,43952,57125,34595,89402,84309,89408,89407,89404],"views":83,"_links":{"self":[{"href":"https:\/\/www.enerjigazetesi.ist\/en\/wp-json\/wp\/v2\/posts\/133441"}],"collection":[{"href":"https:\/\/www.enerjigazetesi.ist\/en\/wp-json\/wp\/v2\/posts"}],"about":[{"href":"https:\/\/www.enerjigazetesi.ist\/en\/wp-json\/wp\/v2\/types\/post"}],"author":[{"embeddable":true,"href":"https:\/\/www.enerjigazetesi.ist\/en\/wp-json\/wp\/v2\/users\/1"}],"replies":[{"embeddable":true,"href":"https:\/\/www.enerjigazetesi.ist\/en\/wp-json\/wp\/v2\/comments?post=133441"}],"version-history":[{"count":0,"href":"https:\/\/www.enerjigazetesi.ist\/en\/wp-json\/wp\/v2\/posts\/133441\/revisions"}],"wp:featuredmedia":[{"embeddable":true,"href":"https:\/\/www.enerjigazetesi.ist\/en\/wp-json\/wp\/v2\/media\/133443"}],"wp:attachment":[{"href":"https:\/\/www.enerjigazetesi.ist\/en\/wp-json\/wp\/v2\/media?parent=133441"}],"wp:term":[{"taxonomy":"category","embeddable":true,"href":"https:\/\/www.enerjigazetesi.ist\/en\/wp-json\/wp\/v2\/categories?post=133441"},{"taxonomy":"post_tag","embeddable":true,"href":"https:\/\/www.enerjigazetesi.ist\/en\/wp-json\/wp\/v2\/tags?post=133441"}],"curies":[{"name":"wp","href":"https:\/\/api.w.org\/{rel}","templated":true}]}}