{"id":133432,"date":"2021-04-19T08:49:11","date_gmt":"2021-04-19T05:49:11","guid":{"rendered":"https:\/\/www.enerjigazetesi.ist\/?p=133432"},"modified":"2021-04-19T08:49:37","modified_gmt":"2021-04-19T05:49:37","slug":"yenilenebilir-enerji-nin-bugunu-ve-yarini-webinari-21-nisanda-duzenleniyor","status":"publish","type":"post","link":"https:\/\/www.enerjigazetesi.ist\/en\/yenilenebilir-enerji-nin-bugunu-ve-yarini-webinari-21-nisanda-duzenleniyor\/","title":{"rendered":"(Turkish) Yenilenebilir Enerji&#8217;nin Bug\u00fcn\u00fc ve Yar\u0131n\u0131 Webinar\u0131 21 Nisan&#8217;da D\u00fczenleniyor"},"content":{"rendered":"<p class=\"qtranxs-available-languages-message qtranxs-available-languages-message-en\">Sorry, this entry is only available in <a href=\"https:\/\/www.enerjigazetesi.ist\/tr\/wp-json\/wp\/v2\/posts\/133432\" class=\"qtranxs-available-language-link qtranxs-available-language-link-tr\" title=\"Turkish\">Turkish<\/a>. For the sake of viewer convenience, the content is shown below in the alternative language. You may click the link to switch the active language.<\/p><p><\/p>\n<h1>Sabanc\u0131 \u00dcniversitesi \u0130stanbul Uluslararas\u0131 Enerji ve \u0130klim Merkezi (IICEC), <strong>\u201cD\u00fcnyada ve T\u00fcrkiye\u2019de Yenilenebilir Enerjinin Bug\u00fcn\u00fc ve Yar\u0131n\u0131\u201d<\/strong> ba\u015fl\u0131kl\u0131 bir webinar<strong><img loading=\"lazy\" class=\"alignright wp-image-133434\" src=\"https:\/\/www.enerjigazetesi.ist\/wp-content\/uploads\/2021\/04\/yenilenebilir-enerjinin-bugunu-ve-yarini-webinari-21-nisanda-duzenleniyor.jpg\" alt=\"\" width=\"320\" height=\"212\" srcset=\"https:\/\/www.enerjigazetesi.ist\/wp-content\/uploads\/2021\/04\/yenilenebilir-enerjinin-bugunu-ve-yarini-webinari-21-nisanda-duzenleniyor.jpg 550w, https:\/\/www.enerjigazetesi.ist\/wp-content\/uploads\/2021\/04\/yenilenebilir-enerjinin-bugunu-ve-yarini-webinari-21-nisanda-duzenleniyor-300x199.jpg 300w, https:\/\/www.enerjigazetesi.ist\/wp-content\/uploads\/2021\/04\/yenilenebilir-enerjinin-bugunu-ve-yarini-webinari-21-nisanda-duzenleniyor-500x331.jpg 500w, https:\/\/www.enerjigazetesi.ist\/wp-content\/uploads\/2021\/04\/yenilenebilir-enerjinin-bugunu-ve-yarini-webinari-21-nisanda-duzenleniyor-76x50.jpg 76w, https:\/\/www.enerjigazetesi.ist\/wp-content\/uploads\/2021\/04\/yenilenebilir-enerjinin-bugunu-ve-yarini-webinari-21-nisanda-duzenleniyor-450x300.jpg 450w\" sizes=\"(max-width: 320px) 100vw, 320px\" \/><\/strong>d\u00fczenliyor.<\/h1>\n<p><strong>21 Nisan 2021 \u00c7ar\u015famba<\/strong> g\u00fcn\u00fc ger\u00e7ekle\u015ftirilecek webinar\u2019\u0131n konu\u015fmac\u0131lar\u0131; <em>T.C. Enerji ve Tabii Kaynaklar Bakan\u0131<\/em> <strong>Fatih D\u00f6nmez<\/strong>, <em>Sabanc\u0131 \u00dcniversitesi Kurucu M\u00fctevelli Heyeti Ba\u015fkan\u0131<\/em> <strong>G\u00fcler Sabanc\u0131<\/strong>, <em>Uluslararas\u0131 Enerji Ajans\u0131 (IEA) Ba\u015fkan\u0131<\/em> <strong>Dr. Fatih Birol\u00a0<\/strong>olacak.<\/p>\n<p><strong>D\u00fcnya&#8217;da<\/strong> ve <strong>T\u00fcrkiye\u2019de<\/strong> yenilenebilir enerji alan\u0131nda \u00f6nemli geli\u015fmelerin ele al\u0131naca\u011f\u0131 <strong>bu \u00f6nemli etkinli\u011fe<\/strong> kat\u0131l\u0131m\u0131n\u0131zdan mutluluk duyar\u0131z.<\/p>\n<h2><strong>\u201cD\u00fcnyada ve T\u00fcrkiye\u2019de Yenilenebilir Enerjinin Bug\u00fcn\u00fc ve Yar\u0131n\u0131\u201d Temal\u0131 Webinar<\/strong><\/h2>\n<p><strong>Tarih:\u00a0<\/strong>21 Nisan 2021, \u00c7ar\u015famba<\/p>\n<p><strong>Saat:\u00a0<\/strong>16:00 \u2013 16:45<\/p>\n<p><strong>Canl\u0131 Yay\u0131n \u0130\u00e7in:\u00a0<\/strong><a href=\"https:\/\/iicec.sabanciuniv.edu\/tr\/webinar\" target=\"_blank\" rel=\"nofollow noopener\">https:\/\/iicec.sabanciuniv.edu\/tr\/webinar<\/a>\u00a0adresini ziyaret edebilirsiniz.<\/p>","protected":false},"excerpt":{"rendered":"<p>Sorry, this entry is only available in Turkish. For the sake of viewer convenience, the content is shown below in the alternative language. You may click the link to switch the active language. Sabanc\u0131 \u00dcniversitesi \u0130stanbul Uluslararas\u0131 Enerji ve \u0130klim Merkezi (IICEC), \u201cD\u00fcnyada ve T\u00fcrkiye\u2019de Yenilenebilir Enerjinin Bug\u00fcn\u00fc ve Yar\u0131n\u0131\u201d ba\u015fl\u0131kl\u0131 bir webinard\u00fczenliyor. 21 Nisan [&hellip;]<\/p>\n","protected":false},"author":1,"featured_media":133434,"comment_status":"open","ping_status":"open","sticky":false,"template":"","format":"standard","meta":[],"categories":[22893,51,53,49,50],"tags":[1024,27530,1049,53157,57990,53282,54979],"views":641,"_links":{"self":[{"href":"https:\/\/www.enerjigazetesi.ist\/en\/wp-json\/wp\/v2\/posts\/133432"}],"collection":[{"href":"https:\/\/www.enerjigazetesi.ist\/en\/wp-json\/wp\/v2\/posts"}],"about":[{"href":"https:\/\/www.enerjigazetesi.ist\/en\/wp-json\/wp\/v2\/types\/post"}],"author":[{"embeddable":true,"href":"https:\/\/www.enerjigazetesi.ist\/en\/wp-json\/wp\/v2\/users\/1"}],"replies":[{"embeddable":true,"href":"https:\/\/www.enerjigazetesi.ist\/en\/wp-json\/wp\/v2\/comments?post=133432"}],"version-history":[{"count":0,"href":"https:\/\/www.enerjigazetesi.ist\/en\/wp-json\/wp\/v2\/posts\/133432\/revisions"}],"wp:featuredmedia":[{"embeddable":true,"href":"https:\/\/www.enerjigazetesi.ist\/en\/wp-json\/wp\/v2\/media\/133434"}],"wp:attachment":[{"href":"https:\/\/www.enerjigazetesi.ist\/en\/wp-json\/wp\/v2\/media?parent=133432"}],"wp:term":[{"taxonomy":"category","embeddable":true,"href":"https:\/\/www.enerjigazetesi.ist\/en\/wp-json\/wp\/v2\/categories?post=133432"},{"taxonomy":"post_tag","embeddable":true,"href":"https:\/\/www.enerjigazetesi.ist\/en\/wp-json\/wp\/v2\/tags?post=133432"}],"curies":[{"name":"wp","href":"https:\/\/api.w.org\/{rel}","templated":true}]}}