{"id":133356,"date":"2021-04-16T16:20:14","date_gmt":"2021-04-16T13:20:14","guid":{"rendered":"https:\/\/www.enerjigazetesi.ist\/?p=133356"},"modified":"2021-04-16T17:19:17","modified_gmt":"2021-04-16T14:19:17","slug":"ogm-yillik-enerji-tuketimi-nin-yuzde-39-unu-gunes-enerjisi-nden-karsiliyor","status":"publish","type":"post","link":"https:\/\/www.enerjigazetesi.ist\/en\/ogm-yillik-enerji-tuketimi-nin-yuzde-39-unu-gunes-enerjisi-nden-karsiliyor\/","title":{"rendered":"(Turkish) OGM Enerji T\u00fcketiminin % 39\u2019unu G\u00fcne\u015f Enerjisi&#8217;nden Kar\u015f\u0131l\u0131yor"},"content":{"rendered":"<p class=\"qtranxs-available-languages-message qtranxs-available-languages-message-en\">Sorry, this entry is only available in <a href=\"https:\/\/www.enerjigazetesi.ist\/tr\/wp-json\/wp\/v2\/posts\/133356\" class=\"qtranxs-available-language-link qtranxs-available-language-link-tr\" title=\"Turkish\">Turkish<\/a>. For the sake of viewer convenience, the content is shown below in the alternative language. You may click the link to switch the active language.<\/p><p><\/p>\n<h1><strong>T\u00fcrkiye orman varl<\/strong><strong>\u0131\u011f\u0131<\/strong><strong>n<\/strong><strong>\u0131<\/strong><strong>n korunmas<\/strong><strong>\u0131<\/strong><strong> ve geli<\/strong><strong>\u015f<\/strong><strong>tirilmesi i\u00e7in \u00e7al<\/strong><strong>\u0131\u015f<\/strong><strong>an Orman Genel M\u00fcd\u00fcrl\u00fc<\/strong><strong>\u011f<\/strong><strong>\u00fc (OGM), geri d\u00f6n\u00fc<\/strong><strong>\u015f<\/strong><strong>\u00fcm ve yenilenebilir enerji konusunda da \u00e7al<\/strong><strong>\u0131\u015f<\/strong><strong>malar<\/strong><strong>\u0131<\/strong><strong>na devam ediyor. Ankara\u2019daki genel merkeze kurulan 909 KW\u2019l<\/strong><strong>\u0131<\/strong><strong>k g\u00fcne<\/strong><strong>\u015f<\/strong><strong> enerjisi santrali ile bir y<\/strong><strong>\u0131<\/strong><strong>lda 940 bin TL\u2019ye tekab\u00fcl eden enerji \u00fcretimi yapan OGM, y<\/strong><strong>\u0131<\/strong><strong>ll<\/strong><strong>\u0131<\/strong><strong>k enerji ihtiyac<\/strong><strong>\u0131<\/strong><strong>n<\/strong><strong>\u0131<\/strong><strong>n neredeyse % 40\u2019<\/strong><strong>\u0131<\/strong><strong>n<\/strong><strong>\u0131<img loading=\"lazy\" class=\"alignright wp-image-133361\" src=\"https:\/\/www.enerjigazetesi.ist\/wp-content\/uploads\/2021\/04\/ogm-den-1-yilda-1-milyon-tllik-gunes-enerjisi-uretimi-2.jpg\" alt=\"\" width=\"320\" height=\"180\" srcset=\"https:\/\/www.enerjigazetesi.ist\/wp-content\/uploads\/2021\/04\/ogm-den-1-yilda-1-milyon-tllik-gunes-enerjisi-uretimi-2.jpg 550w, https:\/\/www.enerjigazetesi.ist\/wp-content\/uploads\/2021\/04\/ogm-den-1-yilda-1-milyon-tllik-gunes-enerjisi-uretimi-2-300x169.jpg 300w, https:\/\/www.enerjigazetesi.ist\/wp-content\/uploads\/2021\/04\/ogm-den-1-yilda-1-milyon-tllik-gunes-enerjisi-uretimi-2-500x281.jpg 500w, https:\/\/www.enerjigazetesi.ist\/wp-content\/uploads\/2021\/04\/ogm-den-1-yilda-1-milyon-tllik-gunes-enerjisi-uretimi-2-80x45.jpg 80w\" sizes=\"(max-width: 320px) 100vw, 320px\" \/><\/strong><strong> g\u00fcne<\/strong><strong>\u015f<\/strong><strong> enerjisinden kar<\/strong><strong>\u015f\u0131<\/strong><strong>lamaya ba<\/strong><strong>\u015f<\/strong><strong>lad<\/strong><strong>\u0131<\/strong><strong>.<\/strong><\/h1>\n<p><strong>Oksijen \u00fcretimi<\/strong> i\u00e7in hayati \u00f6neme sahip olan orman varl\u0131klar\u0131 i\u00e7in <strong>182 y\u0131ld\u0131r m\u00fccadele<\/strong> eden OGM, bir yandan da <strong>yenilenebilir enerji<\/strong> ve <strong>S\u0131f\u0131r At\u0131k<\/strong> kapsam\u0131nda <strong>\u00f6zel projeler<\/strong> y\u00fcr\u00fct\u00fcyor. <strong>OGM Ankara\u2019daki<\/strong> yerle\u015fkesine kurdu\u011fu <strong>g\u00fcne\u015f enerjisi santrali<\/strong> ve <strong>at\u0131k d\u00f6n\u00fc\u015f\u00fcm tesisleri<\/strong> ile \u00e7evrenin korunmas\u0131na katk\u0131 sa\u011flan\u0131yor.<\/p>\n<h2><strong>1 y<\/strong><strong>\u0131<\/strong><strong>lda yakla<\/strong><strong>\u015f\u0131<\/strong><strong>k 1 milyon TL\u2019lik g\u00fcne<\/strong><strong>\u015f<\/strong><strong> enerji \u00fcretildi\u00a0<\/strong><\/h2>\n<p>2019 y\u0131l\u0131nda<strong> 4 milyon TL<\/strong>\u2019yi a\u015fan bir yat\u0131r\u0131mla <strong>Orman Genel M\u00fcd\u00fcrl\u00fc\u011f\u00fc<\/strong>\u2019n\u00fcn genel merkezine kurulan <strong>909KW<\/strong>\u2019l\u0131k g\u00fcne\u00e7 enerjisi santralinde <strong>2840 adet panel<\/strong> bulunuyor. Santral, <strong>Ocak 2020 &#8211; Ocak 2021<\/strong> tarihleri aras\u0131nda, 1 y\u0131ll\u0131k s\u00fcrede <strong>1.230.000 KWh<\/strong>\u2019lik<strong> 940 bin TL<\/strong>\u2019ye tekab\u00fcl eden \u00fcretim ger\u00e7ekle\u015ftirdi. Yakla\u015f\u0131k <strong>4 y\u0131lda<\/strong> yat\u0131r\u0131m maliyetini kar\u015f\u0131lamas\u0131 beklenen tesisin <strong>1 y\u0131ll\u0131k \u00fcretimi<\/strong>, OGM\u2019nin y\u0131ll\u0131k enerji t\u00fcketiminin <strong>% 39<\/strong>\u2019unu g\u00fcne\u015f enerjisinden kar\u015f\u0131lamas\u0131n\u0131 sa\u011flad\u0131.<\/p>\n<h2><strong>Orman k\u00f6yl\u00fcleri kendi enerjilerini \u00fcretiyor<\/strong><\/h2>\n<p>G\u00fcne\u015f enerjisi kullan\u0131m\u0131n\u0131n orman k\u00f6ylerinde de yayg\u0131nla\u015ft\u0131r\u0131lmas\u0131 i\u00e7in projeler y\u00fcr\u00fcten <strong>OGM,<\/strong> <strong>Birle\u015fmi\u015f Milletler Kalk\u0131nma Program\u0131 (UNDP)<\/strong> ile hayata ge\u00e7irdi\u011fi <strong>Orman K\u00f6ylerinde G\u00fcne\u015f Enerjisinden Elektrik \u00dcretimi (ORK\u00d6YPV) projesi<\/strong>yle bu g\u00fcne kadar <strong>Afyon<\/strong> ve <strong>Konya<\/strong> illerinde <strong>100 KW<\/strong> saha kurulumu tamamlayarak \u00fcretime ge\u00e7ilmesini sa\u011flad\u0131. T\u00fcrkiye genelinde <strong>19<\/strong> ilde <strong>255 hanenin<\/strong> \u00e7at\u0131s\u0131na <strong>GES kurulumu<\/strong> yap\u0131ld\u0131. <strong>23 Orman B\u00f6lge M\u00fcd\u00fcrl\u00fc\u011f\u00fc<\/strong>\u2019nde orman k\u00f6yl\u00fcs\u00fc 700 hanenin <strong>\u00e7at\u0131s\u0131na GES kurulumu<\/strong> i\u00e7in tespit \u00e7al\u0131\u015fmalar\u0131 ba\u015flat\u0131ld\u0131. <strong>A\u011fustos 2021<\/strong>\u2019den itibaren <strong>PV \u00e7at\u0131 kurulumlar\u0131n tamamlanmas\u0131<\/strong> planlan\u0131yor. <strong>\u201c\u015eebekeye Ba\u011fl\u0131 \u00c7at\u0131 Tipi G\u00fcne\u015f Enerjisi Tip Projesi\u201d<\/strong>ni de haz\u0131rlayan <strong>OGM<\/strong>, gelecek y\u0131llarda da \u00fclke genelinde yayg\u0131nla\u015ft\u0131rma \u00e7al\u0131\u015fmalar\u0131na devam edecek.<\/p>\n<h2><strong>K\u00f6y ocaklar<\/strong><strong>\u0131<\/strong><strong> biyogazla <\/strong><strong>\u0131<\/strong><strong>s<\/strong><strong>\u0131<\/strong><strong>t<\/strong><strong>\u0131<\/strong><strong>l<\/strong><strong>\u0131<\/strong><strong>yor\u00a0<\/strong><\/h2>\n<p>Orman Genel M\u00fcd\u00fcrl\u00fc\u011f\u00fc g\u00fcne\u015f enerjisinin yan\u0131 s\u0131ra, Eski\u015fehir\u2019de kurdu\u011fu biyoyak\u0131t tesisi ile yakla\u015f\u0131k <strong>400 metrekarelik<\/strong> alan\u0131 \u0131s\u0131tabilecek \u00fcretim de yap\u0131yor. <strong>Eski\u015fehir<\/strong> \u0130li Alpu \u0130l\u00e7esi <strong>Ar\u0131kaya Mahallesi<\/strong>\u2019nde kurulan <strong>biyoyak\u0131t tesisine<\/strong> eklenen <strong>2 panelli g\u00fcne\u015f kollekt\u00f6r\u00fc<\/strong> ile sistem,<strong> g\u00fcne\u015f enerjisi<\/strong> ile de desteklendi.<strong> Biyogaz \u00fcretiminin<\/strong> de ama\u00e7land\u0131\u011f\u0131 bu sisteme,<strong> biyogaz\u0131n depolanmas\u0131<\/strong>n\u0131 sa\u011flayan <strong>4 adet<\/strong> lastik monte edildi. <strong>7-8 g\u00fcnl\u00fck<\/strong> mayalanma s\u00fcrecinin sonunda elde edilecek<strong> biyogaz<\/strong>, k\u00f6y kona\u011f\u0131nda bulunan \u00e7ay oca\u011f\u0131nda ve gerekli oldu\u011fu durumlarda<strong> k\u00f6y d\u00fc\u011f\u00fcn<\/strong> ve cemiyetlerinde <strong>yemek kazanlar\u0131n\u0131n \u0131s\u0131t\u0131lmas\u0131 i\u00e7in<\/strong> kullan\u0131lmas\u0131 ama\u00e7lan\u0131yor.<\/p>\n<h2><strong>OGM kamp\u00fcs\u00fcn\u00fcn t\u00fcm at<\/strong><strong>\u0131<\/strong><strong>klar<\/strong><strong>\u0131<\/strong><strong> geri d\u00f6n\u00fc<\/strong><strong>\u015f<\/strong><strong>\u00fcme gidiyor<\/strong><\/h2>\n<p>Orman Genel M\u00fcd\u00fcrl\u00fc\u011f\u00fc <strong>at\u0131klar\u0131n d\u00f6n\u00fc\u015ft\u00fcr\u00fclmesi<\/strong> i\u00e7in de m\u00fccadele ediyor. \u00c7evre ve \u015eehircilik Bakanl\u0131\u011f\u0131\u2019n\u0131n <strong>S\u0131f\u0131r At\u0131k projesi<\/strong> kapsam\u0131nda <strong>OGM<\/strong> genel merkezde kurulan <strong>90 adet geri d\u00f6n\u00fc\u015f\u00fcm kumbaras\u0131<\/strong> ile <strong>metal, plastik, ka\u011f\u0131t, ah\u015fap, cam<\/strong> ve <strong>pil at\u0131klar\u0131n\u0131<\/strong> toplan\u0131yor. Genel m\u00fcd\u00fcrl\u00fc\u011f\u00fcn bulundu\u011fu alanda ayr\u0131ca <strong>1 adet<\/strong> de<strong> t\u0131bbi at\u0131klar\u0131n toplanmas\u0131<\/strong> i\u00e7in kumbara yer al\u0131yor.<\/p>\n<p>OGM ayr\u0131ca <strong>organik at\u0131klar\u0131<\/strong> do\u011faya g\u00fcbre olarak kazand\u0131rmak i\u00e7in de \u00e7al\u0131\u015fma y\u00fcr\u00fct\u00fcyor. Bu proje ile OGM kamp\u00fcs\u00fcnde ortaya \u00e7\u0131kan<strong> organik at\u0131klar\u0131n \u00e7\u00f6pe gitmesi<\/strong> yerine, tabiata yeniden faydal\u0131 bir \u015fekilde kazand\u0131r\u0131lmas\u0131 ama\u00e7lan\u0131yor. <strong>Eyl\u00fcl 2020\u2019de<\/strong> faaliyete ge\u00e7en <strong>kompost \u00fcnitesi<\/strong> ile kamp\u00fcs\u00fcn i\u00e7erisinde bulunan <strong>yemekhane<\/strong> ve <strong>restoranlardan<\/strong> \u00e7\u0131kan <strong>organik mutfak at\u0131klar\u0131<\/strong>, \u00e7ay ocaklar\u0131ndan \u00e7\u0131kan <strong>\u00e7ay posalar\u0131<\/strong> ve <strong>bah\u00e7e at\u0131klar\u0131 organik g\u00fcbreye<\/strong> d\u00f6n\u00fc\u015ft\u00fcr\u00fcl\u00fcyor. <strong>30 g\u00fcnde<\/strong> yakla\u015f\u0131k <strong>50 kg<\/strong> olarak elde edilen <strong>do\u011fal g\u00fcbre<\/strong> OGM kamp\u00fcs\u00fcn\u00fcn <strong>peyzaj d\u00fczenlemesi<\/strong> i\u00e7in kullan\u0131l\u0131yor.<\/p>","protected":false},"excerpt":{"rendered":"<p>Sorry, this entry is only available in Turkish. For the sake of viewer convenience, the content is shown below in the alternative language. You may click the link to switch the active language. T\u00fcrkiye orman varl\u0131\u011f\u0131n\u0131n korunmas\u0131 ve geli\u015ftirilmesi i\u00e7in \u00e7al\u0131\u015fan Orman Genel M\u00fcd\u00fcrl\u00fc\u011f\u00fc (OGM), geri d\u00f6n\u00fc\u015f\u00fcm ve yenilenebilir enerji konusunda da \u00e7al\u0131\u015fmalar\u0131na devam ediyor. [&hellip;]<\/p>\n","protected":false},"author":1,"featured_media":133362,"comment_status":"open","ping_status":"open","sticky":false,"template":"","format":"standard","meta":[],"categories":[51,53,49],"tags":[89353,89352,89349,9471,5070,2569,53157,67063,89350,89348,89347,89351,54979],"views":193,"_links":{"self":[{"href":"https:\/\/www.enerjigazetesi.ist\/en\/wp-json\/wp\/v2\/posts\/133356"}],"collection":[{"href":"https:\/\/www.enerjigazetesi.ist\/en\/wp-json\/wp\/v2\/posts"}],"about":[{"href":"https:\/\/www.enerjigazetesi.ist\/en\/wp-json\/wp\/v2\/types\/post"}],"author":[{"embeddable":true,"href":"https:\/\/www.enerjigazetesi.ist\/en\/wp-json\/wp\/v2\/users\/1"}],"replies":[{"embeddable":true,"href":"https:\/\/www.enerjigazetesi.ist\/en\/wp-json\/wp\/v2\/comments?post=133356"}],"version-history":[{"count":0,"href":"https:\/\/www.enerjigazetesi.ist\/en\/wp-json\/wp\/v2\/posts\/133356\/revisions"}],"wp:featuredmedia":[{"embeddable":true,"href":"https:\/\/www.enerjigazetesi.ist\/en\/wp-json\/wp\/v2\/media\/133362"}],"wp:attachment":[{"href":"https:\/\/www.enerjigazetesi.ist\/en\/wp-json\/wp\/v2\/media?parent=133356"}],"wp:term":[{"taxonomy":"category","embeddable":true,"href":"https:\/\/www.enerjigazetesi.ist\/en\/wp-json\/wp\/v2\/categories?post=133356"},{"taxonomy":"post_tag","embeddable":true,"href":"https:\/\/www.enerjigazetesi.ist\/en\/wp-json\/wp\/v2\/tags?post=133356"}],"curies":[{"name":"wp","href":"https:\/\/api.w.org\/{rel}","templated":true}]}}