{"id":133343,"date":"2021-04-16T12:21:21","date_gmt":"2021-04-16T09:21:21","guid":{"rendered":"https:\/\/www.enerjigazetesi.ist\/?p=133343"},"modified":"2021-04-16T12:22:25","modified_gmt":"2021-04-16T09:22:25","slug":"aydem-yenilenebilir-enerji-den-son-3-yilin-en-buyuk-halka-arz-hazirligi","status":"publish","type":"post","link":"https:\/\/www.enerjigazetesi.ist\/en\/aydem-yenilenebilir-enerji-den-son-3-yilin-en-buyuk-halka-arz-hazirligi\/","title":{"rendered":"(Turkish) Aydem Yenilenebilir Enerji&#8217;den Son 3 Y\u0131l\u0131n En B\u00fcy\u00fck Halka Arz Haz\u0131rl\u0131\u011f\u0131!"},"content":{"rendered":"<p class=\"qtranxs-available-languages-message qtranxs-available-languages-message-en\">Sorry, this entry is only available in <a href=\"https:\/\/www.enerjigazetesi.ist\/tr\/wp-json\/wp\/v2\/posts\/133343\" class=\"qtranxs-available-language-link qtranxs-available-language-link-tr\" title=\"Turkish\">Turkish<\/a>. For the sake of viewer convenience, the content is shown below in the alternative language. You may click the link to switch the active language.<\/p><p><\/p>\n<h1><strong>T\u00fcrkiye\u2019nin sadece %100 yenilenebilir kaynaklardan enerji \u00fcreten en b\u00fcy\u00fck \u015firketi Aydem Yenilenebilir Enerji A.\u015e.\u2019nin halka arz\u0131nda talep toplama s\u00fcreci 19 Nisan 2021 Pazartesi g\u00fcn\u00fc ba\u015flayacak ve 22 Nisan 2021 Per\u015fembe tamamlanacak olup p<\/strong><strong>ay ba\u015f\u0131na fiyat aral\u0131\u011f\u0131n\u0131n 8,50 \u2013 9,90 TL olarak belirlendi\u011fi, oransal da\u011f\u0131t\u0131m y\u00f6ntemiyle ger\u00e7ekle\u015fecek halka arzda, 1 milyar TL\u2019lik gelir hedefleniyor.<\/strong><\/h1>\n<p><img loading=\"lazy\" class=\"alignright wp-image-133346\" src=\"https:\/\/www.enerjigazetesi.ist\/wp-content\/uploads\/2021\/04\/aydem-yenilenebilir-enerji-den-son-3-yilin-en-buyuk-halka-arz-hazirligi-2.jpg\" alt=\"\" width=\"340\" height=\"191\" srcset=\"https:\/\/www.enerjigazetesi.ist\/wp-content\/uploads\/2021\/04\/aydem-yenilenebilir-enerji-den-son-3-yilin-en-buyuk-halka-arz-hazirligi-2.jpg 550w, https:\/\/www.enerjigazetesi.ist\/wp-content\/uploads\/2021\/04\/aydem-yenilenebilir-enerji-den-son-3-yilin-en-buyuk-halka-arz-hazirligi-2-300x169.jpg 300w, https:\/\/www.enerjigazetesi.ist\/wp-content\/uploads\/2021\/04\/aydem-yenilenebilir-enerji-den-son-3-yilin-en-buyuk-halka-arz-hazirligi-2-500x281.jpg 500w, https:\/\/www.enerjigazetesi.ist\/wp-content\/uploads\/2021\/04\/aydem-yenilenebilir-enerji-den-son-3-yilin-en-buyuk-halka-arz-hazirligi-2-80x45.jpg 80w\" sizes=\"(max-width: 340px) 100vw, 340px\" \/>T\u00fcrkiye\u2019nin portf\u00f6y\u00fcn\u00fcn <strong>%100\u2019\u00fc y<\/strong>enilenebilir kaynaklardan olu\u015fan en b\u00fcy\u00fck \u015firketi <strong>Aydem Yenilenebilir Enerji<\/strong>, halka arz s\u00fcreciyle ilgili bilgi vermek amac\u0131yla Aydem Enerji CEO\u2019su ve Aydem Yenilenebilir Enerji Y\u00f6netim Kurulu Ba\u015fkan\u0131<strong> \u0130dris K\u00fcpeli<\/strong>, Aydem Enerji CFO\u2019su ve Aydem Yenilenebilir Enerji \u00a0Y\u00f6netim Kurulu \u00dcyesi<strong> Galip Ayk\u00f6se<\/strong> ve Aydem Yenilenebilir Enerji Genel M\u00fcd\u00fcr\u00fc \u00d6mer <strong>Fatih Keha<\/strong>\u2019n\u0131n kat\u0131l\u0131m\u0131yla \u00e7evrimi\u00e7i bir <strong>bas\u0131n toplant\u0131s\u0131<\/strong> d\u00fczenledi.<\/p>\n<h2><strong>\u201cB\u00fcy\u00fcme ve g\u00fcven odakl\u0131, cazip bir yat\u0131r\u0131m f\u0131rsat\u0131\u201d<\/strong><\/h2>\n<p>Aydem Enerji\u2019nin yenilenebilir alan\u0131nda faaliyet g\u00f6steren i\u015ftiraki Aydem Yenilenebilir Enerji\u2019nin halka arz s\u00fcreci ile ilgili de\u011ferlendirmede bulunan <strong>Aydem Enerji CEO\u2019su ve Aydem Yenilenebilir Enerji Y\u00f6netim Kurulu Ba\u015fkan\u0131 \u0130dris K\u00fcpeli<\/strong> \u015funlar\u0131 s\u00f6yledi: \u201cAydem Enerji Ailesi olarak gurur ve mutluluk verici bir s\u00fcre\u00e7 i\u00e7erisindeyiz. T\u00fcrkiye\u2019nin <strong>% 100<\/strong> yenilenebilir kaynaklardan \u00fcretim yapan en b\u00fcy\u00fck \u015firketi Aydem Yenilenebilir Enerji\u2019nin <strong>halka arz\u0131<\/strong>, hem \u015firketimiz hem de \u00fclkemiz ad\u0131na \u00e7ok b\u00fcy\u00fck bir \u00f6nem ta\u015f\u0131yor.<strong> Son 3 y\u0131l\u0131n<\/strong> en b\u00fcy\u00fck halka arz\u0131 olacak bu i\u015flemden, <strong>1 milyar TL<\/strong>\u2019lik gelir bekliyoruz.<\/p>\n<p>Aydem Yenilenebilir Enerji, \u00fclkemiz geneline yay\u0131lan <strong>25 gen\u00e7<\/strong> ve modern yenilenebilir enerji santralinde sahip oldu\u011fu<strong> 1.020 MW<\/strong> kurulu g\u00fc\u00e7le, y\u0131ll\u0131k<strong> 3,2 TWh<\/strong> <em>lisansl\u0131 \u00fcretim kapasitesine<\/em> sahip. Oda\u011f\u0131na sadece yenilenebilir kaynaklar\u0131 alan, <strong>\u00e7evre dostu<\/strong> bir yakla\u015f\u0131mla \u00fcretim yapan \u015firketimizin halka arz\u0131; yat\u0131r\u0131mc\u0131lar a\u00e7\u0131s\u0131ndan<strong> r\u00fczgar, g\u00fcne\u015f ve hidroelektrik yat\u0131r\u0131m f\u0131rsatlar\u0131<\/strong> i\u00e7in do\u011fru konumlanm\u0131\u015f, b\u00fcy\u00fcme ve getiri odakl\u0131<strong> cazip<\/strong> bir<strong> yat\u0131r\u0131m f\u0131rsat\u0131<\/strong> anlam\u0131 ta\u015f\u0131yor. Ayr\u0131ca \u015firketimizin gelirinin <strong>%89<\/strong>\u2019unun dolara endeksli olmas\u0131, faaliyetlerimizin piyasalardaki dalgalanmalardan en az d\u00fczeyde etkilenmesini sa\u011flarken; santrallerimizin co\u011frafi da\u011f\u0131l\u0131m\u0131ndaki \u00e7e\u015fitlili\u011fi de <strong>iklim<\/strong> ve <strong>mevsim \u015fartlar\u0131ndan ba\u011f\u0131ms\u0131z<\/strong> olarak<strong> s\u00fcrd\u00fcr\u00fclebilir<\/strong> ve <strong>emre amade<\/strong> \u015fekilde \u00fcretim yap\u0131labilmesini sa\u011fl\u0131yor. Bu \u00f6zellikleriyle <strong>Aydem Yenilenebilir Enerji<\/strong> potansiyel yat\u0131r\u0131mc\u0131lar\u0131m\u0131z i\u00e7in g\u00fcvenli bir liman te\u015fkil ediyor.<\/p>\n<p>Yat\u0131r\u0131m i\u015ftah\u0131n\u0131n yeniden olu\u015ftu\u011fu \u00a0bir s\u00fcre\u00e7teyiz. Global trendler ve \u00fclkemizin ekonomik ihtiya\u00e7lar\u0131yla ba\u011flant\u0131l\u0131 olarak <strong>yenilenebilir kaynaklarla \u00fcretim<\/strong> daha da b\u00fcy\u00fck bir \u00f6nem ta\u015f\u0131yor ve gelecek vadediyor. Bu do\u011frultuda, <strong>halka arz<\/strong> i\u00e7in uygun bir d\u00f6nemde oldu\u011fumuzu d\u00fc\u015f\u00fcn\u00fcyoruz. Halka arz\u0131m\u0131zda hisse ba\u015f\u0131 fiyat aral\u0131\u011f\u0131 <strong>8,50-9,90 TL<\/strong> olarak belirlendi. Halka arz\u0131n b\u00fcy\u00fckl\u00fc\u011f\u00fc <strong>ek pay sat\u0131\u015f\u0131<\/strong> ile birlikte toplamda <strong>1,1 milyar TL &#8211; 1,3 milyar TL<\/strong> aral\u0131\u011f\u0131nda; <strong>halka a\u00e7\u0131kl\u0131k oran\u0131<\/strong> da <strong>ek pay sat\u0131\u015f\u0131<\/strong> ile birlikte toplam <strong>% 18,44<\/strong> olacak\u201d.<\/p>\n<h2><strong>K\u00fcpeli: \u201c2021 y\u0131l\u0131 hibrit yat\u0131r\u0131mlar\u0131m\u0131z i\u00e7in ba\u015flang\u0131\u00e7 olacak, kurulu g\u00fcc\u00fcm\u00fcz\u00fc 5 y\u0131lda iki kat\u0131na \u00e7\u0131karaca\u011f\u0131z\u201d<\/strong><\/h2>\n<p>2021 y\u0131l\u0131nda halka arz\u0131n yan\u0131nda<strong> hibrit projeleri<\/strong> de odaklar\u0131na ald\u0131klar\u0131n\u0131 belirten K\u00fcpeli, <em>\u201cT\u00fcrkiye\u2019nin yenilenebilir enerjideki y\u00fcksek potansiyelinin ortaya \u00e7\u0131kar\u0131lmas\u0131 i\u00e7in <strong>Aydem Yenilenebilir Enerji<\/strong> olarak \u00f6nc\u00fc bir rol \u00fcstleniyoruz. \u00dclkemizin ilk \u00f6zel sekt\u00f6r <strong>hidroelektrik santralini<\/strong> hayata ge\u00e7iren \u015firket olarak, bu y\u0131l <strong>hibrit santrallerde de \u00f6nc\u00fc ad\u0131mlar<\/strong> ataca\u011f\u0131z. Yat\u0131r\u0131mlar\u0131n\u0131n \u00f6nemli b\u00f6l\u00fcm\u00fcn\u00fc tamamlad\u0131\u011f\u0131m\u0131z hibrit santrallerde ya\u011f\u0131\u015f az oldu\u011funda <strong>GES\u2019ten,<\/strong> g\u00fcne\u015f az oldu\u011funda da <strong>HES\u2019ten<\/strong> \u00fcretim ger\u00e7ekle\u015ftirerek mevsim ko\u015fullar\u0131n\u0131n etkisini asgari seviyeye indirece\u011fiz. Bu sayede, mevcut santrallerimizin kapasitelerinin daha verimli kullan\u0131lmas\u0131n\u0131 ve elektrik \u00fcretimlerinin artmas\u0131n\u0131 sa\u011flayaca\u011f\u0131z. Hedefimiz; <strong>5 y\u0131l i\u00e7erisinde<\/strong> portf\u00f6y\u00fcm\u00fcz\u00fcn g\u00fcc\u00fcn\u00fc iki kat\u0131na \u00e7\u0131kararak <strong>2.000 MW\u00a0<\/strong>seviyelerine ula\u015fmak. \u015eirketimizin <strong>son 13 senede<\/strong> g\u00f6sterdi\u011fi y\u0131ll\u0131k bile\u015fik %20\u2019lik b\u00fcy\u00fcme oran\u0131, <strong>5 senelik hedefimizin<\/strong> bizim i\u00e7in ne kadar eri\u015filebilir oldu\u011funu kan\u0131tl\u0131yor. Biz T\u00fcrkiye\u2019nin gelece\u011fini, <strong>yenilenebilir enerjinin gelece\u011fi<\/strong> olarak g\u00f6r\u00fcyoruz. Bu do\u011frultuda yenilenebilir enerji \u00fcretmeye devam edece\u011fiz.\u201d<\/em> \u015feklinde konu\u015ftu.<\/p>\n<h2><strong>\u00c7evresel-Sosyal-Y\u00f6neti\u015fimsel skoru ile T\u00fcrkiye elektrik sekt\u00f6r\u00fc lideri<\/strong><\/h2>\n<p><strong>S\u00fcrd\u00fcr\u00fclebilirli\u011fin \u015firket faaliyetlerinin<\/strong> oda\u011f\u0131nda oldu\u011funu ve Birle\u015fmi\u015f Milletler K\u00fcresel \u0130lkeler S\u00f6zle\u015fmesi\u2019nin T\u00fcrkiye\u2019deki imzac\u0131lar\u0131 aras\u0131nda yer ald\u0131klar\u0131n\u0131 ifade eden K\u00fcpeli, \u201cS\u00fcrd\u00fcr\u00fclebilirlik ve operasyonel m\u00fckemmelli\u011fe verdi\u011fimiz \u00f6nemle, <strong>\u00c7evresel-Sosyal-Y\u00f6neti\u015fimsel (ESG) performans s\u0131ralamas\u0131<\/strong>nda, ba\u011f\u0131ms\u0131z derecelendirme \u015firketlerince <strong>(Vigeo Eiris\/Moody\u2019s) T\u00fcrkiye<\/strong>\u2019de <strong>elektrik sekt\u00f6r\u00fc lideri<\/strong> se\u00e7ildik. Ayn\u0131 de\u011ferlendirmeye g\u00f6re, uluslararas\u0131 geli\u015fen pazarlar segmentinde ise <strong>51 \u015firket aras\u0131ndan<\/strong> <strong>2&#8217;inci<\/strong> olduk. Skorumuzla<strong> global anlamda da \u00fcst s\u0131ralarda<\/strong> yer al\u0131yoruz. Yine bu yakla\u015f\u0131mla<strong> karbon ayak izimizi s\u0131f\u0131rlamak<\/strong> \u00fczere yo\u011fun bir \u00e7al\u0131\u015fma program\u0131 y\u00fcr\u00fct\u00fcyoruz. <strong>2018-2020 d\u00f6nemi faaliyetleri<\/strong>mizden kaynaklanan <strong>sera gaz\u0131 envanterimizi<\/strong> yani<strong> karbon ayak izimizi<\/strong> t\u00fcm tesislerimiz i\u00e7in belirledik. Genel merkezimizde ve T\u00fcrkiye geneline yay\u0131lan <strong>25 yenilenebilir enerji santrali<\/strong>mizde, at\u0131klar\u0131m\u0131z\u0131 etkin bir \u015fekilde y\u00f6netiyor, <strong>geri d\u00f6n\u00fc\u015f\u00fcm\u00fcn\u00fc<\/strong> sa\u011fl\u0131yoruz. Faaliyetteki t\u00fcm santrallerimizin<strong> S\u0131f\u0131r At\u0131k Belgesi<\/strong> bulunuyor\u201d dedi.<\/p>\n<p><strong>Dijital d\u00f6n\u00fc\u015f\u00fcm\u00fcn<\/strong> \u015firketin temel g\u00fcndemlerinden biri konumunda oldu\u011funa de\u011finen K\u00fcpeli, <strong>2017-2020 y\u0131llar\u0131<\/strong> aras\u0131nda inovasyon projelerine<strong> 2.8 milyon dolar yat\u0131r\u0131m<\/strong> yapt\u0131klar\u0131n\u0131, bu tutar\u0131n <strong>% 66<\/strong>\u2019s\u0131n\u0131n<strong> enerji \u00fcretim tesisleri<\/strong>nin <strong>verimlili\u011fini art\u0131rma y\u00f6n\u00fcndeki<\/strong> teknik inovasyonlara ayr\u0131ld\u0131\u011f\u0131n\u0131 ve <strong>robotik s\u00fcre\u00e7 otomasyonunda<\/strong> da \u00f6nc\u00fc kurumlardan biri olduklar\u0131n\u0131 belirtti.<\/p>","protected":false},"excerpt":{"rendered":"<p>Sorry, this entry is only available in Turkish. For the sake of viewer convenience, the content is shown below in the alternative language. You may click the link to switch the active language. T\u00fcrkiye\u2019nin sadece %100 yenilenebilir kaynaklardan enerji \u00fcreten en b\u00fcy\u00fck \u015firketi Aydem Yenilenebilir Enerji A.\u015e.\u2019nin halka arz\u0131nda talep toplama s\u00fcreci 19 Nisan 2021 [&hellip;]<\/p>\n","protected":false},"author":1,"featured_media":133345,"comment_status":"open","ping_status":"open","sticky":false,"template":"","format":"standard","meta":[],"categories":[51,53,49,47,50],"tags":[89335,56547,5070,19389,89336,53669,61480,54979],"views":580,"_links":{"self":[{"href":"https:\/\/www.enerjigazetesi.ist\/en\/wp-json\/wp\/v2\/posts\/133343"}],"collection":[{"href":"https:\/\/www.enerjigazetesi.ist\/en\/wp-json\/wp\/v2\/posts"}],"about":[{"href":"https:\/\/www.enerjigazetesi.ist\/en\/wp-json\/wp\/v2\/types\/post"}],"author":[{"embeddable":true,"href":"https:\/\/www.enerjigazetesi.ist\/en\/wp-json\/wp\/v2\/users\/1"}],"replies":[{"embeddable":true,"href":"https:\/\/www.enerjigazetesi.ist\/en\/wp-json\/wp\/v2\/comments?post=133343"}],"version-history":[{"count":0,"href":"https:\/\/www.enerjigazetesi.ist\/en\/wp-json\/wp\/v2\/posts\/133343\/revisions"}],"wp:featuredmedia":[{"embeddable":true,"href":"https:\/\/www.enerjigazetesi.ist\/en\/wp-json\/wp\/v2\/media\/133345"}],"wp:attachment":[{"href":"https:\/\/www.enerjigazetesi.ist\/en\/wp-json\/wp\/v2\/media?parent=133343"}],"wp:term":[{"taxonomy":"category","embeddable":true,"href":"https:\/\/www.enerjigazetesi.ist\/en\/wp-json\/wp\/v2\/categories?post=133343"},{"taxonomy":"post_tag","embeddable":true,"href":"https:\/\/www.enerjigazetesi.ist\/en\/wp-json\/wp\/v2\/tags?post=133343"}],"curies":[{"name":"wp","href":"https:\/\/api.w.org\/{rel}","templated":true}]}}