{"id":133323,"date":"2021-04-16T11:35:42","date_gmt":"2021-04-16T08:35:42","guid":{"rendered":"https:\/\/www.enerjigazetesi.ist\/?p=133323"},"modified":"2021-04-16T11:35:42","modified_gmt":"2021-04-16T08:35:42","slug":"yarini-kodlayanlar-birlesmis-milletlerde-dunyaya-ornek-gosterildi","status":"publish","type":"post","link":"https:\/\/www.enerjigazetesi.ist\/en\/yarini-kodlayanlar-birlesmis-milletlerde-dunyaya-ornek-gosterildi\/","title":{"rendered":"(Turkish) &#8217;Yar\u0131n\u0131 Kodlayanlar&#8217; Birle\u015fmi\u015f Milletler\u2019de D\u00fcnya&#8217;ya \u00d6rnek G\u00f6sterildi"},"content":{"rendered":"<p class=\"qtranxs-available-languages-message qtranxs-available-languages-message-en\">Sorry, this entry is only available in <a href=\"https:\/\/www.enerjigazetesi.ist\/tr\/wp-json\/wp\/v2\/posts\/133323\" class=\"qtranxs-available-language-link qtranxs-available-language-link-tr\" title=\"Turkish\">Turkish<\/a>. For the sake of viewer convenience, the content is shown below in the alternative language. You may click the link to switch the active language.<\/p><p><\/p>\n<h1><strong>T\u00fcrkiye Vodafone Vakf\u0131 ve Habitat Derne\u011fi i\u015fbirli\u011fiyle hayata ge\u00e7irilen ve T\u00fcrkiye\u2019nin d\u00f6rt bir yan\u0131nda 120 bini a\u015fk\u0131n \u00e7ocu\u011fa ula\u015fan \u201cYar\u0131n\u0131 Kodlayanlar\u201d projesi, Birle\u015fmi\u015f Milletler taraf\u0131ndan d\u00fczenlenen D\u00fcnya Bilgi Toplumu Zirvesi\u2019nde d\u00fcnyaya tan\u0131t\u0131ld\u0131. Online olarak ger\u00e7ekle\u015ftirilen Zirve\u2019de, \u201cYar\u0131n\u0131 Kodlayanlar\u201d projesinin son 5 y\u0131ll\u0131k yolculu\u011fu ve elde edilen ba\u015far\u0131 hik\u00e2yeleri payla\u015f\u0131ld\u0131.<img loading=\"lazy\" class=\"alignright wp-image-133325\" src=\"https:\/\/www.enerjigazetesi.ist\/wp-content\/uploads\/2021\/04\/yarini-kodlayanlar-birlesmis-milletlerde-dunyaya-ornek-gosterildi-1.jpg\" alt=\"\" width=\"320\" height=\"214\" srcset=\"https:\/\/www.enerjigazetesi.ist\/wp-content\/uploads\/2021\/04\/yarini-kodlayanlar-birlesmis-milletlerde-dunyaya-ornek-gosterildi-1.jpg 550w, https:\/\/www.enerjigazetesi.ist\/wp-content\/uploads\/2021\/04\/yarini-kodlayanlar-birlesmis-milletlerde-dunyaya-ornek-gosterildi-1-300x200.jpg 300w, https:\/\/www.enerjigazetesi.ist\/wp-content\/uploads\/2021\/04\/yarini-kodlayanlar-birlesmis-milletlerde-dunyaya-ornek-gosterildi-1-500x334.jpg 500w, https:\/\/www.enerjigazetesi.ist\/wp-content\/uploads\/2021\/04\/yarini-kodlayanlar-birlesmis-milletlerde-dunyaya-ornek-gosterildi-1-75x50.jpg 75w, https:\/\/www.enerjigazetesi.ist\/wp-content\/uploads\/2021\/04\/yarini-kodlayanlar-birlesmis-milletlerde-dunyaya-ornek-gosterildi-1-450x300.jpg 450w\" sizes=\"(max-width: 320px) 100vw, 320px\" \/><\/strong><\/h1>\n<p><strong>T\u00fcrkiye Vodafone Vakf\u0131<\/strong>\u00a0ve <strong>Habitat Derne\u011fi\u00a0<\/strong>taraf\u0131ndan <strong>\u00e7ocuklar\u0131 dijital gelece\u011fe haz\u0131rlama<\/strong> hedefiyle hayata ge\u00e7irilen <strong>\u201cYar\u0131n\u0131 Kodlayanlar\u201d<\/strong> projesi d\u00fcnyaya \u00f6rnek oldu. T\u00fcrkiye\u2019nin d\u00f6rt bir yan\u0131nda <strong>120 bini a\u015fk\u0131n \u00e7ocu\u011fa<\/strong> ula\u015fan proje, <strong>Birle\u015fmi\u015f Milletler<\/strong> taraf\u0131ndan d\u00fczenlenen <strong>D\u00fcnya Bilgi Toplumu Zirvesi\u2019nde<\/strong> tan\u0131t\u0131ld\u0131. Online olarak ger\u00e7ekle\u015ftirilen Zirve\u2019ye <strong>T\u00fcrkiye Vodafone Vakf\u0131 Ba\u015fkan\u0131 Hasan S\u00fcel, Habitat Derne\u011fi Y\u00f6netim Kurulu Ba\u015fkan Yard\u0131mc\u0131s\u0131 Civan S\u00f6zkesen<\/strong> ile proje kat\u0131l\u0131mc\u0131s\u0131 \u00f6\u011frenciler ve g\u00f6n\u00fcll\u00fc e\u011fitmenler konu\u015fmac\u0131 olarak kat\u0131ld\u0131. Zirve\u2019de <strong>\u201cYar\u0131n\u0131 Kodlayanlar\u201d projesi<\/strong>nin son<strong> 5 y\u0131ll\u0131k yolculu\u011fu<\/strong> ve elde edilen <strong>ba\u015far\u0131 hik\u00e2yeleri<\/strong> payla\u015f\u0131ld\u0131.<\/p>\n<p><strong>T\u00fcrkiye Vodafone Vakf\u0131 Ba\u015fkan\u0131 Hasan S\u00fcel,\u00a0<\/strong><span style=\"text-decoration: underline;\">\u015funlar\u0131 s\u00f6yledi:<\/span><\/p>\n<p><em>\u201cT\u00fcrkiye Vodafone Vakf\u0131 ve Habitat Derne\u011fi olarak,\u00a0dijital gelece\u011fe haz\u0131r nesiller yeti\u015ftirme hedefiyle 5 y\u0131l \u00f6nce\u00a0ba\u015flatt\u0131\u011f\u0131m\u0131z \u2018Yar\u0131n\u0131 Kodlayanlar\u2019 projesini\u00a0b\u00fcy\u00fck bir kararl\u0131l\u0131kla s\u00fcrd\u00fcr\u00fcyoruz.\u00a0Teknolojiyi insanl\u0131\u011f\u0131n iyili\u011fi i\u00e7in, toplumun sosyal bir ihtiyac\u0131na cevap vermek i\u00e7in nas\u0131l kullanabiliriz diye d\u00fc\u015f\u00fcnd\u00fc\u011f\u00fcm\u00fcz bir d\u00f6nemde, dedik ki, biz \u00f6nce insanlar\u0131n <strong>teknoloji okuryazarl\u0131\u011f\u0131<\/strong>n\u0131, <strong>teknolojiye<\/strong> olan <strong>yatk\u0131nl\u0131\u011f\u0131n\u0131 art\u0131rmak<\/strong> i\u00e7in bir <strong>proje yapal\u0131m<\/strong> ve \u00e7ocuklardan ba\u015flayal\u0131m. B\u00f6ylece, <strong>A\u011fustos 2016<\/strong>\u2019da Habitat Derne\u011fi i\u015fbirli\u011fiyle <strong>7-14 ya\u015f<\/strong> aras\u0131ndaki \u00e7ocuklar\u0131m\u0131za <strong>dijital d\u00fcnyan\u0131n lisan\u0131 kodlamay\u0131<\/strong> \u00f6\u011fretmeye ba\u015flad\u0131k. <strong>\u201cYar\u0131n\u0131 Kodlayanlar\u2019 projemizle<\/strong>,\u00a0t\u00fcketen de\u011fil, \u00fcreten bir neslin yeti\u015fmesine katk\u0131da bulunmak istiyoruz.\u00a0Bug\u00fcne kadar <strong>81<\/strong> ilde <strong>120 bini a\u015fk\u0131n<\/strong> \u00e7ocu\u011fumuza kodlama \u00f6\u011frettik. Proje kat\u0131l\u0131mc\u0131s\u0131 \u00e7ocuklar\u0131m\u0131z ulusal ve uluslararas\u0131 d\u00fczeylerde kazand\u0131klar\u0131 ba\u015far\u0131larla hepimizi gururland\u0131rd\u0131. Projemiz, <strong>Vodafone Grubu<\/strong>\u2019nun <strong>2017 y\u0131l\u0131nda<\/strong> yay\u0131mlad\u0131\u011f\u0131 global <strong>\u2018Connected Education\u2019 raporu<\/strong>nda <strong>\u2018dijital okuryazarl\u0131k e\u011fitimi\u2019<\/strong> alan\u0131nda d\u00fcnyaya \u00f6rnek g\u00f6sterildi. Ge\u00e7en y\u0131l, yine Grubumuzun T\u00fcrkiye ile birlikte <strong>13<\/strong> Avrupa \u00fclkesinde dijital becerilerin geli\u015ftirilmesi ve <strong>dijital e\u011fitimin desteklenmesi<\/strong> i\u00e7in ay\u0131rd\u0131\u011f\u0131 <strong>20 milyon Avro<\/strong>\u2019luk fondan yararlanmaya hak kazanan projeler aras\u0131nda yer ald\u0131. \u015eimdi de projemizin Birle\u015fmi\u015f Milletler <strong>D\u00fcnya Bilgi Toplumu Zirvesi\u2019nde<\/strong> d\u00fcnyaya \u00f6rnek g\u00f6sterilmesinin mutlulu\u011funu ya\u015f\u0131yoruz. Bu motivasyonla, projemizi T\u00fcrkiye genelinde <strong>daha \u00e7ok \u00e7ocu\u011fa ula\u015facak \u015fekilde yayg\u0131nla\u015ft\u0131rmaya<\/strong> devam edece\u011fiz.\u201d<\/em><\/p>\n<p><strong>Habitat Derne\u011fi Y\u00f6netim Kurulu Ba\u015fkan Yard\u0131mc\u0131s\u0131 Civan S\u00f6zkesen<\/strong>\u00a0ise <span style=\"text-decoration: underline;\">\u015f\u00f6yle konu\u015ftu:<\/span><\/p>\n<p><em>\u201c<strong>Habitat Derne\u011fi o<\/strong>larak <strong>T\u00fcrkiye\u2019nin dijital d\u00f6n\u00fc\u015f\u00fcm\u00fc<\/strong>ne ve teknolojinin yaln\u0131zca kullan\u0131c\u0131s\u0131 de\u011fil, \u00fcreticisi de olan nesiller yeti\u015ftirmek i\u00e7in b\u00fcy\u00fck bir \u00e7aba sarf ediyoruz.\u00a0Bu \u00e7er\u00e7evede, T\u00fcrkiye Vodafone Vakf\u0131 ile birlikte y\u00fcr\u00fct\u00fc\u011f\u00fcm\u00fcz <strong>Yar\u0131n\u0131 Kodlayanlar projesi<\/strong> toplum nezdindeki etkisini g\u00fcn ve g\u00fcn art\u0131rarak yoluna devam ediyor. T\u00fcrkiye\u2019nin dijital d\u00f6n\u00fc\u015f\u00fcm\u00fcne \u00e7ocuklar\u0131m\u0131z\u0131n ve gen\u00e7lerimizin ba\u015fta kodlama ve algoritmik d\u00fc\u015f\u00fcnme becerilerini geli\u015ftirmek yoluyla yapt\u0131\u011f\u0131m\u0131z katk\u0131lar\u0131n\u0131n olumlu \u00e7\u0131kt\u0131lar\u0131n\u0131 <strong>Birle\u015fmi\u015f Milletler D\u00fcnya Bilgi Toplumu Zirvesi<\/strong>\u2019nde d\u00fcnya geneline duyurman\u0131n heyecan\u0131n\u0131 ya\u015f\u0131yoruz. T\u00fcrkiye\u2019nin <strong>81<\/strong> ilinden<strong> 632<\/strong> g\u00f6n\u00fcll\u00fcm\u00fcz ile <strong>120 binden<\/strong> fazla \u00e7ocu\u011fumuza<strong> temel kodlama \u00f6\u011fretmenin<\/strong> ve<strong> algoritmik d\u00fc\u015f\u00fcnme becerilerini geli\u015ftirmelerini<\/strong> sa\u011flaman\u0131n hakl\u0131 gururunu ya\u015f\u0131yoruz. E\u011fitimlerin yan\u0131 s\u0131ra ulusal ve uluslararas\u0131 bir\u00e7ok etkinlik ve yar\u0131\u015fmada <strong>kodlamaya projemiz<\/strong> sayesinde ad\u0131m atan \u00e7ocuklar\u0131m\u0131z ba\u015far\u0131lar\u0131n\u0131 g\u00f6rmek bizleri gelece\u011fe dair motive ediyor.\u00a0<strong>T\u00fcrkiye\u2019nin dijital d\u00f6n\u00fc\u015f\u00fcm\u00fcn\u00fcn<\/strong> sa\u011flamas\u0131n\u0131n yolunun \u00e7ocuklar\u0131m\u0131z\u0131n ve gen\u00e7lerimizin olabildi\u011fince <strong>erken ya\u015flarda teknoloji<\/strong> ile tan\u0131\u015fmalar\u0131 ve bu yolla ise teknolojinin yaln\u0131zca kullan\u0131c\u0131s\u0131 de\u011fil, \u00fcreticileri de olmalar\u0131ndan ge\u00e7ti\u011fine inan\u0131yoruz. Bu sebeple, <strong>Yar\u0131n\u0131 Kodlayanlar projesiyle<\/strong> \u00e7ocuklar\u0131m\u0131z\u0131n hayatlar\u0131na dokunmay\u0131 ve bu sayede T\u00fcrkiye\u2019nin dijital d\u00f6n\u00fc\u015f\u00fcm\u00fcn\u00fcn \u00f6nc\u00fcleri olacak gen\u00e7leri yeti\u015ftirmeye s\u00fcrd\u00fcrece\u011fiz.\u201d<\/em><\/p>\n<h2><strong>120 bini a\u015fk\u0131n \u00e7ocu\u011fa ula\u015f\u0131ld\u0131<\/strong><\/h2>\n<p><strong>\u201cYar\u0131n\u0131 Kodlayanlar\u201d projesiyle<\/strong> T\u00fcrkiye\u2019nin d\u00f6rt bir yan\u0131nda ya\u015flar\u0131 <strong>7-14<\/strong> aras\u0131nda de\u011fi\u015fen \u00e7ocuklara\u00a0g\u00f6n\u00fcll\u00fc e\u011fitmenlerin y\u00f6netiminde <strong>programlamaya giri\u015f, algoritma mant\u0131\u011f\u0131, uygulama yapma, hik\u00e2ye olu\u015fturma<\/strong> ve <strong>oyun yapma<\/strong> gibi konularda <strong>teorik<\/strong> ve <strong>uygulamal\u0131 e\u011fitimler<\/strong> veriliyor. E\u011fitimlerde \u00e7ocuklara programlama hakk\u0131nda fikir sahibi olma, yarat\u0131c\u0131l\u0131klar\u0131n\u0131 ortaya \u00e7\u0131karacak \u00e7al\u0131\u015fmalar yapma, kendi hayal d\u00fcnyalar\u0131n\u0131 olu\u015fturma, <strong>kendi oyunlar\u0131n\u0131 \u00fcretme imk\u00e2n\u0131<\/strong> sunuluyor. Bug\u00fcne kadar <strong>81 ilde 120 binin \u00fczerinde<\/strong> \u00e7ocu\u011fa ula\u015fan proje kapsam\u0131nda, son 1 y\u0131lda elde edilen toplam sosyal de\u011fer yakla\u015f\u0131k <strong>6,6 milyon TL<\/strong> olurken, projeye yap\u0131lan her<strong>\u00a01 TL\u2019lik<\/strong> yat\u0131r\u0131m <strong>4,4 TL<\/strong> de\u011ferinde<strong> sosyal fayda<\/strong> yaratt\u0131.\u00a0Yeni d\u00f6nemde\u00a0<strong>81 ilde 70 bin \u00e7ocu\u011fa<\/strong>\u00a0daha\u00a0kodlama e\u011fitimi verilmesinin hedeflendi\u011fi projede,\u00a0<strong>Scratch e\u011fitimleri<\/strong>nin yan\u0131 s\u0131ra farkl\u0131 <strong>dijital e\u011fitim<\/strong> ba\u015fl\u0131klar\u0131yla \u00e7ocuklar\u0131n <strong>dijital yetkinlikleri<\/strong> art\u0131r\u0131lacak.<\/p>","protected":false},"excerpt":{"rendered":"<p>Sorry, this entry is only available in Turkish. For the sake of viewer convenience, the content is shown below in the alternative language. You may click the link to switch the active language. T\u00fcrkiye Vodafone Vakf\u0131 ve Habitat Derne\u011fi i\u015fbirli\u011fiyle hayata ge\u00e7irilen ve T\u00fcrkiye\u2019nin d\u00f6rt bir yan\u0131nda 120 bini a\u015fk\u0131n \u00e7ocu\u011fa ula\u015fan \u201cYar\u0131n\u0131 Kodlayanlar\u201d projesi, [&hellip;]<\/p>\n","protected":false},"author":1,"featured_media":133326,"comment_status":"open","ping_status":"open","sticky":false,"template":"","format":"standard","meta":[],"categories":[53,157],"tags":[89308,89309,89307,51311,89311,65918,57068,89310,70794],"views":69,"_links":{"self":[{"href":"https:\/\/www.enerjigazetesi.ist\/en\/wp-json\/wp\/v2\/posts\/133323"}],"collection":[{"href":"https:\/\/www.enerjigazetesi.ist\/en\/wp-json\/wp\/v2\/posts"}],"about":[{"href":"https:\/\/www.enerjigazetesi.ist\/en\/wp-json\/wp\/v2\/types\/post"}],"author":[{"embeddable":true,"href":"https:\/\/www.enerjigazetesi.ist\/en\/wp-json\/wp\/v2\/users\/1"}],"replies":[{"embeddable":true,"href":"https:\/\/www.enerjigazetesi.ist\/en\/wp-json\/wp\/v2\/comments?post=133323"}],"version-history":[{"count":0,"href":"https:\/\/www.enerjigazetesi.ist\/en\/wp-json\/wp\/v2\/posts\/133323\/revisions"}],"wp:featuredmedia":[{"embeddable":true,"href":"https:\/\/www.enerjigazetesi.ist\/en\/wp-json\/wp\/v2\/media\/133326"}],"wp:attachment":[{"href":"https:\/\/www.enerjigazetesi.ist\/en\/wp-json\/wp\/v2\/media?parent=133323"}],"wp:term":[{"taxonomy":"category","embeddable":true,"href":"https:\/\/www.enerjigazetesi.ist\/en\/wp-json\/wp\/v2\/categories?post=133323"},{"taxonomy":"post_tag","embeddable":true,"href":"https:\/\/www.enerjigazetesi.ist\/en\/wp-json\/wp\/v2\/tags?post=133323"}],"curies":[{"name":"wp","href":"https:\/\/api.w.org\/{rel}","templated":true}]}}