{"id":133283,"date":"2021-04-15T13:47:07","date_gmt":"2021-04-15T10:47:07","guid":{"rendered":"https:\/\/www.enerjigazetesi.ist\/?p=133283"},"modified":"2021-04-15T13:51:38","modified_gmt":"2021-04-15T10:51:38","slug":"guneste-oz-tuketim-uygulamalariyla-yillik-3-gigavat-kapasite-mumkun","status":"publish","type":"post","link":"https:\/\/www.enerjigazetesi.ist\/en\/guneste-oz-tuketim-uygulamalariyla-yillik-3-gigavat-kapasite-mumkun\/","title":{"rendered":"(Turkish) G\u00fcne\u015f&#8217;te \u00d6z T\u00fcketim Uygulamalar\u0131yla Y\u0131ll\u0131k 3 Gigavat Kapasite M\u00fcmk\u00fcn!"},"content":{"rendered":"<p class=\"qtranxs-available-languages-message qtranxs-available-languages-message-en\">Sorry, this entry is only available in <a href=\"https:\/\/www.enerjigazetesi.ist\/tr\/wp-json\/wp\/v2\/posts\/133283\" class=\"qtranxs-available-language-link qtranxs-available-language-link-tr\" title=\"Turkish\">Turkish<\/a>. For the sake of viewer convenience, the content is shown below in the alternative language. You may click the link to switch the active language.<\/p><p><\/p>\n<h1>Solar3GW Derne\u011fi Y\u00f6netim Kurulu Ba\u015fkan\u0131 Yusuf Bahad\u0131r Turhan, k\u00fcresel iklim krizinin \u00e7\u00f6z\u00fcm\u00fcne y\u00f6nelik temiz enerjide, elektrik \u00fcretimi, ula\u015f\u0131m ve \u0131s\u0131nma alanlar\u0131ndaki pay\u0131n art\u0131r\u0131lmas\u0131 gerekti\u011fini vurgulad\u0131.<\/h1>\n<p>G\u00fcne\u015f Enerjisi sekt\u00f6r\u00fcnde<strong>\u00a0de\u011fi\u015fim<\/strong> ve <strong>geli\u015fime<\/strong> a\u00e7\u0131k olduklar\u0131n\u0131 belirten Turhan, <span style=\"text-decoration: underline;\">\u015funlar\u0131 dile <img loading=\"lazy\" class=\"alignright wp-image-133285\" src=\"https:\/\/www.enerjigazetesi.ist\/wp-content\/uploads\/2021\/04\/guneste-oz-tuketim-uygulamalariyla-yillik-3-gigavat-kapasite-mumkun.jpg\" alt=\"\" width=\"320\" height=\"200\" srcset=\"https:\/\/www.enerjigazetesi.ist\/wp-content\/uploads\/2021\/04\/guneste-oz-tuketim-uygulamalariyla-yillik-3-gigavat-kapasite-mumkun.jpg 550w, https:\/\/www.enerjigazetesi.ist\/wp-content\/uploads\/2021\/04\/guneste-oz-tuketim-uygulamalariyla-yillik-3-gigavat-kapasite-mumkun-300x188.jpg 300w, https:\/\/www.enerjigazetesi.ist\/wp-content\/uploads\/2021\/04\/guneste-oz-tuketim-uygulamalariyla-yillik-3-gigavat-kapasite-mumkun-500x313.jpg 500w, https:\/\/www.enerjigazetesi.ist\/wp-content\/uploads\/2021\/04\/guneste-oz-tuketim-uygulamalariyla-yillik-3-gigavat-kapasite-mumkun-80x50.jpg 80w\" sizes=\"(max-width: 320px) 100vw, 320px\" \/>getirdi:<\/span><\/p>\n<p><em>\u201cT\u00fcrkiye\u2019de <strong>GES kurulum maliyetleri<\/strong> son <strong>5 y\u0131l<\/strong>da<strong> % 55<\/strong> d\u00fc\u015ft\u00fc. T\u00fcrkiye\u2019de <strong>\u00f6z t\u00fcketime y\u00f6nelik<\/strong> ve ticari temelli g\u00fcne\u015f santrali uygulamalar\u0131yla y\u0131lda <strong>3 gigavat<\/strong> g\u00fcne\u015f enerjisi kurulumu m\u00fcmk\u00fcn. G\u00fcne\u015f enerjisinde maliyetlerin d\u00fc\u015f\u00fc\u015f\u00fc <strong>temiz enerji teknolojileri<\/strong>ne, \u00f6zellikle <strong>g\u00fcne\u015f panelleri<\/strong> ve <strong>elektrik depolamaya<\/strong> y\u00f6nelik ger\u00e7ekle\u015fiyor. \u00d6yle ki art\u0131k<strong> g\u00fcne\u015f enerjisi<\/strong>, herhangi bir <strong>fiyat garantisi<\/strong> te\u015fvikine ihtiya\u00e7 duymaks\u0131z\u0131n, <strong>serbest piyasa ko\u015fullar\u0131nda<\/strong> hayata ge\u00e7irilebilir bir noktada.<strong> Depolama<\/strong> ile birlikte, baz y\u00fck sa\u011flayan <strong>temiz bir kaynak<\/strong> haline de geliyor.<strong> G\u00fcne\u015f enerjisi<\/strong> ve <strong>elektrik depolama gelecek 10 y\u0131lda<\/strong> kurulu <strong>g\u00fc\u00e7 \u00e7e\u015fitlili\u011finde<\/strong> en \u00f6nemli etkiyi sa\u011flayan fakt\u00f6rler olacak.\u201d<\/em><\/p>\n<p><strong>Enerji ve Tabii Kaynaklar Bakanl\u0131\u011f\u0131<\/strong>&#8216;n\u0131n verilerine g\u00f6re, T\u00fcrkiye\u2019de <strong>ortalama y\u0131ll\u0131k<\/strong> toplam g\u00fcne\u015flenme s\u00fcresi <strong>2 bin 742 saat<\/strong> olurken T\u00fcrkiye\u2019nin<strong> g\u00fcne\u015f enerjisi kurulu<\/strong> g\u00fcc\u00fc <strong>6.928 megavat<\/strong> seviyelerindedir.<\/p>\n<p>Solar3GW Hakk\u0131nda Detayl\u0131 Bilgi Almak \u0130\u00e7in:\u00a0<a href=\"https:\/\/www.solar3gw.org\/\" target=\"_blank\" rel=\"nofollow noopener\">https:\/\/www.solar3gw.org\/<\/a> adresini ziyaret edebilirsiniz.<\/p>","protected":false},"excerpt":{"rendered":"<p>Sorry, this entry is only available in Turkish. For the sake of viewer convenience, the content is shown below in the alternative language. You may click the link to switch the active language. Solar3GW Derne\u011fi Y\u00f6netim Kurulu Ba\u015fkan\u0131 Yusuf Bahad\u0131r Turhan, k\u00fcresel iklim krizinin \u00e7\u00f6z\u00fcm\u00fcne y\u00f6nelik temiz enerjide, elektrik \u00fcretimi, ula\u015f\u0131m ve \u0131s\u0131nma alanlar\u0131ndaki pay\u0131n [&hellip;]<\/p>\n","protected":false},"author":1,"featured_media":133285,"comment_status":"open","ping_status":"open","sticky":false,"template":"","format":"standard","meta":[],"categories":[51,53,49],"tags":[5070,89276,89278,53157,88937,89277,2706,54979,47065],"views":99,"_links":{"self":[{"href":"https:\/\/www.enerjigazetesi.ist\/en\/wp-json\/wp\/v2\/posts\/133283"}],"collection":[{"href":"https:\/\/www.enerjigazetesi.ist\/en\/wp-json\/wp\/v2\/posts"}],"about":[{"href":"https:\/\/www.enerjigazetesi.ist\/en\/wp-json\/wp\/v2\/types\/post"}],"author":[{"embeddable":true,"href":"https:\/\/www.enerjigazetesi.ist\/en\/wp-json\/wp\/v2\/users\/1"}],"replies":[{"embeddable":true,"href":"https:\/\/www.enerjigazetesi.ist\/en\/wp-json\/wp\/v2\/comments?post=133283"}],"version-history":[{"count":0,"href":"https:\/\/www.enerjigazetesi.ist\/en\/wp-json\/wp\/v2\/posts\/133283\/revisions"}],"wp:featuredmedia":[{"embeddable":true,"href":"https:\/\/www.enerjigazetesi.ist\/en\/wp-json\/wp\/v2\/media\/133285"}],"wp:attachment":[{"href":"https:\/\/www.enerjigazetesi.ist\/en\/wp-json\/wp\/v2\/media?parent=133283"}],"wp:term":[{"taxonomy":"category","embeddable":true,"href":"https:\/\/www.enerjigazetesi.ist\/en\/wp-json\/wp\/v2\/categories?post=133283"},{"taxonomy":"post_tag","embeddable":true,"href":"https:\/\/www.enerjigazetesi.ist\/en\/wp-json\/wp\/v2\/tags?post=133283"}],"curies":[{"name":"wp","href":"https:\/\/api.w.org\/{rel}","templated":true}]}}