{"id":13327,"date":"2013-07-24T10:16:42","date_gmt":"2013-07-24T07:16:42","guid":{"rendered":"https:\/\/www.enerjigazetesi.ist\/?p=13327"},"modified":"2013-07-24T10:18:40","modified_gmt":"2013-07-24T07:18:40","slug":"elektrik-uretiminin-yuzde-29u-hidroelektrik-santrallerinden-saglandi","status":"publish","type":"post","link":"https:\/\/www.enerjigazetesi.ist\/en\/elektrik-uretiminin-yuzde-29u-hidroelektrik-santrallerinden-saglandi\/","title":{"rendered":"(Turkish) Elektrik \u00dcretiminin Y\u00fczde 29&#8217;u Hidroelektrik Santrallerinden Sa\u011fland\u0131!"},"content":{"rendered":"<p class=\"qtranxs-available-languages-message qtranxs-available-languages-message-en\">Sorry, this entry is only available in <a href=\"https:\/\/www.enerjigazetesi.ist\/tr\/wp-json\/wp\/v2\/posts\/13327\" class=\"qtranxs-available-language-link qtranxs-available-language-link-tr\" title=\"Turkish\">Turkish<\/a>. For the sake of viewer convenience, the content is shown below in the alternative language. You may click the link to switch the active language.<\/p><p><strong>2013&#8217;\u00fcn ilk yar\u0131s\u0131nda T\u00fcrkiye&#8217;deki hidroelektrik santraller ile 116 milyar\u00a0 288 milyon kilovat-saat elektrik \u00fcretimi ger\u00e7ekle\u015ftirildi\u011fi bildirildi.<\/strong><\/p>\n<p>Orman ve Su \u0130\u015fleri Bakanl\u0131\u011f\u0131 taraf\u0131ndan konu ile ilgili yap\u0131lan yaz\u0131l\u0131\u00a0 a\u00e7\u0131klamada DS\u0130 ve \u00f6zel sekt\u00f6r taraf\u0131n<a href=\"https:\/\/www.enerjigazetesi.ist\/wp-content\/uploads\/2013\/01\/hes-505x434.jpg\"><img loading=\"lazy\" class=\"alignright size-medium wp-image-5278\" title=\"elektrik-uretiminin-yuzde-29u-hidroelektrik-santrallerinden-saglandi\" src=\"https:\/\/www.enerjigazetesi.ist\/wp-content\/uploads\/2013\/01\/hes-505x434-300x257.jpg\" alt=\"\" width=\"300\" height=\"257\" srcset=\"https:\/\/www.enerjigazetesi.ist\/wp-content\/uploads\/2013\/01\/hes-505x434-300x257.jpg 300w, https:\/\/www.enerjigazetesi.ist\/wp-content\/uploads\/2013\/01\/hes-505x434-465x400.jpg 465w, https:\/\/www.enerjigazetesi.ist\/wp-content\/uploads\/2013\/01\/hes-505x434-58x50.jpg 58w, https:\/\/www.enerjigazetesi.ist\/wp-content\/uploads\/2013\/01\/hes-505x434.jpg 505w\" sizes=\"(max-width: 300px) 100vw, 300px\" \/><\/a>dan i\u015fletilen hidroelektrik santrallerin\u00a0 y\u0131l\u0131n ilk 6 ay\u0131nda T\u00fcrkiye&#8217;nin toplam elektrik \u00fcretiminin y\u00fczde 29.2&#8217;sini\u00a0 kar\u015f\u0131lad\u0131\u011f\u0131 ve \u00fclke ekonomisine 6.1 milyar TL&#8217;lik katk\u0131 sa\u011flad\u0131\u011f\u0131\u00a0 bildirildi.<\/p>\n<p>Bakanl\u0131\u011f\u0131n a\u00e7\u0131klamas\u0131na g\u00f6re bu d\u00f6nemde T\u00fcrkiye&#8217;nin toplam elektrik\u00a0 \u00fcretiminde yenilenebilir enerji kaynaklar\u0131n\u0131n pay\u0131 y\u00fczde 32.5 olurken, fosil\u00a0 yak\u0131tlar\u0131n pay\u0131 ise y\u00fczde 67.5 olarak ger\u00e7ekle\u015fti.<\/p>\n<p>A\u00e7\u0131klamadaki bilgilere g\u00f6re 2013&#8217;\u00fcn ilk 6 ay\u0131nda T\u00fcrkiye&#8217;nin elektrik\u00a0 \u00fcretimi y\u00fczde 41.3 oran\u0131nda do\u011fal gaz \u00e7evrim i\u00e7i santrallerinde, y\u00fczde 24.2\u00a0 oran\u0131nda k\u00f6m\u00fcr santrallerinde, y\u00fczde 2.8 oran\u0131nda r\u00fczgar enerjisi\u00a0 santrallerinde, y\u00fczde 0.5 olarak jeotermal enerji santrallerinde ger\u00e7ekle\u015firken,\u00a0 fuel-oil,motorin,asfaltit,LPG ve nafta kullan\u0131larak \u00fcretilen elektri\u011fin ise\u00a0 toplam \u00fcretimdeki pay\u0131 y\u00fczde 1.7 oldu.<\/p>\n<p>A\u00e7\u0131klamada konu ile ilgili de\u011ferlendirmelerine yer verilen Orman ve Su\u00a0 \u0130\u015fleri Bakan\u0131 Veysel Ero\u011flu ise 2023 y\u0131l\u0131na kadar DS\u0130&#8217;nin T\u00fcrkiye&#8217;nin 216 milyar\u00a0 kWh olarak hesaplanan teknik hidroelektrik potansiyelinin \u00e7evresel, teknik,\u00a0 ekonomik ve sosyal olarak yap\u0131labilir k\u0131sm\u0131n\u0131n tamam\u0131n\u0131 \u00f6zel sekt\u00f6r i\u015f\u00a0 birli\u011fiyle \u00fclke ekonomisine kazand\u0131raca\u011f\u0131n\u0131 s\u00f6ylerken, bug\u00fcne kadar i\u015fletmeye\u00a0 al\u0131nan HES&#8217;ler sayesinde y\u0131ll\u0131k 40 milyon ton karbondioksit sal\u0131m\u0131n\u0131n \u00f6n\u00fcne\u00a0 ge\u00e7ildi\u011fini kaydetti.<\/p>\n<p>Kaynak: <a href=\"http:\/\/www.yesilekonomi.com\/yenilenebilir-enerji\/elektrik-uretiminin-yuzde-29u-hidroelektrik-santrallerinden-saglandi\" target=\"_blank\">Ye\u015fil Ekonomi<\/a><\/p>","protected":false},"excerpt":{"rendered":"<p>Sorry, this entry is only available in Turkish. For the sake of viewer convenience, the content is shown below in the alternative language. You may click the link to switch the active language.2013&#8217;\u00fcn ilk yar\u0131s\u0131nda T\u00fcrkiye&#8217;deki hidroelektrik santraller ile 116 milyar\u00a0 288 milyon kilovat-saat elektrik \u00fcretimi ger\u00e7ekle\u015ftirildi\u011fi bildirildi. Orman ve Su \u0130\u015fleri Bakanl\u0131\u011f\u0131 taraf\u0131ndan konu [&hellip;]<\/p>\n","protected":false},"author":1,"featured_media":5278,"comment_status":"open","ping_status":"open","sticky":false,"template":"","format":"standard","meta":[],"categories":[53,47],"tags":[19,63,67,165,35370,1090,7123,846,1211,105],"views":799,"_links":{"self":[{"href":"https:\/\/www.enerjigazetesi.ist\/en\/wp-json\/wp\/v2\/posts\/13327"}],"collection":[{"href":"https:\/\/www.enerjigazetesi.ist\/en\/wp-json\/wp\/v2\/posts"}],"about":[{"href":"https:\/\/www.enerjigazetesi.ist\/en\/wp-json\/wp\/v2\/types\/post"}],"author":[{"embeddable":true,"href":"https:\/\/www.enerjigazetesi.ist\/en\/wp-json\/wp\/v2\/users\/1"}],"replies":[{"embeddable":true,"href":"https:\/\/www.enerjigazetesi.ist\/en\/wp-json\/wp\/v2\/comments?post=13327"}],"version-history":[{"count":3,"href":"https:\/\/www.enerjigazetesi.ist\/en\/wp-json\/wp\/v2\/posts\/13327\/revisions"}],"predecessor-version":[{"id":13330,"href":"https:\/\/www.enerjigazetesi.ist\/en\/wp-json\/wp\/v2\/posts\/13327\/revisions\/13330"}],"wp:featuredmedia":[{"embeddable":true,"href":"https:\/\/www.enerjigazetesi.ist\/en\/wp-json\/wp\/v2\/media\/5278"}],"wp:attachment":[{"href":"https:\/\/www.enerjigazetesi.ist\/en\/wp-json\/wp\/v2\/media?parent=13327"}],"wp:term":[{"taxonomy":"category","embeddable":true,"href":"https:\/\/www.enerjigazetesi.ist\/en\/wp-json\/wp\/v2\/categories?post=13327"},{"taxonomy":"post_tag","embeddable":true,"href":"https:\/\/www.enerjigazetesi.ist\/en\/wp-json\/wp\/v2\/tags?post=13327"}],"curies":[{"name":"wp","href":"https:\/\/api.w.org\/{rel}","templated":true}]}}