{"id":133262,"date":"2021-04-15T12:36:38","date_gmt":"2021-04-15T09:36:38","guid":{"rendered":"https:\/\/www.enerjigazetesi.ist\/?p=133262"},"modified":"2021-04-15T12:36:38","modified_gmt":"2021-04-15T09:36:38","slug":"bedas-in-musteri-operasyon-merkezleride-08-00-17-00-arasi-hizmet-verecek","status":"publish","type":"post","link":"https:\/\/www.enerjigazetesi.ist\/en\/bedas-in-musteri-operasyon-merkezleride-08-00-17-00-arasi-hizmet-verecek\/","title":{"rendered":"(Turkish) BEDA\u015e&#8217;\u0131n M\u00fc\u015fteri Operasyon Merkezleride 08.00-17.00 Aras\u0131 Hizmet Verecek"},"content":{"rendered":"<p class=\"qtranxs-available-languages-message qtranxs-available-languages-message-en\">Sorry, this entry is only available in <a href=\"https:\/\/www.enerjigazetesi.ist\/tr\/wp-json\/wp\/v2\/posts\/133262\" class=\"qtranxs-available-language-link qtranxs-available-language-link-tr\" title=\"Turkish\">Turkish<\/a>. For the sake of viewer convenience, the content is shown below in the alternative language. You may click the link to switch the active language.<\/p><p><\/p>\n<h1>Kovid-19 salg\u0131n\u0131na kar\u015f\u0131 Ramazan ay\u0131n\u0131n ilk iki haftas\u0131nda k\u0131smi kapanmaya gidilirken soka\u011fa \u00e7\u0131kma k\u0131s\u0131tlama saatleri de 19.00-05.00 olarak belirlendi. Yeni \u00f6nlemler \u00e7er\u00e7evesinde Bo\u011fazi\u00e7i Elektrik Da\u011f\u0131t\u0131m A.\u015e. de (BEDA\u015e) M\u00fc\u015fteri Operasyon ve Destek Merkezlerinin (MOD) \u00e7al\u0131\u015fma saatlerini yeniden d\u00fczenledi. Buna g\u00f6re bug\u00fcnden itibaren (15 Nisan Per\u015fembe) t\u00fcm MOD\u2019lar m\u00fc\u015fterilerine 8.00-12.30 ile 13.00-17.00 saatleri aras\u0131nda hizmet verecek.<\/h1>\n<h2><strong>\u00c7ALI\u015eANLARIN VE M\u00dc\u015eTER\u0130LER\u0130N SA\u011eLI\u011eI \u0130\u00c7\u0130N HER T\u00dcRL\u00dc \u00d6NLEM ALINDI<\/strong><\/h2>\n<p>T\u00fcm d\u00fcnyay\u0131 etkisi alt\u0131na alan <strong>Kovid-19 salg\u0131n\u0131<\/strong>n\u0131n Mart 2020\u2019de T\u00fcrkiye\u2019de de g\u00f6r\u00fclmesinin hemen <img loading=\"lazy\" class=\"alignright wp-image-133264\" src=\"https:\/\/www.enerjigazetesi.ist\/wp-content\/uploads\/2021\/04\/bedas-in-musteri-operasyon-merkezleride-08-00-17-00-arasi-hizmet-verecek-2.jpg\" alt=\"\" width=\"320\" height=\"215\" srcset=\"https:\/\/www.enerjigazetesi.ist\/wp-content\/uploads\/2021\/04\/bedas-in-musteri-operasyon-merkezleride-08-00-17-00-arasi-hizmet-verecek-2.jpg 457w, https:\/\/www.enerjigazetesi.ist\/wp-content\/uploads\/2021\/04\/bedas-in-musteri-operasyon-merkezleride-08-00-17-00-arasi-hizmet-verecek-2-300x202.jpg 300w, https:\/\/www.enerjigazetesi.ist\/wp-content\/uploads\/2021\/04\/bedas-in-musteri-operasyon-merkezleride-08-00-17-00-arasi-hizmet-verecek-2-74x50.jpg 74w\" sizes=\"(max-width: 320px) 100vw, 320px\" \/>ard\u0131ndan acil eylem plan\u0131n\u0131 devreye alan <strong>BEDA\u015e<\/strong>, bir yandan m\u00fc\u015fterilerinin taleplerine yan\u0131t verirken hem m\u00fc\u015fterilerinin hem de \u00e7al\u0131\u015fanlar\u0131n\u0131n sa\u011fl\u0131\u011f\u0131n\u0131 en \u00fcst d\u00fczeyde korumay\u0131 hedefliyor.<\/p>\n<p>BEDA\u015e, T\u00fcrkiye\u2019yi de etkisi alt\u0131na alan Kovid-19 salg\u0131n\u0131na kar\u015f\u0131 <strong>\u00e7al\u0131\u015fanlar\u0131<\/strong> ve <strong>m\u00fc\u015fterilerinin g\u00fcvenli\u011fi<\/strong> i\u00e7in D\u00fcnya Sa\u011fl\u0131k \u00d6rg\u00fct\u00fc ve Sa\u011fl\u0131k Bakanl\u0131\u011f\u0131\u2019n\u0131n talimatlar\u0131n\u0131 ge\u00e7en y\u0131ldan bu yana b\u00fcy\u00fck bir \u00f6zenle uygulamaya devam ediyor. <strong>\u0130stanbul Avrupa Yakas\u0131<\/strong>\u2019nda <strong>5.2 milyondan fazla<\/strong> aboneye <strong>elektrik da\u011f\u0131t\u0131m hizmeti<\/strong> veren <strong>BEDA\u015e<\/strong>, \u00e7al\u0131\u015fan ve abonelerinin sa\u011fl\u0131\u011f\u0131 i\u00e7in <strong>genel m\u00fcd\u00fcrl\u00fck<\/strong>, <strong>t\u00fcm \u015firket binalar\u0131<\/strong> ve <strong>i\u015fletme m\u00fcd\u00fcrl\u00fcklerinde<\/strong> <strong>dezenfeksiyon \u00e7al\u0131\u015fmalar\u0131<\/strong>n\u0131, <strong>maske<\/strong> ve <strong>mesafe<\/strong> kurallar\u0131n\u0131 taviz vermeden uyguluyor.<\/p>\n<h2><strong>EVDE KAL, \u0130\u015eLEMLER\u0130N\u0130 EVDEN YAP<\/strong><\/h2>\n<p>Sa\u011fl\u0131k i\u00e7in evde kalman\u0131n b\u00fcy\u00fck \u00f6nem ta\u015f\u0131d\u0131\u011f\u0131 bu d\u00f6nemde <strong>BEDA\u015e aboneleri<\/strong>ne, <strong>M\u00fc\u015fteri Operasyon<\/strong> ve <strong>Destek Merkezleri<\/strong>\u2019nin yan\u0131 s\u0131ra <strong>BEDA\u015e 186 mobil uygulamas\u0131<\/strong>, <a href=\"http:\/\/www.bedas.com.tr\" target=\"_blank\" rel=\"nofollow noopener\">www.bedas.com.tr<\/a> web sitesi, <strong>@BEDASDestek<\/strong> Twitter hesab\u0131 ve <strong>ALO 186 \u00e7a\u011fr\u0131 merkezi<\/strong> \u00fczerinden <strong>ar\u0131za, ayd\u0131nlatma<\/strong> ve <strong>di\u011fer teknik i\u015flemlerini<\/strong> ger\u00e7ekle\u015ftirme imkan\u0131 sunuyor.<\/p>","protected":false},"excerpt":{"rendered":"<p>Sorry, this entry is only available in Turkish. For the sake of viewer convenience, the content is shown below in the alternative language. You may click the link to switch the active language. Kovid-19 salg\u0131n\u0131na kar\u015f\u0131 Ramazan ay\u0131n\u0131n ilk iki haftas\u0131nda k\u0131smi kapanmaya gidilirken soka\u011fa \u00e7\u0131kma k\u0131s\u0131tlama saatleri de 19.00-05.00 olarak belirlendi. Yeni \u00f6nlemler \u00e7er\u00e7evesinde [&hellip;]<\/p>\n","protected":false},"author":1,"featured_media":133265,"comment_status":"open","ping_status":"open","sticky":false,"template":"","format":"standard","meta":[],"categories":[51,53],"tags":[89256,84926,23936,53114,89258,72114,89255,89259,89257],"views":90,"_links":{"self":[{"href":"https:\/\/www.enerjigazetesi.ist\/en\/wp-json\/wp\/v2\/posts\/133262"}],"collection":[{"href":"https:\/\/www.enerjigazetesi.ist\/en\/wp-json\/wp\/v2\/posts"}],"about":[{"href":"https:\/\/www.enerjigazetesi.ist\/en\/wp-json\/wp\/v2\/types\/post"}],"author":[{"embeddable":true,"href":"https:\/\/www.enerjigazetesi.ist\/en\/wp-json\/wp\/v2\/users\/1"}],"replies":[{"embeddable":true,"href":"https:\/\/www.enerjigazetesi.ist\/en\/wp-json\/wp\/v2\/comments?post=133262"}],"version-history":[{"count":0,"href":"https:\/\/www.enerjigazetesi.ist\/en\/wp-json\/wp\/v2\/posts\/133262\/revisions"}],"wp:featuredmedia":[{"embeddable":true,"href":"https:\/\/www.enerjigazetesi.ist\/en\/wp-json\/wp\/v2\/media\/133265"}],"wp:attachment":[{"href":"https:\/\/www.enerjigazetesi.ist\/en\/wp-json\/wp\/v2\/media?parent=133262"}],"wp:term":[{"taxonomy":"category","embeddable":true,"href":"https:\/\/www.enerjigazetesi.ist\/en\/wp-json\/wp\/v2\/categories?post=133262"},{"taxonomy":"post_tag","embeddable":true,"href":"https:\/\/www.enerjigazetesi.ist\/en\/wp-json\/wp\/v2\/tags?post=133262"}],"curies":[{"name":"wp","href":"https:\/\/api.w.org\/{rel}","templated":true}]}}