{"id":133162,"date":"2021-04-14T11:48:56","date_gmt":"2021-04-14T08:48:56","guid":{"rendered":"https:\/\/www.enerjigazetesi.ist\/?p=133162"},"modified":"2021-04-14T11:48:56","modified_gmt":"2021-04-14T08:48:56","slug":"yasam-ilk-surdurulebilir-yasam-koyu-nefes-almak-isteyenlerle-bulustu","status":"publish","type":"post","link":"https:\/\/www.enerjigazetesi.ist\/en\/yasam-ilk-surdurulebilir-yasam-koyu-nefes-almak-isteyenlerle-bulustu\/","title":{"rendered":"(Turkish) Ya\u015fam: \u0130lk S\u00fcrd\u00fcr\u00fclebilir Ya\u015fam K\u00f6y\u00fc Nefes Almak \u0130steyenlerle Bulu\u015ftu"},"content":{"rendered":"<p class=\"qtranxs-available-languages-message qtranxs-available-languages-message-en\">Sorry, this entry is only available in <a href=\"https:\/\/www.enerjigazetesi.ist\/tr\/wp-json\/wp\/v2\/posts\/133162\" class=\"qtranxs-available-language-link qtranxs-available-language-link-tr\" title=\"Turkish\">Turkish<\/a>. For the sake of viewer convenience, the content is shown below in the alternative language. You may click the link to switch the active language.<\/p><p><\/p>\n<h1><strong>21. y\u00fczy\u0131l\u0131n \u00f6rnek insan yerle\u015fkesi olarak nitelendirilen Nefes Assos, merakla beklenen lansman etkinli\u011fini, tarihi Fi\u015fekhane\u2019de d\u00fczenledi\u011fi toplant\u0131 ile ger\u00e7ekle\u015ftirdi. T\u00fcrkiye\u2019nin ilk s\u00fcrd\u00fcr\u00fclebilir ya\u015fam k\u00f6y\u00fc olarak, 21. y\u00fczy\u0131l tehditlerine kar\u015f\u0131 imkanlar\u0131 ile cevap veren sosyal bir s\u0131\u011f\u0131nak niteli\u011fi ta\u015f\u0131yan Nefes Assos; kurucular\u0131 Dr. \u00d6nder Halisdemir ve Nevra Halisdemir ile birlikte Mimar Han T\u00fcmertekin, Dr. Ay\u015feg\u00fcl \u00c7oruhlu, Bureau Veritas, Sigma M\u00fchendislik, Kom\u015fuk\u00f6y ve Sibel Senna Y\u0131lmazer gibi alan\u0131n\u0131n en iyi isimlerinden olu\u015fan tak\u0131m liderli\u011finde hayat buluyor. <\/strong><\/h1>\n<p>Duyuruldu\u011fu g\u00fcnden bu yana, <strong>ekolojik ya\u015fam aray\u0131\u015f\u0131<\/strong> i\u00e7inde olanlar\u0131n referans noktas\u0131 olan Nefes Assos, lansman\u0131n\u0131 pandemi ko\u015fullar\u0131 sebebiyle YouTube \u00fczerinden ger\u00e7ekle\u015ftirdi. Nefes Assos\u2019un tak\u0131m <img loading=\"lazy\" class=\"alignright wp-image-133164\" src=\"https:\/\/www.enerjigazetesi.ist\/wp-content\/uploads\/2021\/04\/yasam-ilk-surdurulebilir-yasam-koyu-nefes-almak-isteyenlerle-bulustu-1.jpg\" alt=\"\" width=\"320\" height=\"232\" srcset=\"https:\/\/www.enerjigazetesi.ist\/wp-content\/uploads\/2021\/04\/yasam-ilk-surdurulebilir-yasam-koyu-nefes-almak-isteyenlerle-bulustu-1.jpg 550w, https:\/\/www.enerjigazetesi.ist\/wp-content\/uploads\/2021\/04\/yasam-ilk-surdurulebilir-yasam-koyu-nefes-almak-isteyenlerle-bulustu-1-300x217.jpg 300w, https:\/\/www.enerjigazetesi.ist\/wp-content\/uploads\/2021\/04\/yasam-ilk-surdurulebilir-yasam-koyu-nefes-almak-isteyenlerle-bulustu-1-500x362.jpg 500w, https:\/\/www.enerjigazetesi.ist\/wp-content\/uploads\/2021\/04\/yasam-ilk-surdurulebilir-yasam-koyu-nefes-almak-isteyenlerle-bulustu-1-69x50.jpg 69w\" sizes=\"(max-width: 320px) 100vw, 320px\" \/>\u00fcyelerinin kat\u0131ld\u0131\u011f\u0131<strong> lansman takip\u00e7ilerinin<\/strong> kat\u0131ld\u0131\u011f\u0131 bir Nefes terapisi ile ba\u015flad\u0131 ve <strong>Ahu \u00d6zyurt<\/strong> moderat\u00f6rl\u00fc\u011f\u00fcnde tak\u0131m \u00fcyelerinin projeye katk\u0131lar\u0131n\u0131 anlatt\u0131\u011f\u0131 bir a\u00e7\u0131k oturum \u015feklinde devam etti. Nefes vizyonu ve gustosunun \u00e7\u0131kt\u0131lar\u0131 olan sosyal ve fiziki de\u011ferler b\u00fct\u00fcn\u00fc, t\u00fcm detaylar\u0131yla izleyicilerle payla\u015f\u0131ld\u0131. S\u00fcrd\u00fcr\u00fclebilirli\u011fi, t\u00fcm alt ve \u00fcst yap\u0131lar\u0131 kapsayacak \u015fekilde; kendine yeten, <strong>tar\u0131m faaliyetleri, yenilenebilir enerji<\/strong> ve<strong> su kaynaklar\u0131, at\u0131k y\u00f6netimi, sosyal<\/strong> ve <strong>ekonomik d\u00f6ng\u00fcler<\/strong> gibi konularla tan\u0131mlayan <strong>Nefes Assos<\/strong>, <strong>21. y\u00fczy\u0131l<\/strong> insan yerle\u015fkesi olarak kendi alan\u0131nda bir ilke imza at\u0131yor. T\u00fcrkiye\u2019nin ilk <strong>s\u00fcrd\u00fcr\u00fclebilir k\u00f6y\u00fc<\/strong> olarak tasarlanan projede ya\u015fam, <strong>2022 y\u0131l\u0131nda<\/strong> ba\u015flayacak.<\/p>\n<h2><strong>\u201cNefes\u2019in beyaz sayfas\u0131nda bulu\u015facaklar\u201d<\/strong><\/h2>\n<p>S\u00fcrd\u00fcr\u00fclemez hale gelen metropol ya\u015fam\u0131na, <strong>s\u00fcrd\u00fcr\u00fclebilir<\/strong>, kendine yeten <strong>ekolojik bir ya\u015fam<\/strong> se\u00e7ene\u011fi olu\u015fturduklar\u0131n\u0131n alt\u0131n\u0131 \u00e7izen Nefes Assos kurucusu <strong>Dr. \u00d6nder Halisdemir<\/strong>, <em>\u201cNefes Assos, d\u00fcnyadaki iyi bilgi ve \u00f6rneklerden yararlanarak, d\u00fcnya miras\u0131 olan, Aristoteles\u2019in M.\u00d6.3.yy\u2019da felsefe okulu kurdu\u011fu antik kentin kar\u015f\u0131s\u0131nda 21.yy olanaklar\u0131 ile kurulan, \u00f6rnek bir yerle\u015fim olarak kurguland\u0131. Birle\u015fmi\u015f milletlerin <strong>s\u00fcrd\u00fcr\u00fclebilirlik tarifi<\/strong> olan <strong>ekolojik, sosyal<\/strong> ve <strong>ekonomik d\u00f6ng\u00fcleri<\/strong> somutla\u015ft\u0131rarak kendinden sonraki yerle\u015fimlere a\u00e7\u0131k kaynak olarak sunaca\u011f\u0131 Nefes Assos Standartlar\u0131n\u0131 da geli\u015ftirmektedir. <strong>Ekolojik yerle\u015fimler<\/strong> i\u00e7in <strong>\u00c7anakkale<\/strong>\u2019den d\u00fcnyaya se\u00e7kin bir \u00f6rnek kazand\u0131rmak ve yolu bizden sonrakiler i\u00e7in kolaylamak istiyoruz. Bu sebeple proje y\u00f6netimi ve standartlar\u0131 olu\u015fturma i\u015fini de multidisipliner tak\u0131m\u0131m\u0131z\u0131n \u00fcyesi Bureu Veritas\u2019a verdik. \u0130nsano\u011flunun alternatif ya\u015fam aray\u0131\u015f\u0131nda Mars se\u00e7ene\u011fine \u00e7ok vakit var. D\u00fcnyam\u0131z\u0131 daha ya\u015fanabilir bir yer k\u0131lmak hepimizin sonraki nesillere borcu. Nefes Assos yat\u0131r\u0131ml\u0131k de\u011fil <strong>ya\u015faml\u0131k<\/strong>, yeni bir ara konak de\u011fil bir var\u0131\u015f noktas\u0131 olarak hayata ge\u00e7iriyoruz\u201d<\/em> dedi.<\/p>\n<p>Nefes Assos\u2019taki yeni ya\u015fam\u0131 anlatan Halisdemir, <em>\u201cEkolojik ya\u015famlar\u0131n en zay\u0131f taraf\u0131 sosyal ya\u015fam olurken, Nefes\u2019in en g\u00fc\u00e7l\u00fc y\u00f6n\u00fc, ya\u015fl\u0131l\u0131k zaman\u0131nda da devam edecek sosyal kul\u00fcp havas\u0131nda devam edecek olan sosyal s\u00fcrd\u00fcr\u00fclebilirlik. Bunun i\u00e7in bir\u00e7ok mekanizma olu\u015fturduk. Di\u011fer yandan, k\u00f6y sakinlerinin sosyal ve k\u00fclt\u00fcrel uyumu en \u00f6nemli kriterimiz. Ev alma kom\u015fu al s\u00f6z\u00fc ne kadar da do\u011fru ve i\u00e7inin doldurulmas\u0131 ne kadar \u00f6zen istiyor. <strong>Nefesin beyaz sayfas\u0131nda<\/strong> bulu\u015facak k\u00f6y sakinleri; farkl\u0131 ge\u00e7mi\u015flerin, ortak de\u011ferlerin ve benzer hayallerin insanlar\u0131 olacak\u201d<\/em> \u015fekilde belirlenecek dedi.<\/p>\n<h2><strong>Tak\u0131m \u00fcyeleri Nefes\u2019i anlatt\u0131<\/strong><\/h2>\n<p><strong>Nefes Assos<\/strong>\u2019un d\u00fcnyaca \u00fcnl\u00fc mimar\u0131 <strong>Han T\u00fcmertekin<\/strong>, projede yap\u0131lar\u0131n insana hizmet etti\u011fini, bulundu\u011fu b\u00f6lgenin elementleriyle i\u00e7 i\u00e7e zamans\u0131z bir yap\u0131 olarak k\u00f6y\u00fc kurgulad\u0131klar\u0131n\u0131n alt\u0131n\u0131 \u00e7izdi.\u00a0 T\u00fcm se\u00e7imlerin sa\u011fl\u0131kl\u0131 ya\u015fama uygun olmas\u0131 konusunda dan\u0131\u015fmanl\u0131k veren ve projedeki <strong>K\u00f6y Enstit\u00fcs\u00fc programlar\u0131<\/strong>na destek veren <strong>Dr. Ay\u015feg\u00fcl \u00c7oruhlu<\/strong>; ya\u015fam alanlar\u0131n\u0131n fiziki ortam\u0131n\u0131n b\u00fct\u00fcnsel sa\u011fl\u0131k anlam\u0131nda \u00f6nemli oldu\u011funu, <strong>kaliteli bir ya\u015fam deneyimi<\/strong> i\u00e7in her ayr\u0131nt\u0131n\u0131n \u00f6nemli oldu\u011funun ile alt\u0131n\u0131 \u00e7izdi. <strong>Nefes Assos<\/strong>\u2019ta <strong>GDO<\/strong>\u2019suz, <strong>hormonsuz<\/strong> ve<strong> kimyasal kullan\u0131lmadan<\/strong>, geleneksel do\u011fal tar\u0131m alanlar\u0131n\u0131n bulunaca\u011f\u0131n\u0131 belirten <strong>Kom\u015fuk\u00f6y<\/strong> kurucular\u0131 <strong>\u00d6zden Aky\u0131ld\u0131z<\/strong> ve <strong>U\u011fur Aky\u0131ld\u0131z<\/strong>; k\u00f6yde <strong>uzman \u00e7ift\u00e7ilerin eme\u011fi<\/strong> ile hasat zamanlar\u0131nda hane ba\u015f\u0131na <strong>6 kiloya varan<\/strong> taze \u00fcr\u00fcn elde edilece\u011fini s\u00f6yledi.<\/p>\n<p>K\u00f6y\u00fcn m\u00fchendislik alan\u0131ndaki \u00f6zelliklerini anlatan <strong>Sigma M\u00fchendislik<\/strong> Genel M\u00fcd\u00fcr\u00fc Abuzer Sar\u0131, y\u00fcksek m\u00fchendislik ile enerji verimlili\u011fi fazla, yenilik\u00e7i, s\u00fcrd\u00fcr\u00fclebilir, <strong>\u00e7evreye sayg\u0131l\u0131 bir proje<\/strong> ger\u00e7ekle\u015ftirdiklerini belirtti. Projenin peyzaj direkt\u00f6r\u00fc <strong>Sibel Senna Y\u0131lmazer<\/strong>; Nefes Assos\u2019un bulundu\u011fu b\u00f6lgenin <strong>iklim<\/strong> ve <strong>lokal bitki k\u00fclt\u00fcr\u00fcne<\/strong> uygun, \u00fcr\u00fcn veren, do\u011fal bir peyzaj ger\u00e7ekle\u015ftirilece\u011fini vurgularken, t\u00fcm projenin y\u00f6netimini \u00fcstlenen <strong>Bureau Veritas ad\u0131na Osman Hisarc\u0131kl\u0131o\u011flu<\/strong>; Nefes\u2019in alan\u0131nda d\u00fcnyan\u0131n say\u0131l\u0131 projelerden biri oldu\u011funu vurgulayarak, <strong>190 y\u0131ll\u0131k<\/strong> ge\u00e7mi\u015fi ile <strong>Bureu Veritas<\/strong> i\u00e7in de ilkleri bar\u0131nd\u0131rd\u0131\u011f\u0131n\u0131 t\u00fcm s\u00fcrecin y\u00f6netimini \u00fcstlendiklerini ve d\u00fcnya <strong>know-how<\/strong>\u2019\u0131yla iyi bir \u00f6rnek olu\u015fturuldu\u011funu ve sonraki yerle\u015fimlere \u00f6rnek olmas\u0131 i\u00e7in <strong>N.A.S. standartlar\u0131<\/strong> konusunda beraber ilerlediklerini de ekledi.<\/p>\n<h2><strong>Avrupa Birli\u011fi\u2019nden hibeye hak kazand\u0131.<\/strong><\/h2>\n<p><strong>Avrupa Birli\u011fi<\/strong>\u2019nin <strong>Tar\u0131msal Kalk\u0131nmay\u0131 Destekleme Kriterleri (IPARD)<\/strong> kapsam\u0131nda hibe almaya lay\u0131k g\u00f6r\u00fclen Nefes Assos\u2019ta her ad\u0131m; 190 y\u0131l\u0131 a\u015fk\u0131n deneyimi ile <strong>140<\/strong> \u00fclkede faaliyet g\u00f6steren ve test, g\u00f6zetim, belgelendirme hizmetlerinde d\u00fcnya lideri <strong>Bureau Veritas<\/strong> dan\u0131\u015fmanl\u0131\u011f\u0131nda y\u00fcr\u00fct\u00fcl\u00fcyor. Projenin her basama\u011f\u0131; <strong>kalite, sa\u011fl\u0131k, g\u00fcvenlik, \u00e7evre koruma<\/strong> ve<strong> s\u00fcrd\u00fcr\u00fclebilirlik<\/strong> anlam\u0131nda uygulanabilir <strong>standartlara, d\u00fczenlemelere<\/strong> ve <strong>\u015fartnamelere uygunlu\u011fu<\/strong> test edilerek ger\u00e7ekle\u015ftiriliyor.<\/p>\n<h2><strong>21. y\u00fczy\u0131l\u0131n \u00f6rnek insan yerle\u015fkesi<\/strong><\/h2>\n<p>Nefes Assos, Assos\u2019ta, metropole <strong>4 saat<\/strong> s\u00fcr\u00fc\u015f uzakl\u0131\u011f\u0131nda,<strong> 62 d\u00f6n\u00fcm<\/strong> b\u00fcy\u00fckl\u00fc\u011f\u00fcnde; antik kent ve deniz manzaral\u0131 bir tepede, kendi tar\u0131m\u0131n\u0131 uzmanlar eliyle ger\u00e7ekle\u015ftiren, enerji ihtiyac\u0131n\u0131 g\u00fcne\u015ften elde eden, suyu yeniden kullanan, i\u00e7inde s\u00fcrekli at\u00f6lyelerin ve \u00e7evre gezilerinin d\u00fczenlenece\u011fi bir <strong>K\u00f6y Enstit\u00fcs\u00fc<\/strong>\u2019ne sahip olan, <strong>21. y\u00fczy\u0131l\u0131n<\/strong> \u00f6rnek insan yerle\u015fkesi olarak planland\u0131. <strong>Sosyal donat\u0131lar<\/strong> olarak; i\u00e7inde <strong>kahve, pazaryeri<\/strong> ve <strong>k\u00f6y meydan\u0131<\/strong> gibi yap\u0131lar\u0131 ile <strong>50 haneli<\/strong>, yeni ya\u015fam vizyonunu s\u00fcrd\u00fcr\u00fclebilir de\u011ferler kapsam\u0131nda yo\u011furan bir k\u00f6y. \u0130\u00e7inde k\u00f6y hizmetlerini <strong>y\u00f6netmek<\/strong> ve <strong>hanelerin gerekti\u011finde hizmet<\/strong> alabilece\u011fi<strong> 20 odal\u0131<\/strong> bir deneyim otelini ve <strong>SPA house<\/strong> bar\u0131nd\u0131ran proje, ya\u015fl\u0131l\u0131kta da <strong>s\u00fcrd\u00fcr\u00fclebilir ekolojik ya\u015fam<\/strong>dan kesintisiz faydalan\u0131lmas\u0131n\u0131 \u00f6ng\u00f6r\u00fcyor.<\/p>\n<h2><strong>Kendi enerjisini \u00fcreten, at\u0131k ve karbon ayak izinde s\u0131f\u0131r\u0131 hedefleyen ilk yerle\u015fim birimi <\/strong><\/h2>\n<p>Nefes Assos, kendi enerjisini <strong>fotovoltaik g\u00fcne\u015f enerjisi sistemleri<\/strong> ile \u00fcreten, <strong>at\u0131k<\/strong> ve <strong>karbon ayak izini s\u0131f\u0131rlama hedefli<\/strong> bir ko\u0308y olarak \u00f6ne \u00e7\u0131k\u0131yor. <strong>Otomobiller<\/strong> i\u00e7in <strong>h\u0131zl\u0131 \u015farj istasyonlar\u0131<\/strong> da k\u00f6yde bulunacak.<\/p>","protected":false},"excerpt":{"rendered":"<p>Sorry, this entry is only available in Turkish. For the sake of viewer convenience, the content is shown below in the alternative language. You may click the link to switch the active language. 21. y\u00fczy\u0131l\u0131n \u00f6rnek insan yerle\u015fkesi olarak nitelendirilen Nefes Assos, merakla beklenen lansman etkinli\u011fini, tarihi Fi\u015fekhane\u2019de d\u00fczenledi\u011fi toplant\u0131 ile ger\u00e7ekle\u015ftirdi. T\u00fcrkiye\u2019nin ilk s\u00fcrd\u00fcr\u00fclebilir [&hellip;]<\/p>\n","protected":false},"author":1,"featured_media":133165,"comment_status":"open","ping_status":"open","sticky":false,"template":"","format":"standard","meta":[],"categories":[53,52,49],"tags":[89184,89182,89186,89181,89183,89185,89189,89188,89180,89187],"views":129,"_links":{"self":[{"href":"https:\/\/www.enerjigazetesi.ist\/en\/wp-json\/wp\/v2\/posts\/133162"}],"collection":[{"href":"https:\/\/www.enerjigazetesi.ist\/en\/wp-json\/wp\/v2\/posts"}],"about":[{"href":"https:\/\/www.enerjigazetesi.ist\/en\/wp-json\/wp\/v2\/types\/post"}],"author":[{"embeddable":true,"href":"https:\/\/www.enerjigazetesi.ist\/en\/wp-json\/wp\/v2\/users\/1"}],"replies":[{"embeddable":true,"href":"https:\/\/www.enerjigazetesi.ist\/en\/wp-json\/wp\/v2\/comments?post=133162"}],"version-history":[{"count":0,"href":"https:\/\/www.enerjigazetesi.ist\/en\/wp-json\/wp\/v2\/posts\/133162\/revisions"}],"wp:featuredmedia":[{"embeddable":true,"href":"https:\/\/www.enerjigazetesi.ist\/en\/wp-json\/wp\/v2\/media\/133165"}],"wp:attachment":[{"href":"https:\/\/www.enerjigazetesi.ist\/en\/wp-json\/wp\/v2\/media?parent=133162"}],"wp:term":[{"taxonomy":"category","embeddable":true,"href":"https:\/\/www.enerjigazetesi.ist\/en\/wp-json\/wp\/v2\/categories?post=133162"},{"taxonomy":"post_tag","embeddable":true,"href":"https:\/\/www.enerjigazetesi.ist\/en\/wp-json\/wp\/v2\/tags?post=133162"}],"curies":[{"name":"wp","href":"https:\/\/api.w.org\/{rel}","templated":true}]}}