{"id":132943,"date":"2021-04-11T11:23:41","date_gmt":"2021-04-11T08:23:41","guid":{"rendered":"https:\/\/www.enerjigazetesi.ist\/?p=132943"},"modified":"2021-04-11T11:25:25","modified_gmt":"2021-04-11T08:25:25","slug":"yesil-mutabakat-masaya-yatirildi","status":"publish","type":"post","link":"https:\/\/www.enerjigazetesi.ist\/en\/yesil-mutabakat-masaya-yatirildi\/","title":{"rendered":"(Turkish) Ye\u015fil Mutabakat Masaya Yat\u0131r\u0131ld\u0131"},"content":{"rendered":"<p class=\"qtranxs-available-languages-message qtranxs-available-languages-message-en\">Sorry, this entry is only available in <a href=\"https:\/\/www.enerjigazetesi.ist\/tr\/wp-json\/wp\/v2\/posts\/132943\" class=\"qtranxs-available-language-link qtranxs-available-language-link-tr\" title=\"Turkish\">Turkish<\/a>. For the sake of viewer convenience, the content is shown below in the alternative language. You may click the link to switch the active language.<\/p><p><\/p>\n<h1><strong>\u00c7EVKO Vakf\u0131, 30&#8217;uncu Y\u0131l S\u00f6yle\u015fileri projesiyle Ekonomi Gazetecileri Derne\u011fi (EGD) i\u015f birli\u011finde iklim de\u011fi\u015fikli\u011fi konusunu t\u00fcm y\u00f6nleriyle masaya yat\u0131r\u0131yor.\u00a0\u00c7EVKO Vakf\u0131 \u0130klim De\u011fi\u015fikli\u011fi ve S\u00fcrd\u00fcr\u00fclebilirlik Grubu&#8217;nun EGD K\u00fcresel Is\u0131nma Kurultay\u0131 Komitesi i\u015f birli\u011fiyle haz\u0131rlad\u0131\u011f\u0131 ilkinde, AB Ye\u015fil Mutabakat\u0131&#8217;n\u0131n T\u00fcrkiye ve T\u00fcrk i\u015f d\u00fcnyas\u0131n\u0131n anlam\u0131 ele al\u0131nd\u0131.<\/strong><\/h1>\n<p>\u00c7EVKO (\u00c7evre Koruma ve Ambalaj At\u0131klar\u0131n\u0131 De\u011ferlendirme) Vakf\u0131, \u00f6nc\u00fcl\u00fc\u011f\u00fcn\u00fc yapt\u0131\u011f\u0131nda<strong> geri d\u00f6n\u00fc\u015f\u00fcm\u00fc<\/strong> ve <strong>ambalaj at\u0131klar\u0131n\u0131 kayna\u011f\u0131nda<\/strong> ayr\u0131ca <strong>toplaman\u0131n art\u0131r\u0131lmas\u0131<\/strong> hedefiyle \u00e7al\u0131\u015f\u0131yor ve <strong>30 y\u0131ld\u0131r<\/strong> artan bir ivmeyle bunu s\u00fcrd\u00fcr\u00fcyor. Uzman <strong>sanayi inisiyatifi<\/strong> ve etkin <strong>sivil toplum <img loading=\"lazy\" class=\"alignright wp-image-132946\" src=\"https:\/\/www.enerjigazetesi.ist\/wp-content\/uploads\/2021\/04\/yesil-mutabakat-masaya-yatirildi.jpg\" alt=\"\" width=\"340\" height=\"192\" srcset=\"https:\/\/www.enerjigazetesi.ist\/wp-content\/uploads\/2021\/04\/yesil-mutabakat-masaya-yatirildi.jpg 550w, https:\/\/www.enerjigazetesi.ist\/wp-content\/uploads\/2021\/04\/yesil-mutabakat-masaya-yatirildi-300x169.jpg 300w, https:\/\/www.enerjigazetesi.ist\/wp-content\/uploads\/2021\/04\/yesil-mutabakat-masaya-yatirildi-500x282.jpg 500w, https:\/\/www.enerjigazetesi.ist\/wp-content\/uploads\/2021\/04\/yesil-mutabakat-masaya-yatirildi-80x45.jpg 80w\" sizes=\"(max-width: 340px) 100vw, 340px\" \/>kurulu\u015fu<\/strong> kimliklerini bir araya getiren <strong>\u00c7EVKO Vakf\u0131<\/strong>, sahip oldu\u011fu <strong>bilgi birikimi, yurt i\u00e7i<\/strong> ve <strong>yurt d\u0131\u015f\u0131 i\u015fleri, insan kayna\u011f\u0131, \u00f6zel sekt\u00f6re &#8211; kamu ve yerel y\u00f6netimler &#8211; akademik kurumlar<\/strong> ve <strong>toplumsal i\u015f birlikleri<\/strong>nin sinerjisiyle,<strong> \u0130klim De\u011fi\u015fikli\u011fi<\/strong> ve <strong>D\u00f6ng\u00fcsel Ekonomi<\/strong> d\u00fc\u015f\u00fcnsel \u00f6nderlik yapan kurulu\u015flar aras\u0131nda yer al\u0131yor.<\/p>\n<p><strong>\u00c7EVKO Vakf\u0131, 30. Y\u0131l S\u00f6yle\u015fileri<\/strong> projesiyle <strong>Ekonomi Gazetecileri Derne\u011fi (EGD)<\/strong> i\u015f birli\u011finde iklim de\u011fi\u015fikli\u011fi konusunu t\u00fcm y\u00f6nleriyle masaya yat\u0131r\u0131yor.\u00a0S\u00fcrd\u00fcr\u00fclebilirlik konusunda \u00f6nc\u00fc \u00e7al\u0131\u015fmalar ger\u00e7ekle\u015ftiren <strong>12 sanayi kurulu\u015funu<\/strong> bir ayara getiren <strong>\u00c7EVKO Vakf\u0131 \u0130klim De\u011fi\u015fiklikleri<\/strong> ve <strong>S\u00fcrd\u00fcr\u00fclebilirlik \u00c7al\u0131\u015fma Grubu<\/strong>&#8216;nun, <strong>EGD K\u00fcresel Is\u0131nma Kurultay\u0131 Komitesi<\/strong> i\u015f birli\u011fiyle haz\u0131rland\u0131 ve <strong>dijital ortamda s\u00f6yle\u015filer<\/strong>, 2021 y\u0131l\u0131 boyunca s\u00fcrecek.\u00a0<strong>AB Ye\u015fil Mutabakat\u0131<\/strong>&#8216;n\u0131n <strong>T\u00fcrkiye<\/strong> ve<strong> T\u00fcrk i\u015f d\u00fcnyas\u0131n\u0131n<\/strong> anlam\u0131 ele al\u0131nd\u0131.<\/p>\n<p><strong>Ye\u015fil Mutabakat<\/strong>, AB&#8217;nin 2050&#8217;ye kadar net <strong>sera gaz\u0131 emisyonlar\u0131n\u0131n s\u0131f\u0131rlanmas\u0131<\/strong>, ekonomik b\u00fcy\u00fcmenin kaynak kullan\u0131m\u0131n\u0131n sona ermesi ve kimsenin hi\u00e7birinin b\u0131rak\u0131lmamas\u0131 temel hedeflerini i\u00e7eren <strong>yeni b\u00fcy\u00fcme stratejisi<\/strong> olarak tan\u0131mlan\u0131yor.\u00a0Bu b\u00fcy\u00fcme stratejisinde ana politikalar;\u00a0<strong>Temiz enerji, olas\u0131 sanayi, in\u015faat ve renovasyon, kald\u0131r\u0131lmas\u0131, kald\u0131r\u0131lmas\u0131, hareketlilik ve biyo\u00e7e\u015fitlilik<\/strong> olarak kurgulanm\u0131\u015f durumda.\u00a0<strong>Ye\u015fil Mutabakat<\/strong>, T\u00fcrk \u015firketlerinin ihracat ger\u00e7ekle\u015ftirme ve <strong>k\u00fcresel i\u015f ayak izi hayati \u00f6nem<\/strong> arz ediyor.<\/p>\n<p>Ekonomi Gazetecileri Derne\u011fi Ba\u015fkan\u0131 Celal Toprak&#8217;\u0131n moderat\u00f6rl\u00fc\u011f\u00fcnde, \u00c7EVKO Vakf\u0131 Genel Sekreteri Mete \u0130mer&#8217;in de kat\u0131l\u0131m\u0131 ile d\u00fczenlenen <strong>&#8220;\u00c7EVKO Vakf\u0131 30. Y\u0131l S\u00f6yle\u015fileri: Ye\u015fil Mutabakat Ne Anlama Geliyor&#8221;<\/strong> konulu \u00e7evrimi\u00e7i toplant\u0131n\u0131n konu\u011fu, Hedefler \u0130\u00e7in \u0130\u015f D\u00fcnyas\u0131 Platformu Y\u00f6netim Kurulu&#8217;ndan <strong>\u015e\u00fckr\u00fc \u00dcnl\u00fct\u00fcrk<\/strong> oldu.<\/p>\n<p><strong>Ye\u015fil Mutabakat<\/strong> hakk\u0131nda genel bilgiler veren <strong>\u015e\u00fckr\u00fc \u00dcnl\u00fct\u00fcrk<\/strong>, konu\u015fmas\u0131nda i\u015f d\u00fcnyas\u0131 i\u00e7in en yak\u0131n tehlike ne, ne yapmal\u0131, nas\u0131l \u00f6nlem almal\u0131 yeni sanayi istihdam\u0131nda etkileri gibi ba\u015fl\u0131klar\u0131 ele al\u0131rken kat\u0131l\u0131mc\u0131lar\u0131n soru ve yorumlar\u0131 ile \u00e7evrimi\u00e7i toplant\u0131 devam etti.<\/p>\n<p><strong>\u00c7EVKO Vakf\u0131 \u0130klim De\u011fi\u015fikli\u011fi ve S\u00fcrd\u00fcr\u00fclebilirlik Grubu<\/strong>&#8216;nun, <strong>EGD K\u00fcresel Is\u0131nma Kurultay\u0131 Komitesi<\/strong> i\u015f birli\u011fiyle haz\u0131rland\u0131\u011f\u0131 ve dijital ortamda ger\u00e7ekle\u015ftirilecek <strong>\u00c7EVKO Vakf\u0131<\/strong> <strong>30. Y\u0131l S\u00f6yle\u015fileri&#8217;<\/strong>nin program\u0131 <span style=\"text-decoration: underline;\">\u015fu \u015fekildedir:<\/span><\/p>\n<p><strong>\u00a0<u>PROGRAM<\/u><\/strong><\/p>\n<p><strong>28 Haziran 2021:<\/strong> Yerel Y\u00f6netimlerin \u0130klim De\u011fi\u015fikli\u011fine Bak\u0131\u015f\u0131<\/p>\n<p><strong>23 A\u011fustos 2021:<\/strong> \u0130klim De\u011fi\u015fikli\u011fi ile M\u00fccadelede \u00dclkemizdeki Durum ve S\u00fcrd\u00fcr\u00fclebilirlik \u00c7\u00f6z\u00fcmleri<\/p>\n<p><strong>25 Ekim 2021:\u00a0<\/strong>\u0130klim Krizine Kar\u015f\u0131 T\u00fcketicilerin Sorumlulu\u011fu<\/p>\n<p><strong>27 Aral\u0131k 2021:\u00a0<\/strong>T\u00fcrkiye&#8217;de \u00d6nc\u00fc Sanayi Kurulu\u015flar\u0131n\u0131n <strong>\u0130klim De\u011fi\u015fikli\u011fi ve S\u00fcrd\u00fcr\u00fclebilirlik<\/strong> \u00c7al\u0131\u015fmalar\u0131<\/p>\n<p><strong>Online toplant\u0131 kat\u0131l\u0131m ba\u011flant\u0131s\u0131<\/strong>, toplant\u0131da <strong>\u00c7EVKO Vakf\u0131<\/strong> ve<strong> Ekonomi Gazetecileri Derne\u011fi<\/strong> taraf\u0131ndan duyurulacak.<\/p>\n<p><strong>Detayl\u0131 Bilgi i\u00e7in:\u00a0<\/strong>Asl\u0131han Subarlas \/ Uygulama \u0130leti\u015fim Y\u00f6netimi &#8211;\u00a0 <a href=\"mailto:aslihan@practicecomm.com\" target=\"_blank\" rel=\"nofollow noopener\">aslihan@practicecomm.com<\/a><\/p>","protected":false},"excerpt":{"rendered":"<p>Sorry, this entry is only available in Turkish. For the sake of viewer convenience, the content is shown below in the alternative language. You may click the link to switch the active language. \u00c7EVKO Vakf\u0131, 30&#8217;uncu Y\u0131l S\u00f6yle\u015fileri projesiyle Ekonomi Gazetecileri Derne\u011fi (EGD) i\u015f birli\u011finde iklim de\u011fi\u015fikli\u011fi konusunu t\u00fcm y\u00f6nleriyle masaya yat\u0131r\u0131yor.\u00a0\u00c7EVKO Vakf\u0131 \u0130klim De\u011fi\u015fikli\u011fi [&hellip;]<\/p>\n","protected":false},"author":1,"featured_media":132946,"comment_status":"open","ping_status":"open","sticky":false,"template":"","format":"standard","meta":[],"categories":[51,53,52],"tags":[89048,86756,89053,36987,89054,89050,61011,76344,41159,4531,89052,89049,52510,89055,57125,89051],"views":135,"_links":{"self":[{"href":"https:\/\/www.enerjigazetesi.ist\/en\/wp-json\/wp\/v2\/posts\/132943"}],"collection":[{"href":"https:\/\/www.enerjigazetesi.ist\/en\/wp-json\/wp\/v2\/posts"}],"about":[{"href":"https:\/\/www.enerjigazetesi.ist\/en\/wp-json\/wp\/v2\/types\/post"}],"author":[{"embeddable":true,"href":"https:\/\/www.enerjigazetesi.ist\/en\/wp-json\/wp\/v2\/users\/1"}],"replies":[{"embeddable":true,"href":"https:\/\/www.enerjigazetesi.ist\/en\/wp-json\/wp\/v2\/comments?post=132943"}],"version-history":[{"count":0,"href":"https:\/\/www.enerjigazetesi.ist\/en\/wp-json\/wp\/v2\/posts\/132943\/revisions"}],"wp:featuredmedia":[{"embeddable":true,"href":"https:\/\/www.enerjigazetesi.ist\/en\/wp-json\/wp\/v2\/media\/132946"}],"wp:attachment":[{"href":"https:\/\/www.enerjigazetesi.ist\/en\/wp-json\/wp\/v2\/media?parent=132943"}],"wp:term":[{"taxonomy":"category","embeddable":true,"href":"https:\/\/www.enerjigazetesi.ist\/en\/wp-json\/wp\/v2\/categories?post=132943"},{"taxonomy":"post_tag","embeddable":true,"href":"https:\/\/www.enerjigazetesi.ist\/en\/wp-json\/wp\/v2\/tags?post=132943"}],"curies":[{"name":"wp","href":"https:\/\/api.w.org\/{rel}","templated":true}]}}