{"id":132881,"date":"2021-04-09T12:50:32","date_gmt":"2021-04-09T09:50:32","guid":{"rendered":"https:\/\/www.enerjigazetesi.ist\/?p=132881"},"modified":"2021-04-09T12:50:32","modified_gmt":"2021-04-09T09:50:32","slug":"turkiye-madenciler-dernegi-tmd-baskani-yeniden-ali-emiroglu-oldu","status":"publish","type":"post","link":"https:\/\/www.enerjigazetesi.ist\/en\/turkiye-madenciler-dernegi-tmd-baskani-yeniden-ali-emiroglu-oldu\/","title":{"rendered":"(Turkish) T\u00fcrkiye Madenciler Derne\u011fi (TMD) Ba\u015fkan\u0131 Yeniden Ali Emiro\u011flu Oldu"},"content":{"rendered":"<p class=\"qtranxs-available-languages-message qtranxs-available-languages-message-en\">Sorry, this entry is only available in <a href=\"https:\/\/www.enerjigazetesi.ist\/tr\/wp-json\/wp\/v2\/posts\/132881\" class=\"qtranxs-available-language-link qtranxs-available-language-link-tr\" title=\"Turkish\">Turkish<\/a>. For the sake of viewer convenience, the content is shown below in the alternative language. You may click the link to switch the active language.<\/p><p><\/p>\n<h1><strong>T\u00fcrkiye Madenciler Derne\u011fi\u2019nin (TMD) 57. Ola\u011fan Genel Kurulu\u2019nda Y\u00f6netim Kurulu Ba\u015fkanl\u0131\u011f\u0131\u2019na Ali Emiro\u011flu yeniden se\u00e7ildi. TMD\u2019nin Y\u00f6netim Kurulu\u2019nda ise Mehmet Y\u0131lmaz (\u0130kinci Ba\u015fkan), Dr. Ercan Balc\u0131 (Genel Sekreter), Zeki Be\u015firli (Sayman), Bar\u0131\u015f Baykal \u00dcnver, Bar\u0131\u015f Erdem, Ramazan Y\u00f6n, Mehmet Zeki Say\u0131l\u0131r ve Mehmet Yunus \u015eahin bulunuyor. <\/strong><\/h1>\n<p>TMD\u2019nin ge\u00e7ti\u011fimiz g\u00fcnlerde<strong> \u0130stanbul Hilton Bosphorus Otel<\/strong>\u2019de ger\u00e7ekle\u015ftirilen<strong> 57&#8217;\u0131nc\u0131 Ola\u011fan Genel Kurulu<\/strong>\u2019nda yeni y\u00f6netim belirlendi. <strong>Ali Emiro\u011flu<\/strong>, yeniden TMD Ba\u015fkan\u0131 olurken Y\u00f6netim Kurulu \u00dcyeleri ise <em>Mehmet Y\u0131lmaz (\u0130kinci Ba\u015fkan, Dr. Ercan Balc\u0131 (Genel Sekreter), Zeki Be\u015firli <img loading=\"lazy\" class=\"alignright wp-image-132884\" src=\"https:\/\/www.enerjigazetesi.ist\/wp-content\/uploads\/2021\/04\/turkiye-madenciler-dernegi-tmd-baskani-yeniden-ali-emiroglu-oldu.jpg\" alt=\"\" width=\"340\" height=\"227\" srcset=\"https:\/\/www.enerjigazetesi.ist\/wp-content\/uploads\/2021\/04\/turkiye-madenciler-dernegi-tmd-baskani-yeniden-ali-emiroglu-oldu.jpg 550w, https:\/\/www.enerjigazetesi.ist\/wp-content\/uploads\/2021\/04\/turkiye-madenciler-dernegi-tmd-baskani-yeniden-ali-emiroglu-oldu-300x200.jpg 300w, https:\/\/www.enerjigazetesi.ist\/wp-content\/uploads\/2021\/04\/turkiye-madenciler-dernegi-tmd-baskani-yeniden-ali-emiroglu-oldu-500x334.jpg 500w, https:\/\/www.enerjigazetesi.ist\/wp-content\/uploads\/2021\/04\/turkiye-madenciler-dernegi-tmd-baskani-yeniden-ali-emiroglu-oldu-75x50.jpg 75w, https:\/\/www.enerjigazetesi.ist\/wp-content\/uploads\/2021\/04\/turkiye-madenciler-dernegi-tmd-baskani-yeniden-ali-emiroglu-oldu-450x300.jpg 450w\" sizes=\"(max-width: 340px) 100vw, 340px\" \/>(Sayman), Bar\u0131\u015f Baykal \u00dcnver, Bar\u0131\u015f Erdem), Ramazan Y\u00f6n, Mehmet Zeki Say\u0131l\u0131r<\/em> ve <em>Mehmet Yunus \u015eahin<\/em>\u2019den olu\u015ftu.<\/p>\n<p>TMD\u2019nin kuruldu\u011fu <strong>1948 y\u0131l\u0131ndan bu yana<\/strong> madencilik sekt\u00f6r\u00fcn\u00fcn geli\u015fiminde \u00f6nc\u00fc bir rol \u00fcstlendi\u011fine dikkat \u00e7eken Ali Emiro\u011flu, <em>\u201cBizler bu \u00fclkenin sahip oldu\u011fu yeralt\u0131 zenginliklerini yery\u00fcz\u00fcne \u00e7\u0131karan, sanayiye hammadde sa\u011flayan, \u00fclke ekonomisinde \u00f6nemli bir pay\u0131 olan \u00e7ok zor ama son derece<strong> onurlu bir mesle\u011fin<\/strong> neferleriyiz\u201d<\/em> dedi.<\/p>\n<p>Madencilik sekt\u00f6r\u00fcn\u00fcn son derece dayan\u0131kl\u0131 ve m\u00fccadeleci oldu\u011funu belirten Emiro\u011flu, <em>\u201cSekt\u00f6r\u00fcm\u00fcz, salg\u0131n s\u00fcrecinde de en h\u0131zl\u0131 toparlanan sekt\u00f6rlerden biri oldu. Ancak yeterince b\u00fcy\u00fcyemiyor, geli\u015femiyor. \u00dclkemizin en b\u00fcy\u00fck <strong>d\u0131\u015f ticaret a\u00e7\u0131klar\u0131<\/strong>n\u0131n <strong>enerji hammaddeleri, maden<\/strong> ve<strong> metallerin ithalat\u0131ndan<\/strong> olu\u015ftu\u011fu bir ger\u00e7ek. Bunu azaltman\u0131n yolu da <strong>maden varl\u0131klar\u0131<\/strong>m\u0131z\u0131n <strong>aranmas\u0131, bulunmas\u0131<\/strong> ve <strong>i\u015fletilmesinden<\/strong> ge\u00e7iyor. <strong>Madencilik sekt\u00f6r\u00fc<\/strong>ne gereken \u00f6nemin verilmesi gerekiyor\u201d<\/em> \u015feklinde konu\u015ftu.<\/p>\n<p><strong>Genel Kurul<\/strong> sonras\u0131nda TMD\u2019nin <strong>Y\u00f6netim<\/strong> ve <strong>Denetim Kurulu<\/strong> \u015fu isimlerden <span style=\"text-decoration: underline;\">meydana geldi:<\/span><\/p>\n<h2>Y\u00f6netim Kurulu (Asil \u00dcyeler):<\/h2>\n<p>&#8211; Ali Emiro\u011flu \u2013 Ba\u015fkan (MRT Maden)<\/p>\n<p>&#8211; Mehmet Y\u0131lmaz \u2013 \u0130kinci Ba\u015fkan (T\u00fcprag Metal Madencilik)<\/p>\n<p>&#8211; Dr. Ercan Balc\u0131 \u2013 Genel Sekreter (\u00c7ayeli Bak\u0131r \u0130\u015fletmeleri)<\/p>\n<p>&#8211; Zeki Be\u015firli \u2013 Sayman (Ak\u00e7elik Madencilik)<\/p>\n<p>&#8211; Bar\u0131\u015f Baykal \u00dcnver \u2013 Y\u00f6netim Kurulu \u00dcyesi (Esan Eczac\u0131ba\u015f\u0131 End\u00fcstriyel Hammaddeler)<\/p>\n<p>&#8211; Bar\u0131\u015f Erdem \u2013 Y\u00f6netim Kurulu \u00dcyesi (Egemad Madencilik Enerji)<\/p>\n<p>&#8211; Mahmut Yunus \u015eahin \u2013 Y\u00f6netim Kurulu \u00dcyesi (Kaltun Madencilik)<\/p>\n<h2>Y\u00f6netim Kurulu (Yedek \u00dcyeler):<\/h2>\n<p>&#8211; Do\u00e7. Dr. Suha Nizamo\u011fu<\/p>\n<p>&#8211; Onur K\u00f6kt\u00fcrk (Delta Star Enerji ve Madencilik)<\/p>\n<p>&#8211; \u00d6zg\u00fcr \u00d6zt\u00fcrk (Ak\u00e7ansa \u00c7imento)<\/p>\n<p>&#8211; Arman Ko\u00e7al (Zenit Madencilik)<\/p>\n<p>&#8211; \u00d6ner Y\u0131lmaz (Soner Temel M\u00fchendislik)<\/p>\n<h2>Denetleme Kurulu (Asil \u00dcyeler):<\/h2>\n<p>&#8211; \u015eeyda \u00c7a\u011flayan (T\u00fcrk Maad\u0131n)<\/p>\n<p>&#8211; Serra Sarp (Barit Maden)<\/p>\n<p>&#8211; \u0130hya Kangal (Tekmar Mermer ve Maden)<\/p>\n<h2>Denetleme Kurulu (Yedek \u00dcyeler):<\/h2>\n<p>&#8211; Benjamin Pinto<\/p>\n<p>&#8211; Dr. Sabri Alt\u0131noluk<\/p>\n<p>&#8211; Levent Yener (Baometal Madencilik)<\/p>","protected":false},"excerpt":{"rendered":"<p>Sorry, this entry is only available in Turkish. For the sake of viewer convenience, the content is shown below in the alternative language. You may click the link to switch the active language. T\u00fcrkiye Madenciler Derne\u011fi\u2019nin (TMD) 57. Ola\u011fan Genel Kurulu\u2019nda Y\u00f6netim Kurulu Ba\u015fkanl\u0131\u011f\u0131\u2019na Ali Emiro\u011flu yeniden se\u00e7ildi. TMD\u2019nin Y\u00f6netim Kurulu\u2019nda ise Mehmet Y\u0131lmaz (\u0130kinci [&hellip;]<\/p>\n","protected":false},"author":1,"featured_media":132884,"comment_status":"open","ping_status":"open","sticky":false,"template":"","format":"standard","meta":[],"categories":[51,53,24649],"tags":[89016,49899,23311,53315,89017],"views":55,"_links":{"self":[{"href":"https:\/\/www.enerjigazetesi.ist\/en\/wp-json\/wp\/v2\/posts\/132881"}],"collection":[{"href":"https:\/\/www.enerjigazetesi.ist\/en\/wp-json\/wp\/v2\/posts"}],"about":[{"href":"https:\/\/www.enerjigazetesi.ist\/en\/wp-json\/wp\/v2\/types\/post"}],"author":[{"embeddable":true,"href":"https:\/\/www.enerjigazetesi.ist\/en\/wp-json\/wp\/v2\/users\/1"}],"replies":[{"embeddable":true,"href":"https:\/\/www.enerjigazetesi.ist\/en\/wp-json\/wp\/v2\/comments?post=132881"}],"version-history":[{"count":0,"href":"https:\/\/www.enerjigazetesi.ist\/en\/wp-json\/wp\/v2\/posts\/132881\/revisions"}],"wp:featuredmedia":[{"embeddable":true,"href":"https:\/\/www.enerjigazetesi.ist\/en\/wp-json\/wp\/v2\/media\/132884"}],"wp:attachment":[{"href":"https:\/\/www.enerjigazetesi.ist\/en\/wp-json\/wp\/v2\/media?parent=132881"}],"wp:term":[{"taxonomy":"category","embeddable":true,"href":"https:\/\/www.enerjigazetesi.ist\/en\/wp-json\/wp\/v2\/categories?post=132881"},{"taxonomy":"post_tag","embeddable":true,"href":"https:\/\/www.enerjigazetesi.ist\/en\/wp-json\/wp\/v2\/tags?post=132881"}],"curies":[{"name":"wp","href":"https:\/\/api.w.org\/{rel}","templated":true}]}}