{"id":13286,"date":"2013-07-23T10:17:23","date_gmt":"2013-07-23T07:17:23","guid":{"rendered":"https:\/\/www.enerjigazetesi.ist\/?p=13286"},"modified":"2013-07-23T10:17:23","modified_gmt":"2013-07-23T07:17:23","slug":"yildiz-akkuyu-ced-raporu-icin-incelemeler-yapilacak","status":"publish","type":"post","link":"https:\/\/www.enerjigazetesi.ist\/en\/yildiz-akkuyu-ced-raporu-icin-incelemeler-yapilacak\/","title":{"rendered":"(Turkish) Y\u0131ld\u0131z: Akkuyu \u00c7ED Raporu \u0130\u00e7in \u0130ncelemeler Yap\u0131lacak"},"content":{"rendered":"<p class=\"qtranxs-available-languages-message qtranxs-available-languages-message-en\">Sorry, this entry is only available in <a href=\"https:\/\/www.enerjigazetesi.ist\/tr\/wp-json\/wp\/v2\/posts\/13286\" class=\"qtranxs-available-language-link qtranxs-available-language-link-tr\" title=\"Turkish\">Turkish<\/a>. For the sake of viewer convenience, the content is shown below in the alternative language. You may click the link to switch the active language.<\/p><p><strong>Enerji ve Tabii Kaynaklar Bakan\u0131 Taner Y\u0131ld\u0131z, Akkuyu N\u00fckleer G\u00fc\u00e7 Santrali i\u00e7in yap\u0131lan \u00e7evresel etki de\u011ferlendirme raporu i\u00e7in incelemeler yap\u0131laca\u011f\u0131n\u0131 s\u00f6yledi.<\/strong><\/p>\n<p>Enerji Bakan\u0131 Y\u0131ld\u0131z, Akkuyu N\u00fckleer Santrali i\u00e7in yap\u0131lan \u00c7evresel Etki De\u011ferlendirme (\u00c7ED) raporu ba\u015fvurusunu de\u011ferlendirdi. Bakan Y\u0131ld\u0131z, Santral i\u00e7in ba\u015fvurunun 1,5 y\u0131l \u00f6nce yap\u0131ld\u0131\u011f\u0131n\u0131 belirterek, bu s\u00fcrede gerekli haz\u0131rl\u0131klar ger\u00e7ekle\u015ftirilerek bir rapor halinde \u00c7evre ve \u015eehircilik Bakanl\u0131\u011f\u0131\u2019na sunuldu\u011funu kaydetti.<\/p>\n<p><strong>M\u00dcSTER\u0130H OLMAMIZ LAZIM<\/strong><\/p>\n<p>Rapor i\u00e7in geni\u015f kat\u0131l\u0131ml\u0131 de\u011ferlendirmeler yap\u0131laca\u011f\u0131n\u0131, incelemelerde bulunulaca\u011f\u0131n\u0131 ifade eden Bakan Y\u0131ld\u0131z, \u201cM\u00fcsterih olmam\u0131z laz\u0131m. Deniz suyu s\u0131cakl\u0131\u011f\u0131n\u0131n<a href=\"https:\/\/www.enerjigazetesi.ist\/wp-content\/uploads\/2013\/03\/Akkuyu_n\u00fckleer-santrali-505x313.jpg\"><img loading=\"lazy\" class=\"alignleft size-medium wp-image-8672\" title=\"yildiz:-akkuyu-ced-raporu-icin-incelemeler-yapilacak\" src=\"https:\/\/www.enerjigazetesi.ist\/wp-content\/uploads\/2013\/03\/Akkuyu_n\u00fckleer-santrali-505x313-300x185.jpg\" alt=\"\" width=\"300\" height=\"185\" srcset=\"https:\/\/www.enerjigazetesi.ist\/wp-content\/uploads\/2013\/03\/Akkuyu_n\u00fckleer-santrali-505x313-300x185.jpg 300w, https:\/\/www.enerjigazetesi.ist\/wp-content\/uploads\/2013\/03\/Akkuyu_n\u00fckleer-santrali-505x313-500x309.jpg 500w, https:\/\/www.enerjigazetesi.ist\/wp-content\/uploads\/2013\/03\/Akkuyu_n\u00fckleer-santrali-505x313-80x50.jpg 80w, https:\/\/www.enerjigazetesi.ist\/wp-content\/uploads\/2013\/03\/Akkuyu_n\u00fckleer-santrali-505x313.jpg 505w\" sizes=\"(max-width: 300px) 100vw, 300px\" \/><\/a> artaca\u011f\u0131 s\u00f6yleniyor. Halbuki \u015fu anda Fransa\u2019da 14 n\u00fckleer santral hemen suyun yan\u0131nda ama hi\u00e7biri suyun s\u0131cakl\u0131\u011f\u0131n\u0131 art\u0131rm\u0131yor.\u201d dedi.<\/p>\n<p><strong>B\u00dcT\u00dcN \u015eARTLARA UYUM ARANACAK<\/strong><\/p>\n<p>Bakan Y\u0131ld\u0131z \u015f\u00f6yle devam etti: &#8220;Fok bal\u0131klar\u0131 yaln\u0131zca \u00e7evreciler i\u00e7in de\u011fil, Enerji ve Tabii Kaynaklar Bakanl\u0131\u011f\u0131 i\u00e7in de \u00f6nemli, kaplumba\u011falar da ayn\u0131 \u015fekilde bizim i\u00e7in \u00f6nemli. Bu t\u00fcr canl\u0131lar yaln\u0131zca bir kurumun m\u00fcktesebat\u0131 halinde de\u011fil. Her zaman s\u00f6yl\u00fcyoruz \u00e7evreye ra\u011fmen de\u011fil, \u00e7evreyle beraber biz bu projeleri yapaca\u011f\u0131z. Art\u0131k geli\u015fmi\u015f teknolojilerin bu t\u00fcr endi\u015feleri ortadan kald\u0131raca\u011f\u0131n\u0131 bilmemiz laz\u0131m. \u0130n\u015fallah T\u00fcrkiye\u2019de de yay\u0131ma girecek, \u015fu anda normalde film g\u00f6sterime girdi, `Pandora`s Promise` diye bir film var.<\/p>\n<p>Bu asl\u0131nda Greenpeace \u00fcyelerinin nas\u0131l n\u00fckleerle alakal\u0131 d\u00fc\u015f\u00fcncelerinin de\u011fi\u015fti\u011fine dair. \u0130n\u015fallah T\u00fcrkiye\u2019de de g\u00f6sterime girecek. Onu hep beraber izleriz ve daha geni\u015f bilgi sahibi oluruz. B\u00fct\u00fcn y\u00fcre\u011fimle s\u00f6yl\u00fcyorum, oradaki canl\u0131 varl\u0131klar\u0131n her birini d\u00fc\u015f\u00fcnmemiz laz\u0131m. Bir k\u0131s\u0131m fok bal\u0131klar\u0131n\u0131n da piyasada istismar edilmesini do\u011fru bulmuyorum. Biz \u00e7evreyle alakal\u0131 b\u00fct\u00fcn uyumlu \u00e7al\u0131\u015fmalar\u0131m\u0131z\u0131 hep beraber ortaya koymu\u015f olaca\u011f\u0131z. Kald\u0131 ki \u00c7evre ve Orman Bakanl\u0131\u011f\u0131m\u0131z\u0131n deniz suyu s\u0131cakl\u0131klar\u0131yla alakal\u0131 \u00e7ok ciddi bir y\u00f6netmeli\u011fi var. Hangi mevsimde nerede, ka\u00e7 derecede bulunmas\u0131 gerekir diye. B\u00fct\u00fcn bu \u015fartlara uymas\u0131n\u0131 biz de \u015firketten isteyece\u011fiz.&#8221;<\/p>\n<p>Kaynak: <a href=\"http:\/\/enerjigunlugu.net\/yildiz:-akkuyu-ced-raporu-icin-incelemeler-yapilac_4220.html\" target=\"_blank\">Enerji G\u00fcnl\u00fc\u011f\u00fc<\/a><\/p>","protected":false},"excerpt":{"rendered":"<p>Sorry, this entry is only available in Turkish. For the sake of viewer convenience, the content is shown below in the alternative language. You may click the link to switch the active language.Enerji ve Tabii Kaynaklar Bakan\u0131 Taner Y\u0131ld\u0131z, Akkuyu N\u00fckleer G\u00fc\u00e7 Santrali i\u00e7in yap\u0131lan \u00e7evresel etki de\u011ferlendirme raporu i\u00e7in incelemeler yap\u0131laca\u011f\u0131n\u0131 s\u00f6yledi. Enerji Bakan\u0131 [&hellip;]<\/p>\n","protected":false},"author":1,"featured_media":8672,"comment_status":"open","ping_status":"open","sticky":false,"template":"","format":"standard","meta":[],"categories":[53,43],"tags":[1466,1303,710,2878,6277,63,67,165,7089,21,88,667,7090],"views":508,"_links":{"self":[{"href":"https:\/\/www.enerjigazetesi.ist\/en\/wp-json\/wp\/v2\/posts\/13286"}],"collection":[{"href":"https:\/\/www.enerjigazetesi.ist\/en\/wp-json\/wp\/v2\/posts"}],"about":[{"href":"https:\/\/www.enerjigazetesi.ist\/en\/wp-json\/wp\/v2\/types\/post"}],"author":[{"embeddable":true,"href":"https:\/\/www.enerjigazetesi.ist\/en\/wp-json\/wp\/v2\/users\/1"}],"replies":[{"embeddable":true,"href":"https:\/\/www.enerjigazetesi.ist\/en\/wp-json\/wp\/v2\/comments?post=13286"}],"version-history":[{"count":1,"href":"https:\/\/www.enerjigazetesi.ist\/en\/wp-json\/wp\/v2\/posts\/13286\/revisions"}],"predecessor-version":[{"id":13287,"href":"https:\/\/www.enerjigazetesi.ist\/en\/wp-json\/wp\/v2\/posts\/13286\/revisions\/13287"}],"wp:featuredmedia":[{"embeddable":true,"href":"https:\/\/www.enerjigazetesi.ist\/en\/wp-json\/wp\/v2\/media\/8672"}],"wp:attachment":[{"href":"https:\/\/www.enerjigazetesi.ist\/en\/wp-json\/wp\/v2\/media?parent=13286"}],"wp:term":[{"taxonomy":"category","embeddable":true,"href":"https:\/\/www.enerjigazetesi.ist\/en\/wp-json\/wp\/v2\/categories?post=13286"},{"taxonomy":"post_tag","embeddable":true,"href":"https:\/\/www.enerjigazetesi.ist\/en\/wp-json\/wp\/v2\/tags?post=13286"}],"curies":[{"name":"wp","href":"https:\/\/api.w.org\/{rel}","templated":true}]}}