{"id":132847,"date":"2021-04-09T11:55:12","date_gmt":"2021-04-09T08:55:12","guid":{"rendered":"https:\/\/www.enerjigazetesi.ist\/?p=132847"},"modified":"2021-04-09T11:57:26","modified_gmt":"2021-04-09T08:57:26","slug":"almanyada-yenilenebilir-enerjinin-ulasimdaki-payi-yuzde-7-3-e-yukseldi","status":"publish","type":"post","link":"https:\/\/www.enerjigazetesi.ist\/en\/almanyada-yenilenebilir-enerjinin-ulasimdaki-payi-yuzde-7-3-e-yukseldi\/","title":{"rendered":"(Turkish) Almanya\u2019da Yenilenebilir Enerjinin Ula\u015f\u0131mdaki Pay\u0131 % 7,3\u2019e Y\u00fckseldi"},"content":{"rendered":"<p class=\"qtranxs-available-languages-message qtranxs-available-languages-message-en\">Sorry, this entry is only available in <a href=\"https:\/\/www.enerjigazetesi.ist\/tr\/wp-json\/wp\/v2\/posts\/132847\" class=\"qtranxs-available-language-link qtranxs-available-language-link-tr\" title=\"Turkish\">Turkish<\/a>. For the sake of viewer convenience, the content is shown below in the alternative language. You may click the link to switch the active language.<\/p><p><\/p>\n<h1>Almanya&#8217;da yap\u0131lan ara\u015ft\u0131rma verilerine g\u00f6re, <strong>2020&#8217;de ula\u015f\u0131m sekt\u00f6r\u00fc<\/strong>nde daha fazla miktarda <strong>biyoyak\u0131t<\/strong> kullan\u0131l\u0131rken, <strong>konvansiyonel yak\u0131t<\/strong>lar\u0131n kullan\u0131m\u0131 azalm\u0131\u015f olup yenilenebilir enerjinin pay\u0131 ise <strong>% 7,3<\/strong>&#8216;e \u00e7\u0131kt\u0131.<\/h1>\n<h1><img loading=\"lazy\" class=\"alignright wp-image-132866\" src=\"https:\/\/www.enerjigazetesi.ist\/wp-content\/uploads\/2021\/04\/almanyada-yenilenebilir-enerjinin-ulasimdaki-payi-yuzde-7-3-e-yukseldi.jpg\" alt=\"\" width=\"320\" height=\"264\" srcset=\"https:\/\/www.enerjigazetesi.ist\/wp-content\/uploads\/2021\/04\/almanyada-yenilenebilir-enerjinin-ulasimdaki-payi-yuzde-7-3-e-yukseldi.jpg 550w, https:\/\/www.enerjigazetesi.ist\/wp-content\/uploads\/2021\/04\/almanyada-yenilenebilir-enerjinin-ulasimdaki-payi-yuzde-7-3-e-yukseldi-300x247.jpg 300w, https:\/\/www.enerjigazetesi.ist\/wp-content\/uploads\/2021\/04\/almanyada-yenilenebilir-enerjinin-ulasimdaki-payi-yuzde-7-3-e-yukseldi-486x400.jpg 486w, https:\/\/www.enerjigazetesi.ist\/wp-content\/uploads\/2021\/04\/almanyada-yenilenebilir-enerjinin-ulasimdaki-payi-yuzde-7-3-e-yukseldi-61x50.jpg 61w, https:\/\/www.enerjigazetesi.ist\/wp-content\/uploads\/2021\/04\/almanyada-yenilenebilir-enerjinin-ulasimdaki-payi-yuzde-7-3-e-yukseldi-500x412.jpg 500w\" sizes=\"(max-width: 320px) 100vw, 320px\" \/><\/h1>\n<p><strong>Almanya H\u00fck\u00fcmeti<\/strong>\u00a0\u00c7al\u0131\u015fma Grubu <strong>AGEE<\/strong> ve <strong>Federal \u00c7evre Ajans\u0131&#8217;nca (UBA)\u00a0<\/strong>ger\u00e7ekle\u015ftirilen bir <strong>analiz<\/strong>, 2020&#8217;de\u00a0<strong>yenilenebilir enerji<\/strong>nin <strong>ula\u015f\u0131m<\/strong>, <strong>elektrik<\/strong> ve <strong>\u0131s\u0131tma<\/strong> sekt\u00f6rlerindeki pay\u0131n\u0131n art\u0131\u015f g\u00f6sterdi\u011fini g\u00f6zler \u00f6n\u00fcne sererken \u00f6zellikle <strong>karasal r\u00fczg\u00e2r t\u00fcrbinlerinin geli\u015ftirilmesi<\/strong>ndeki yava\u015flama nedeniyle, <strong>Almanya<\/strong>\u2019n\u0131n <strong>ula\u015f\u0131m<\/strong> ve<strong> \u0131s\u0131nma<\/strong>daki artan ihtiyac\u0131 kar\u015f\u0131layacak kadar <strong>temiz enerji<\/strong> \u00fcretemeyece\u011fine y\u00f6nelik endi\u015fe duyuyor.<\/p>\n<p><em><strong>Clean Energy Wire&#8217;\u0131n<\/strong><\/em>\u00a0aktard\u0131\u011f\u0131 bilgiye g\u00f6re, \u00fclkedeki <strong>elektrikli ara\u00e7<\/strong> say\u0131s\u0131 2019\u2019a g\u00f6re <strong>3 kat<\/strong> art\u0131\u015f g\u00f6stererek\u00a0<strong>194 binin<\/strong> \u00fczerine \u00e7\u0131karken ara\u00e7larda <strong>yenilene<\/strong><strong>bilir enerji<\/strong> kullan\u0131m\u0131 <strong>trenler<\/strong> de dahil olmak \u00fczere yakla\u015f\u0131k olarak\u00a0<strong>% 10<\/strong> art\u0131\u015f g\u00f6sterdi.<\/p>\n<p><strong>Sonu\u00e7 <span style=\"text-decoration: underline;\">olarak<\/span><\/strong>, <strong>yenilenebilir<\/strong> kaynaklardan <strong>elektrik t\u00fcketimi<\/strong>, <strong>ula\u015ft\u0131rma<\/strong> sekt\u00f6r\u00fcndeki <strong>yenilenebilir enerji<\/strong> kaynaklar\u0131n\u0131n nihai t\u00fcketimine yakla\u015f\u0131k <strong>% 12<\/strong> katk\u0131 sa\u011flarken\u00a0<strong>yenilenebilir enerji<\/strong> kaynaklar\u0131 toplam olarak<strong>\u00a0227 milyon ton CO2<\/strong> e\u015fde\u011feri emisyonu engellemi\u015f oldu.<\/p>\n<p>Ferhat AKBABA \u2013 Enerji Sistemleri M\u00fchendisi \u2013\u00a0<a href=\"mailto:akbabaferhat749@gmail.com\" target=\"_blank\" rel=\"nofollow noopener\">ferhat.akbaba@enerjigazetesi.ist<\/a><\/p>","protected":false},"excerpt":{"rendered":"<p>Sorry, this entry is only available in Turkish. For the sake of viewer convenience, the content is shown below in the alternative language. You may click the link to switch the active language. Almanya&#8217;da yap\u0131lan ara\u015ft\u0131rma verilerine g\u00f6re, 2020&#8217;de ula\u015f\u0131m sekt\u00f6r\u00fcnde daha fazla miktarda biyoyak\u0131t kullan\u0131l\u0131rken, konvansiyonel yak\u0131tlar\u0131n kullan\u0131m\u0131 azalm\u0131\u015f olup yenilenebilir enerjinin pay\u0131 ise [&hellip;]<\/p>\n","protected":false},"author":17,"featured_media":132866,"comment_status":"open","ping_status":"open","sticky":false,"template":"","format":"standard","meta":[],"categories":[51,53,49,44,50],"tags":[88992,88998,893,89000,50566,88999,21071,68,130,54965,4454,2491,88994,57125,842,54979,998,8397,105],"views":147,"_links":{"self":[{"href":"https:\/\/www.enerjigazetesi.ist\/en\/wp-json\/wp\/v2\/posts\/132847"}],"collection":[{"href":"https:\/\/www.enerjigazetesi.ist\/en\/wp-json\/wp\/v2\/posts"}],"about":[{"href":"https:\/\/www.enerjigazetesi.ist\/en\/wp-json\/wp\/v2\/types\/post"}],"author":[{"embeddable":true,"href":"https:\/\/www.enerjigazetesi.ist\/en\/wp-json\/wp\/v2\/users\/17"}],"replies":[{"embeddable":true,"href":"https:\/\/www.enerjigazetesi.ist\/en\/wp-json\/wp\/v2\/comments?post=132847"}],"version-history":[{"count":0,"href":"https:\/\/www.enerjigazetesi.ist\/en\/wp-json\/wp\/v2\/posts\/132847\/revisions"}],"wp:featuredmedia":[{"embeddable":true,"href":"https:\/\/www.enerjigazetesi.ist\/en\/wp-json\/wp\/v2\/media\/132866"}],"wp:attachment":[{"href":"https:\/\/www.enerjigazetesi.ist\/en\/wp-json\/wp\/v2\/media?parent=132847"}],"wp:term":[{"taxonomy":"category","embeddable":true,"href":"https:\/\/www.enerjigazetesi.ist\/en\/wp-json\/wp\/v2\/categories?post=132847"},{"taxonomy":"post_tag","embeddable":true,"href":"https:\/\/www.enerjigazetesi.ist\/en\/wp-json\/wp\/v2\/tags?post=132847"}],"curies":[{"name":"wp","href":"https:\/\/api.w.org\/{rel}","templated":true}]}}