{"id":132795,"date":"2021-04-08T13:23:43","date_gmt":"2021-04-08T10:23:43","guid":{"rendered":"https:\/\/www.enerjigazetesi.ist\/?p=132795"},"modified":"2021-04-08T13:24:00","modified_gmt":"2021-04-08T10:24:00","slug":"skd-turkiye-nin-9-uncu-olagan-genel-kurul-toplantisi-yapildi","status":"publish","type":"post","link":"https:\/\/www.enerjigazetesi.ist\/en\/skd-turkiye-nin-9-uncu-olagan-genel-kurul-toplantisi-yapildi\/","title":{"rendered":"(Turkish) &#8217;SKD T\u00fcrkiye&#8217;nin 9&#8217;uncu Ola\u011fan Genel Kurul Toplant\u0131s\u0131 Yap\u0131ld\u0131"},"content":{"rendered":"<p class=\"qtranxs-available-languages-message qtranxs-available-languages-message-en\">Sorry, this entry is only available in <a href=\"https:\/\/www.enerjigazetesi.ist\/tr\/wp-json\/wp\/v2\/posts\/132795\" class=\"qtranxs-available-language-link qtranxs-available-language-link-tr\" title=\"Turkish\">Turkish<\/a>. For the sake of viewer convenience, the content is shown below in the alternative language. You may click the link to switch the active language.<\/p><p><\/p>\n<h1><strong>\u0130<\/strong><strong>\u015f D\u00fcnyas\u0131 ve S\u00fcrd\u00fcr\u00fclebilir Kalk\u0131nma Derne\u011fi (SKD T\u00fcrkiye)\u2019nin 9\u2019uncu Ola\u011fan Genel Kurul Toplant\u0131s\u0131 7 Nisan \u00c7ar\u015famba g\u00fcn\u00fc ger\u00e7ekle\u015ftirildi. Genel Kurul\u2019da yap\u0131lan se\u00e7im ile 2021 &#8211; 2024 aras\u0131nda g\u00f6rev yapacak y\u00f6netim kurulu \u00fcyeleri de se\u00e7ildi. Se\u00e7imin ard\u0131ndan yeni d\u00f6nemin ilk Y\u00f6netim Kurulu toplant\u0131s\u0131 ger\u00e7ekle\u015ftirildi. Toplant\u0131da yap\u0131lan oylaman\u0131n sonucunda Ebru Dildar Edin, yeni d\u00f6nemde de Y\u00f6netim Kurulu Ba\u015fkan\u0131 oldu.<\/strong><\/h1>\n<p><strong>SKD T\u00fcrkiye<\/strong>\u2019nin <em>9. Ola\u011fan Genel Kurul Toplant\u0131s\u0131<\/em> <strong>7 Nisan \u00c7ar\u015famba<\/strong> g\u00fcn\u00fc \u00fcye \u00e7o\u011funlu\u011funun kat\u0131l\u0131m\u0131yla pandemi kurallar\u0131na uygun olarak ger\u00e7ekle\u015ftirildi. Genel Kurul\u2019da ger\u00e7ekle\u015fen se\u00e7imin ard\u0131ndan <strong>Y\u00f6netim Kurulu<\/strong> yeni d\u00f6nemin ilk toplant\u0131s\u0131n\u0131 ger\u00e7ekle\u015ftirdi. Toplant\u0131da yap\u0131lan oylama <img loading=\"lazy\" class=\"alignright wp-image-132799\" src=\"https:\/\/www.enerjigazetesi.ist\/wp-content\/uploads\/2021\/04\/skd-turkiye-nin-9-uncu-olagan-genel-kurul-toplantisi-yapildi-2.jpg\" alt=\"\" width=\"320\" height=\"213\" srcset=\"https:\/\/www.enerjigazetesi.ist\/wp-content\/uploads\/2021\/04\/skd-turkiye-nin-9-uncu-olagan-genel-kurul-toplantisi-yapildi-2.jpg 1024w, https:\/\/www.enerjigazetesi.ist\/wp-content\/uploads\/2021\/04\/skd-turkiye-nin-9-uncu-olagan-genel-kurul-toplantisi-yapildi-2-300x200.jpg 300w, https:\/\/www.enerjigazetesi.ist\/wp-content\/uploads\/2021\/04\/skd-turkiye-nin-9-uncu-olagan-genel-kurul-toplantisi-yapildi-2-768x512.jpg 768w, https:\/\/www.enerjigazetesi.ist\/wp-content\/uploads\/2021\/04\/skd-turkiye-nin-9-uncu-olagan-genel-kurul-toplantisi-yapildi-2-500x333.jpg 500w, https:\/\/www.enerjigazetesi.ist\/wp-content\/uploads\/2021\/04\/skd-turkiye-nin-9-uncu-olagan-genel-kurul-toplantisi-yapildi-2-75x50.jpg 75w, https:\/\/www.enerjigazetesi.ist\/wp-content\/uploads\/2021\/04\/skd-turkiye-nin-9-uncu-olagan-genel-kurul-toplantisi-yapildi-2-450x300.jpg 450w\" sizes=\"(max-width: 320px) 100vw, 320px\" \/>sonucunda <strong>Ebru Dildar Edin<\/strong> bir kere daha Y\u00f6netim Kurulu Ba\u015fkan\u0131 olarak se\u00e7ildi. <strong>R. Ediz G\u00fcnsel<\/strong> Ba\u015fkan Yard\u0131mc\u0131s\u0131, <strong>Aynur Duygu Y\u0131lmaz<\/strong> ise Sayman olarak yeni d\u00f6nemde de g\u00f6rev ald\u0131lar. Yeni d\u00f6nemde se\u00e7ilen ve<strong> %39<\/strong>\u2019u kad\u0131n \u00fcyelerden olu\u015fan Y\u00f6netim Kurulu<strong> 3 y\u0131l boyunca<\/strong> g\u00f6revde olacak.<\/p>\n<p>G\u00f6reve ikinci kere se\u00e7ilmesinin ard\u0131ndan, <strong>SKD T\u00fcrkiye<\/strong> Y\u00f6netim Kurulu Ba\u015fkan\u0131<strong> Ebru Dildar Edin<\/strong> <span style=\"text-decoration: underline;\">\u015fu konu\u015fmay\u0131 yapt\u0131:<\/span><\/p>\n<p><em>\u201cGe\u00e7ti\u011fimiz d\u00f6nemde SKD T\u00fcrkiye olarak ger\u00e7ekle\u015ftirdi\u011fimiz projelere de\u011ferli \u00fcyelerimizin verdi\u011fi katk\u0131lar, i\u015f d\u00fcnyas\u0131n\u0131n s\u00fcrd\u00fcr\u00fclebilirlik konusunu ne kadar \u00f6nemsedi\u011fini g\u00f6steriyor. Hem \u00fclkemizin hem de d\u00fcnyam\u0131z\u0131n daha sa\u011fl\u0131kl\u0131 bir gelece\u011fe ta\u015f\u0131nmas\u0131 ad\u0131na bu vizyon olduk\u00e7a umut ve cesaret verici.<\/em><\/p>\n<p><em>2020 y\u0131l\u0131 hepimiz i\u00e7in ezberlerimizi de\u011fi\u015ftiren, \u00f6n g\u00f6r\u00fclemez bir s\u00fcre\u00e7 oldu. Pandemi ile beraber insanl\u0131k hali haz\u0131rda var olan krizler ile keskin bir \u015fekilde y\u00fczle\u015fmek ve m\u00fccadele etmek durumunda kald\u0131.<\/em><\/p>\n<p><em>\u0130\u015f d\u00fcnyas\u0131 i\u00e7in <strong>S\u00fcrd\u00fcr\u00fclebilir Kalk\u0131nma Ama\u00e7lar\u0131<\/strong>n\u0131 i\u015f yap\u0131\u015f bi\u00e7imlerine entegre etmek ve <strong>Paris Anla\u015fmas\u0131n\u0131n ko\u015fullar\u0131<\/strong>n\u0131 yerine getirmek ka\u00e7\u0131n\u0131lmaz hale geldi. Pandeminin etkilerinden bir tanesi de <strong>bir\u00e7ok h\u00fck\u00fcmet, kamu<\/strong> ve<strong> \u00f6zel sekt\u00f6r temsilcisi<\/strong>nin i\u015fbirli\u011fi kurarak ekonomik kalk\u0131nma planlar\u0131n\u0131 \u201c<strong>Ye\u015fil \u0130yile\u015fme<\/strong>\u201d \u00fczerine kurgulamaya ba\u015flamas\u0131 oldu.<\/em><\/p>\n<p><em>Ge\u00e7ti\u011fimiz g\u00fcnlerde \u00e7at\u0131 \u00f6rg\u00fct\u00fcm\u00fcz <strong>WBCSD \u201cVizyon 2050: D\u00f6n\u00fc\u015f\u00fcm Zaman\u0131\u201d<\/strong> \u00e7al\u0131\u015fmas\u0131n\u0131 lanse etti. WBCSD, k\u00fcresel ekonomik sistemin, art\u0131k yaln\u0131zca finansal performansa dayal\u0131 de\u011fil, insanlar ve gezegen \u00fczerinde yarat\u0131lan etkinin de dikkate al\u0131narak de\u011ferlendirildi\u011fi bir sisteme ge\u00e7i\u015f yap\u0131lmas\u0131 gerekti\u011fini, \u00e7\u00fcnk\u00fc yaln\u0131zca finansal ba\u015far\u0131ya odaklanman\u0131n gezegenimizde s\u00fcrd\u00fcr\u00fclemez sonu\u00e7lar ortaya \u00e7\u0131kmas\u0131na neden oldu\u011funu savunuyor. D\u00f6n\u00fc\u015f\u00fcm i\u00e7in <strong>i\u015f d\u00fcnyas\u0131, kamu<\/strong> ve <strong>t\u00fcketici i\u015f birli\u011fi<\/strong> ile aksiyon al\u0131nmas\u0131 gerekti\u011fini ortaya koyuyor.<\/em><\/p>\n<p><em>\u00c7at\u0131 \u00f6rg\u00fct\u00fcm\u00fcz\u00fcn bu vizyonu SKD T\u00fcrkiye olarak,\u00a02021 y\u0131l\u0131 ana stratejimiz olan, <strong>\u201cYe\u015fil D\u00f6n\u00fc\u015f\u00fcm\u201d<\/strong> prensipleri do\u011frultusunda yeni i\u015f birlikleri ve <strong>yeni dijital ara\u00e7lar<\/strong> ile \u00f6nc\u00fc rol edinme hedefimizi peki\u015ftirir nitelikte.<\/em><\/p>\n<p><em><strong>10 y\u0131l sonra<\/strong> i\u015f d\u00fcnyas\u0131n\u0131n bug\u00fcnk\u00fcnden farkl\u0131 olaca\u011f\u0131 kesin. Temellerini bug\u00fcne dek yapt\u0131\u011f\u0131m\u0131z \u00e7al\u0131\u015fmalarla ba\u015flatt\u0131\u011f\u0131m\u0131z bu d\u00f6n\u00fc\u015f\u00fcm, bug\u00fcn itibar\u0131 ile ba\u015flayacak <strong>3 y\u0131ll\u0131k<\/strong> yeni d\u00f6nemimizde g\u00fc\u00e7lenecek. Bizlerin bug\u00fcn hayata ge\u00e7irdi\u011fimiz projeler ve ald\u0131\u011f\u0131m\u0131z kararlar \u00f6n\u00fcm\u00fczdeki <strong>10 y\u0131l\u0131<\/strong> \u015fekillendirecek.<\/em><\/p>\n<p><em>Yeni d\u00f6nem olarak nitelendirebilece\u011fimiz \u00f6n\u00fcm\u00fczdeki \u00fc\u00e7 y\u0131l boyunca SKD T\u00fcrkiye olarak, <strong>D\u00f6ng\u00fcsel Ekonomi, \u0130\u015f D\u00fcnyas\u0131 Plastik Giri\u015fimi <\/strong>ve<strong> Raporlama<\/strong> konular\u0131nda bug\u00fcne kadar ger\u00e7ekle\u015ftirdiklerimizi <strong>daha \u00fcst kademelere ta\u015f\u0131may\u0131<\/strong> hedefliyoruz.<\/em><\/p>\n<p><em>SKD T\u00fcrkiye olarak, 2021 y\u0131l\u0131 ana stratejimiz, <strong>\u201cYe\u015fil D\u00f6n\u00fc\u015f\u00fcm\u201d<\/strong> prensipleri do\u011frultusunda yeni i\u015f birlikleri ve <strong>yeni dijital ara\u00e7lar<\/strong> ile \u00f6nc\u00fc rol\u00fcm\u00fcz\u00fc peki\u015ftirecek \u00e7al\u0131\u015fmalar yapmak olacak. Bu ba\u011flamda t\u00fcm \u00e7al\u0131\u015fma gruplar\u0131m\u0131z\u0131n daha aktif \u00e7al\u0131\u015fmas\u0131n\u0131 te\u015fvik edecek projeler ortaya koymaya devam edece\u011fiz.<\/em><\/p>\n<p><em>Yeni bir \u00e7al\u0131\u015fma d\u00f6nemine girerken, <strong>birlikte y\u00fcr\u00fcd\u00fc\u011f\u00fcm\u00fcz 74 \u00fcyemizle<\/strong>, s\u00fcrd\u00fcr\u00fclebilir kalk\u0131nma hedeflerini i\u015f d\u00fcnyas\u0131n\u0131n g\u00fcndeminde <strong>en yukar\u0131lara ta\u015f\u0131mak<\/strong> i\u00e7in \u00e7al\u0131\u015faca\u011f\u0131z.\u201d<\/em><\/p>\n<h2><strong>SKD T\u00fcrkiye 2021 \u2013 2024 D\u00f6nemi Y\u00f6netim Kurulu \u00dcyeleri<\/strong><\/h2>\n<h3>Asil \u00dcyeler:<\/h3>\n<p>Ebru Dildar Edin (GarantiBBVA), R. Ediz G\u00fcnsel (PwC), Aynur Duygu Y\u0131lmaz (S\u00fcta\u015f), Ece B\u00f6r\u00fc (TSKB), Can \u00c7aka (Anadolu Efes), \u00c7a\u011flar G\u00f6\u011f\u00fc\u015f (Do\u011fan Holding), Bar\u0131\u015f K\u00f6ko\u011flu (Borusan Holding), Hakan Timur (H.\u00d6.Sabanc\u0131 Holding), G\u00f6khan Sar\u0131 (McKinsey), Ahmet Erdem (Shell T\u00fcrkiye), A. Aybala \u015eim\u015fek (\u015eekerbank), Mete Buyurgan (\u00dclker)<\/p>\n<h3>Yedek \u00dcyeler:<\/h3>\n<p>Volkan Ural (Kibar Holding), Devrim \u00c7ubuk\u00e7u (Eczac\u0131ba\u015f\u0131 Holding), Ay\u00e7a Turgay (P&amp;G), Ebru \u015eenel Erim (Unilever) O\u011fuzcan B\u00fclb\u00fcl (Abdi \u0130brahim), Sat\u0131 Balc\u0131 (T\u00fcrkiye Kalk\u0131nma ve Yat\u0131r\u0131m Bankas\u0131).<\/p>","protected":false},"excerpt":{"rendered":"<p>Sorry, this entry is only available in Turkish. For the sake of viewer convenience, the content is shown below in the alternative language. You may click the link to switch the active language. \u0130\u015f D\u00fcnyas\u0131 ve S\u00fcrd\u00fcr\u00fclebilir Kalk\u0131nma Derne\u011fi (SKD T\u00fcrkiye)\u2019nin 9\u2019uncu Ola\u011fan Genel Kurul Toplant\u0131s\u0131 7 Nisan \u00c7ar\u015famba g\u00fcn\u00fc ger\u00e7ekle\u015ftirildi. Genel Kurul\u2019da yap\u0131lan se\u00e7im [&hellip;]<\/p>\n","protected":false},"author":1,"featured_media":132800,"comment_status":"open","ping_status":"open","sticky":false,"template":"","format":"standard","meta":[],"categories":[51,53,52],"tags":[23216,87401,8892,88947,59867,57125,87028],"views":146,"_links":{"self":[{"href":"https:\/\/www.enerjigazetesi.ist\/en\/wp-json\/wp\/v2\/posts\/132795"}],"collection":[{"href":"https:\/\/www.enerjigazetesi.ist\/en\/wp-json\/wp\/v2\/posts"}],"about":[{"href":"https:\/\/www.enerjigazetesi.ist\/en\/wp-json\/wp\/v2\/types\/post"}],"author":[{"embeddable":true,"href":"https:\/\/www.enerjigazetesi.ist\/en\/wp-json\/wp\/v2\/users\/1"}],"replies":[{"embeddable":true,"href":"https:\/\/www.enerjigazetesi.ist\/en\/wp-json\/wp\/v2\/comments?post=132795"}],"version-history":[{"count":0,"href":"https:\/\/www.enerjigazetesi.ist\/en\/wp-json\/wp\/v2\/posts\/132795\/revisions"}],"wp:featuredmedia":[{"embeddable":true,"href":"https:\/\/www.enerjigazetesi.ist\/en\/wp-json\/wp\/v2\/media\/132800"}],"wp:attachment":[{"href":"https:\/\/www.enerjigazetesi.ist\/en\/wp-json\/wp\/v2\/media?parent=132795"}],"wp:term":[{"taxonomy":"category","embeddable":true,"href":"https:\/\/www.enerjigazetesi.ist\/en\/wp-json\/wp\/v2\/categories?post=132795"},{"taxonomy":"post_tag","embeddable":true,"href":"https:\/\/www.enerjigazetesi.ist\/en\/wp-json\/wp\/v2\/tags?post=132795"}],"curies":[{"name":"wp","href":"https:\/\/api.w.org\/{rel}","templated":true}]}}