{"id":132739,"date":"2021-04-07T14:12:11","date_gmt":"2021-04-07T11:12:11","guid":{"rendered":"https:\/\/www.enerjigazetesi.ist\/?p=132739"},"modified":"2021-04-07T14:12:25","modified_gmt":"2021-04-07T11:12:25","slug":"bedas-yilin-enleri-2020-raporunu-acikladi","status":"publish","type":"post","link":"https:\/\/www.enerjigazetesi.ist\/en\/bedas-yilin-enleri-2020-raporunu-acikladi\/","title":{"rendered":"(Turkish) BEDA\u015e &#8216;Y\u0131l\u0131n Enleri-2020 Raporu&#8217;nu A\u00e7\u0131klad\u0131"},"content":{"rendered":"<p class=\"qtranxs-available-languages-message qtranxs-available-languages-message-en\">Sorry, this entry is only available in <a href=\"https:\/\/www.enerjigazetesi.ist\/tr\/wp-json\/wp\/v2\/posts\/132739\" class=\"qtranxs-available-language-link qtranxs-available-language-link-tr\" title=\"Turkish\">Turkish<\/a>. For the sake of viewer convenience, the content is shown below in the alternative language. You may click the link to switch the active language.<\/p><p><\/p>\n<h1><strong>Pandemi g\u00f6lgesinde ge\u00e7en 2020 y\u0131l\u0131nda \u0130stanbul Avrupa Yakas\u0131\u2019nda elektrik t\u00fcketimi bir \u00f6nceki y\u0131la g\u00f6re % 3,7 geriledi. Bu d\u00fc\u015f\u00fc\u015fte salg\u0131na kar\u015f\u0131 al\u0131nan \u00f6nlemler kapsam\u0131nda baz\u0131 ticari i\u015fletmelerin kapal\u0131 kalmas\u0131 ve i\u015f hacminin d\u00fc\u015fmesi etkili olurken soka\u011fa \u00e7\u0131kma k\u0131s\u0131tlamalar\u0131, uzaktan \u00e7al\u0131\u015fma ve e\u011fitimle evde ge\u00e7en s\u00fcre art\u0131nca mesken abonelerinin elektrik t\u00fcketimi ise % 7,2 artt\u0131.<\/strong><\/h1>\n<p><strong>Bo\u011fazi\u00e7i Elektrik Da\u011f\u0131t\u0131m A.\u015e.\u2019nin (BEDA\u015e)<\/strong> her y\u0131l d\u00fczenli olarak a\u00e7\u0131klad\u0131\u011f\u0131<strong> \u201cY\u0131l\u0131n Enleri Raporu\u201d<\/strong>, \u00a02020 y\u0131l\u0131nda pandeminin <strong>elektrik t\u00fcketimindeki etkisini<\/strong> g\u00f6zler \u00f6n\u00fcne serdi. <strong>Mart 2020<\/strong> itibar\u0131yla T\u00fcrkiye\u2019de de g\u00f6r\u00fclen <strong>Kovid-19 salg\u0131n\u0131n<\/strong> yay\u0131lmas\u0131n\u0131 engellemek i\u00e7in al\u0131nan \u00f6nlemler <img loading=\"lazy\" class=\"alignright wp-image-132741\" src=\"https:\/\/www.enerjigazetesi.ist\/wp-content\/uploads\/2021\/04\/bedas-yilin-enleri-2020-raporunu-acikladi.jpg\" alt=\"\" width=\"320\" height=\"227\" srcset=\"https:\/\/www.enerjigazetesi.ist\/wp-content\/uploads\/2021\/04\/bedas-yilin-enleri-2020-raporunu-acikladi.jpg 550w, https:\/\/www.enerjigazetesi.ist\/wp-content\/uploads\/2021\/04\/bedas-yilin-enleri-2020-raporunu-acikladi-300x213.jpg 300w, https:\/\/www.enerjigazetesi.ist\/wp-content\/uploads\/2021\/04\/bedas-yilin-enleri-2020-raporunu-acikladi-500x355.jpg 500w, https:\/\/www.enerjigazetesi.ist\/wp-content\/uploads\/2021\/04\/bedas-yilin-enleri-2020-raporunu-acikladi-70x50.jpg 70w\" sizes=\"(max-width: 320px) 100vw, 320px\" \/>mesken, ticarethane ve sanayi abonelerinin elektrik t\u00fcketimlerine farkl\u0131 yans\u0131d\u0131. Uzaktan \u00e7al\u0131\u015fma ve uzaktan e\u011fitimin yan\u0131 s\u0131ra soka\u011fa \u00e7\u0131kma k\u0131s\u0131tlamalar\u0131n\u0131n da etkisiyle 2020 y\u0131l\u0131nda <strong>mesken abonelerinin<\/strong> elektrik t\u00fcketimi <strong>y\u00fczde 7,2<\/strong> artarken di\u011fer abone gruplar\u0131nda d\u00fc\u015f\u00fc\u015fler ya\u015fand\u0131.<\/p>\n<p>BEDA\u015e\u2019\u0131n verilerine g\u00f6re <strong>2019 y\u0131l\u0131nda<\/strong> toplam <strong>26.9 milyar kilovatsaat (kWh)<\/strong> olan \u0130stanbul Avrupa Yakas\u0131\u2019ndaki elektrik t\u00fcketimi, <strong>y\u00fczde 3,7<\/strong>\u2019lik bir gerileme ile 25.9 milyar kWh\u2019a indi. 2019 y\u0131l\u0131nda T\u00fcrkiye\u2019de toplam <strong>303.3 milyar kWh<\/strong> olan elektrik t\u00fcketimi ise<strong> 2020\u2019de<\/strong> yine pandeminin etkisi ile <strong>304.8 milyar kWh\u2019<\/strong>ta kald\u0131. Y\u0131l i\u00e7inde toplam t\u00fcketimin <strong>y\u00fczde 8,5<\/strong>\u2019i T\u00fcrkiye\u2019nin en kalabal\u0131k b\u00f6lgesi \u0130stanbul\u2019un Avrupa Yakas\u0131\u2019ndan geldi.<\/p>\n<h2><strong>\u2018BAKIM VE YATIRIM KAYNAKLI \u00c7ALI\u015eMALAR GECE SAATLER\u0130NDE YAPILDI\u2019<\/strong><\/h2>\n<p>\u201cY\u0131l\u0131n En\u201dleri-2020 Raporu\u2019nu a\u00e7\u0131klamak i\u00e7in bas\u0131n mensuplar\u0131 ile online toplant\u0131 ile bir araya gelen BEDA\u015e Genel M\u00fcd\u00fcr\u00fc <strong>Murat Yi\u011fit<\/strong>,<em> \u201cD\u00fcnya, daha \u00f6nce benzerine tan\u0131k olmad\u0131\u011f\u0131m\u0131z bir d\u00f6nemden ge\u00e7iyor. Hepimizin hayat\u0131n\u0131 bir \u015fekilde etkileyen pandemi s\u00fcrecinde abonelerimizin sa\u011fl\u0131\u011f\u0131n\u0131 korumak i\u00e7in h\u0131zl\u0131 aksiyon ald\u0131k. Abone gruplar\u0131 baz\u0131nda t\u00fcketimde ya\u015fanan de\u011fi\u015fime g\u00f6re i\u015f planlar\u0131m\u0131z\u0131 yeniledik. Bu s\u00fcre\u00e7te pek \u00e7ok ki\u015fi evden \u00e7al\u0131\u015f\u0131rken \u00e7ocuklar\u0131m\u0131z da uzaktan e\u011fitim ald\u0131. Biz de t\u00fcketicilerimizin enerjisiz kalmamas\u0131 i\u00e7in <strong>bak\u0131m<\/strong> ve <strong>yat\u0131r\u0131m<\/strong> kaynakl\u0131 <strong>kesintilerin y\u00fczde 80<\/strong>\u2019ini gece <strong>00.00-06.00 saatlerine<\/strong> kayd\u0131rd\u0131k. \u00a0\u015eirket olarak nihai hedefimiz m\u00fc\u015fterilerimize kesintisiz ve kaliteli elektrik da\u011f\u0131t\u0131m hizmeti sunmak. Bu y\u00f6nde att\u0131\u011f\u0131m\u0131z ad\u0131mlarla ge\u00e7en y\u0131la g\u00f6re ki\u015fi ba\u015f\u0131 ortalama kesinti s\u00fcresinde <strong>y\u00fczde 39<\/strong>, ki\u015fi ba\u015f\u0131 ortalama kesinti say\u0131s\u0131nda ise <strong>y\u00fczde 9,6<\/strong> iyile\u015fme yakalad\u0131k. \u0130\u015fin do\u011fas\u0131 gere\u011fi s\u0131f\u0131r ar\u0131za ve kesintinin olamayaca\u011f\u0131 malum. Ancak amac\u0131m\u0131z ar\u0131za say\u0131 ve s\u00fcrelerini olabilecek en d\u00fc\u015f\u00fck seviyelere \u00e7ekmek\u201d<\/em> diye konu\u015ftu.<\/p>\n<h2><strong>MAYIS AYINDA T\u00dcKET\u0130M % 21,9 D\u00dc\u015eT\u00dc<\/strong><\/h2>\n<p>BEDA\u015e Genel M\u00fcd\u00fcr\u00fc Yi\u011fit\u2019in detaylar\u0131n\u0131 payla\u015ft\u0131\u011f\u0131 \u201cY\u0131l\u0131n Enleri Raporu\u201dna g\u00f6re 2013 y\u0131l\u0131nda \u00f6zelle\u015ftirme s\u00fcreci tamamlanan BEDA\u015e\u2019\u0131n o tarihte toplam abone say\u0131s\u0131 <strong>3 milyon 715 bin<\/strong> iken 2020 y\u0131l\u0131 sonunda bu rakam<strong> 5 milyon 236 bine<\/strong> ula\u015ft\u0131. Aradan ge\u00e7en d\u00f6nemde <strong>1.5 milyon yeni abone<\/strong> sisteme dahil olarak elektrik hizmeti almaya ba\u015flad\u0131. Pandeminin etkisinde ge\u00e7en 2020 y\u0131l\u0131nda dahi BEDA\u015e\u2019\u0131n abone say\u0131s\u0131 artmaya devam etti ve toplam<strong> 71 bin 257 yeni abone<\/strong> geldi.<\/p>\n<p>Bu arada <strong>2020<\/strong> y\u0131l\u0131nda <strong>Avrupa Yakas\u0131<\/strong>\u2019nda en y\u00fcksek t\u00fcketim, pandeminin hen\u00fcz T\u00fcrkiye\u2019de g\u00f6r\u00fclmedi\u011fi <strong>Ocak ay\u0131nda<\/strong> ya\u015fand\u0131. Hava ko\u015fullar\u0131n\u0131n da etkisi ile Ocak 2020\u2019de <strong>Avrupa Yakas\u0131<\/strong>\u2019nda <strong>2 milyar 560 milyon kWh<\/strong> elektrik t\u00fcketildi. Y\u0131l\u0131n en \u00e7ok elektrik t\u00fcketildi\u011fi g\u00fcn\u00fc ise <strong>8 Ocak \u00c7ar\u015famba<\/strong>\u2019yd\u0131. Mart ay\u0131ndan itibaren T\u00fcrkiye\u2019yi de etkisi alt\u0131na alan salg\u0131nla birlikte t\u00fcketim rakamlar\u0131 da h\u0131zla d\u00fc\u015fmeye ba\u015flad\u0131. Y\u0131l\u0131n en d\u00fc\u015f\u00fck elektrik t\u00fcketimi May\u0131s ay\u0131nda ger\u00e7ekle\u015fti. May\u0131s 2019\u2019da <strong>2 milyar 128 milyon kWh<\/strong> t\u00fcketen <strong>Avrupa Yakas\u0131\u2019nda<\/strong> bu rakam May\u0131s 2020\u2019de <strong>21,9<\/strong>\u2019luk bir d\u00fc\u015f\u00fc\u015fle 1 milyar 662 milyon kilovatsaat seviyesine geriledi. Y\u0131l\u0131n en d\u00fc\u015f\u00fck t\u00fcketimi de <strong>Ramazan Bayram\u0131<\/strong>\u2019n\u0131n ikinci g\u00fcn\u00fcne denk gelen <strong>25 May\u0131s g\u00fcn\u00fc<\/strong> oldu.<\/p>\n<h2><strong>ESENYURT\u2019UN ABONES\u0130 DE T\u00dcKET\u0130M\u0130 DE Y\u00dcKSEK<\/strong><\/h2>\n<p>Raporda il\u00e7e baz\u0131nda elektrik t\u00fcketim rakamlar\u0131na da yer verilirken Avrupa Yakas\u0131\u2019nda <strong>484 bini<\/strong> a\u015fk\u0131n abonesi ile ilk s\u0131rada yer alan <strong>Esenyurt<\/strong>, t\u00fcketimde de yine birinciydi. 2020 y\u0131l\u0131nda Esenyurt\u2019ta toplam elektrik t\u00fcketimi <strong>2 milyar 503 kWh<\/strong> seviyesinde ger\u00e7ekle\u015firken Avrupa Yakas\u0131\u2019ndaki elektrik t\u00fcketiminin <strong>y\u00fczde 10\u2019u<\/strong> bu b\u00f6lgeden geldi. Esenyurt\u2019u <strong>1 milyar 345 milyon kWh<\/strong> ile Ba\u011fc\u0131lar, <strong>1 milyar 302 milyon kWh<\/strong> ile de K\u00fc\u00e7\u00fck\u00e7ekmece izledi. Y\u0131l i\u00e7inde en d\u00fc\u015f\u00fck t\u00fcketim <strong>\u00c7atalca, Esenler<\/strong> ve <strong>G\u00fcng\u00f6ren\u2019de<\/strong> ya\u015fand\u0131. Ge\u00e7mi\u015f y\u0131llarda \u00f6n s\u0131ralarda yer alan<strong> Beyo\u011flu<\/strong>, y\u0131l boyunca pek \u00e7ok i\u015fletmenin kapal\u0131 olmas\u0131n\u0131n da etkisi ile en d\u00fc\u015f\u00fck t\u00fcketimin ya\u015fand\u0131\u011f\u0131 il\u00e7eler aras\u0131nda <strong>4&#8217;\u00fcnc\u00fc<\/strong> oldu.<\/p>\n<h2><strong> UYGULAMA D\u00d6NEM\u0130NDE 5 M\u0130LYAR TL\u2019YE YAKLA\u015eAN YATIRIM<\/strong><\/h2>\n<p>Kesintisiz ve kaliteli elektrik hizmeti sa\u011flama hedefi ile faaliyet g\u00f6steren BEDA\u015e\u2019\u0131n \u00f6zelle\u015ftirme sonras\u0131nda b\u00f6lgeye yapt\u0131\u011f\u0131 yat\u0131r\u0131mlar, bunlar\u0131n m\u00fc\u015fteri memnuniyetine nas\u0131l yans\u0131d\u0131\u011f\u0131n\u0131 g\u00f6steren rakamlar da raporda yer ald\u0131. 2013-2020 y\u0131llar\u0131 aras\u0131nda \u0130stanbul Avrupa Yakas\u0131\u2019na yapt\u0131\u011f\u0131 yat\u0131r\u0131mlar\u0131n toplam\u0131 <strong>3.3 milyar TL\u2019<\/strong>yi a\u015fan BEDA\u015e; \u00a0bu kapsamda <strong>16 bin 431 kilometre<\/strong> hat tesisi, 134 bin 578 adet al\u00e7ak gerilim ve orta gerilim enerji nakil hatt\u0131 ve ayd\u0131nlatma dire\u011fi, <strong>173 bin 873 adet<\/strong> ayd\u0131nlatma armat\u00fcr\u00fc, <strong>876 yeni trafo merkezi<\/strong> ve <strong>1.037 adet<\/strong> de trafo merkezine yat\u0131r\u0131m yapt\u0131. \u015eirket b\u00f6lgeye 2021 y\u0131l\u0131 i\u00e7erisinde <strong>1.2 milyar TL<\/strong>, 4&#8217;\u00fcnc\u00fc uygulama d\u00f6nemini kapsayan<strong> 2021-2025 y\u0131llar\u0131nda<\/strong> ise toplam 5 milyar TL\u2019ye yak\u0131n yat\u0131r\u0131m yapmay\u0131 planl\u0131yor.<\/p>\n<h2><strong>ARIZA S\u00dcRE VE SAYISINDA \u0130Y\u0130LE\u015eME<\/strong><\/h2>\n<p><strong>Avrupa Yakas\u0131<\/strong>\u2019ndaki elektrik altyap\u0131s\u0131n\u0131 g\u00fc\u00e7lendiren BEDA\u015e\u2019\u0131n yapt\u0131\u011f\u0131 yat\u0131r\u0131mlar, <strong>ar\u0131za<\/strong> ve <strong>kesintilerde<\/strong> de b\u00fcy\u00fck d\u00fc\u015f\u00fc\u015f getirdi. Ge\u00e7en sene <strong>Avrupa Yakas\u0131\u2019ndaki<\/strong> ki\u015fi ba\u015f\u0131 ortalama kesinti s\u00fcresi <strong>1.300<\/strong> iken bu rakam <strong>y\u00fczde 39<\/strong> iyile\u015fme ile 2020\u2019de <strong>793<\/strong> olarak ger\u00e7ekle\u015fti. Ayr\u0131ca ge\u00e7en sene <strong>12,93<\/strong> olan ki\u015fi ba\u015f\u0131 ortalama kesinti say\u0131s\u0131 ise <strong>2020\u2019<\/strong>de<strong> y\u00fczde 9,6<\/strong> d\u00fc\u015f\u00fc\u015f g\u00f6stererek <strong>11,69<\/strong> oldu.<\/p>\n<p>Al\u0131nan bu sonu\u00e7lar <strong>m\u00fc\u015fteri memnuniyetine<\/strong> de yans\u0131d\u0131. <strong>Pandemi d\u00f6nemi<\/strong> boyunca \u00e7al\u0131\u015fmalar\u0131na ara vermeden devam eden <strong>BEDA\u015e\u2019\u0131n m\u00fc\u015fterilerinin sorunlar\u0131<\/strong>na h\u0131zla \u00e7\u00f6z\u00fcm \u00fcretme gayreti, 2020\u2019de \u00e7a\u011fr\u0131 merkezi rakamlar\u0131nda kendini g\u00f6sterdi. 2019\u2019da \u00e7a\u011fr\u0131 say\u0131s\u0131 <strong>3 milyon 259 bin<\/strong> iken bu rakam <strong>y\u00fczde 16\u2019<\/strong>l\u0131k bir iyile\u015fme ile <strong>2020<\/strong>\u2019de<strong> 2 milyon 735\u2019e<\/strong> geriledi.<\/p>","protected":false},"excerpt":{"rendered":"<p>Sorry, this entry is only available in Turkish. For the sake of viewer convenience, the content is shown below in the alternative language. You may click the link to switch the active language. Pandemi g\u00f6lgesinde ge\u00e7en 2020 y\u0131l\u0131nda \u0130stanbul Avrupa Yakas\u0131\u2019nda elektrik t\u00fcketimi bir \u00f6nceki y\u0131la g\u00f6re % 3,7 geriledi. Bu d\u00fc\u015f\u00fc\u015fte salg\u0131na kar\u015f\u0131 al\u0131nan [&hellip;]<\/p>\n","protected":false},"author":1,"featured_media":132742,"comment_status":"open","ping_status":"open","sticky":false,"template":"","format":"standard","meta":[],"categories":[51,53],"tags":[88915,88916,53114,52259,86705,88917],"views":113,"_links":{"self":[{"href":"https:\/\/www.enerjigazetesi.ist\/en\/wp-json\/wp\/v2\/posts\/132739"}],"collection":[{"href":"https:\/\/www.enerjigazetesi.ist\/en\/wp-json\/wp\/v2\/posts"}],"about":[{"href":"https:\/\/www.enerjigazetesi.ist\/en\/wp-json\/wp\/v2\/types\/post"}],"author":[{"embeddable":true,"href":"https:\/\/www.enerjigazetesi.ist\/en\/wp-json\/wp\/v2\/users\/1"}],"replies":[{"embeddable":true,"href":"https:\/\/www.enerjigazetesi.ist\/en\/wp-json\/wp\/v2\/comments?post=132739"}],"version-history":[{"count":0,"href":"https:\/\/www.enerjigazetesi.ist\/en\/wp-json\/wp\/v2\/posts\/132739\/revisions"}],"wp:featuredmedia":[{"embeddable":true,"href":"https:\/\/www.enerjigazetesi.ist\/en\/wp-json\/wp\/v2\/media\/132742"}],"wp:attachment":[{"href":"https:\/\/www.enerjigazetesi.ist\/en\/wp-json\/wp\/v2\/media?parent=132739"}],"wp:term":[{"taxonomy":"category","embeddable":true,"href":"https:\/\/www.enerjigazetesi.ist\/en\/wp-json\/wp\/v2\/categories?post=132739"},{"taxonomy":"post_tag","embeddable":true,"href":"https:\/\/www.enerjigazetesi.ist\/en\/wp-json\/wp\/v2\/tags?post=132739"}],"curies":[{"name":"wp","href":"https:\/\/api.w.org\/{rel}","templated":true}]}}