{"id":132734,"date":"2021-04-07T13:55:29","date_gmt":"2021-04-07T10:55:29","guid":{"rendered":"https:\/\/www.enerjigazetesi.ist\/?p=132734"},"modified":"2021-04-07T13:55:29","modified_gmt":"2021-04-07T10:55:29","slug":"fransiz-gezgin-cift-bisiklet-akademisine-hayran-kaldi","status":"publish","type":"post","link":"https:\/\/www.enerjigazetesi.ist\/en\/fransiz-gezgin-cift-bisiklet-akademisine-hayran-kaldi\/","title":{"rendered":"(Turkish) Frans\u0131z Gezgin \u00c7ift &#8216;Bisiklet Akademisi&#8217;ne Hayran Kald\u0131"},"content":{"rendered":"<p class=\"qtranxs-available-languages-message qtranxs-available-languages-message-en\">Sorry, this entry is only available in <a href=\"https:\/\/www.enerjigazetesi.ist\/tr\/wp-json\/wp\/v2\/posts\/132734\" class=\"qtranxs-available-language-link qtranxs-available-language-link-tr\" title=\"Turkish\">Turkish<\/a>. For the sake of viewer convenience, the content is shown below in the alternative language. You may click the link to switch the active language.<\/p><p><\/p>\n<h1>Gezginlerin kervansaray\u0131 olarak nitelendirilen L\u00fcleburgaz Y\u0131ld\u0131zlar\u0131 Motosiklet ve Bisiklet Akademisi\u2019nde (LYMBA) 2 g\u00fcn konaklayan Frans\u0131z gezgin \u00e7ift Pantxika Goyhetche ile Frederic Lollit, L\u00fcleburgaz\u2019a ve akademiye hayran kald\u0131. D\u00fcnyan\u0131n say\u0131l\u0131 tesislerinden biri olan ve sadece ge\u00e7en y\u0131l yakla\u015f\u0131k 150 yerli ve yabanc\u0131 bisikletli turistin tamamen \u00fccretsiz bir \u015fekilde konaklad\u0131\u011f\u0131 LYMBA\u2019n\u0131n d\u00fcnyan\u0131n pek \u00e7ok noktas\u0131nda olmas\u0131 gerekti\u011fini s\u00f6yleyen \u00e7ift, \u201cBuras\u0131 gezginleri a\u011f\u0131rlayan bir<img loading=\"lazy\" class=\"alignright wp-image-132736\" src=\"https:\/\/www.enerjigazetesi.ist\/wp-content\/uploads\/2021\/04\/fransiz-gezgin-cift-bisiklet-akademisine-hayran-kaldi-1.jpg\" alt=\"\" width=\"320\" height=\"216\" srcset=\"https:\/\/www.enerjigazetesi.ist\/wp-content\/uploads\/2021\/04\/fransiz-gezgin-cift-bisiklet-akademisine-hayran-kaldi-1.jpg 457w, https:\/\/www.enerjigazetesi.ist\/wp-content\/uploads\/2021\/04\/fransiz-gezgin-cift-bisiklet-akademisine-hayran-kaldi-1-300x203.jpg 300w, https:\/\/www.enerjigazetesi.ist\/wp-content\/uploads\/2021\/04\/fransiz-gezgin-cift-bisiklet-akademisine-hayran-kaldi-1-74x50.jpg 74w\" sizes=\"(max-width: 320px) 100vw, 320px\" \/> saray gibi\u201d dedi.<\/h1>\n<p>Kuruldu\u011fu 2017 y\u0131l\u0131ndan bu yana d\u00fcnyan\u0131n d\u00f6rt bir yan\u0131ndan binden fazla bisiklet tutkunu gezgini a\u011f\u0131rlayan <strong>LYMBA<\/strong>\u2019n\u0131n son misafirleri Frans\u0131z \u00e7ift <strong>Frederic Lollit<\/strong> ile <strong>Pantxika Goyhetche<\/strong> oldu. Bisikletleriyle 5 Eyl\u00fcl tarihinde Fransa\u2019dan d\u00fcnya turuna \u00e7\u0131kan \u00e7ift, d\u00fcnyan\u0131n \u00e7evresini tamamen dola\u015ft\u0131ktan sonra turunu tamamlayacak. Bu s\u0131rada ge\u00e7ti\u011fimiz hafta<strong> Bulgaristan<\/strong> \u00fczerinden <strong>T\u00fcrkiye\u2019ye<\/strong> giri\u015f yapan bisiklet tutkunu \u00e7iftin dura\u011f\u0131 <strong>LYMBA<\/strong> oldu.<\/p>\n<h2><strong>\u201cB\u00f6ylesine tesis Fransa\u2019da m\u00fcmk\u00fcn de\u011fil\u201d<\/strong><\/h2>\n<p>\u00dclkesi Fransa\u2019da LYMBA tarz\u0131 bir tesis olmad\u0131\u011f\u0131n\u0131 kaydeden Frans\u0131z gezginler, Fransa\u2019da LYMBA gibi tesis olsa bile \u00fccretsiz olmas\u0131n\u0131n m\u00fcmk\u00fcn olmad\u0131\u011f\u0131n\u0131 kaydetti. Gezgin \u00e7ift,<em> \u201cL\u00fcleburgaz Y\u0131ld\u0131zlar\u0131 Motosiklet ve Bisiklet Akademisi \u00e7ok g\u00fczel bir fikir olmu\u015f. Buna di\u011fer akademiler de dahil. \u0130nsanlar\u0131n sosyalle\u015fmesi ve bir araya gelmesi, <strong>\u00e7ocuklar\u0131n bisiklet s\u00fcrebilmesi<\/strong> ve <strong>\u00f6\u011frenebilmesi<\/strong> \u00e7ok g\u00fczel bir tecr\u00fcbe sa\u011fl\u0131yor buras\u0131. Ayn\u0131 zamanda gezginleri a\u011f\u0131rlayan k\u0131sm\u0131ndan bahsetmek gerekirse de bir saray gibi a\u00e7\u0131k\u00e7as\u0131. \u00d6zellikle de<strong> \u00fccretsiz olmas\u0131<\/strong> \u00e7ok g\u00fczel bir durum. B\u00f6ylesine bir tesisin \u00fccretsiz olmas\u0131 Fransa\u2019da m\u00fcmk\u00fcn de\u011fil. Biz san\u0131r\u0131m bu i\u015fi sizden \u00f6\u011frenmeliyiz\u201d<\/em> diye konu\u015ftu.<\/p>\n<h2><strong>\u201cL\u00fcleburgaz insan\u0131 bo\u011fmuyor\u201d<\/strong><\/h2>\n<p>S\u0131n\u0131rlar a\u00e7\u0131k oldu\u011fu s\u00fcrece d\u00fcnyan\u0131n tamam\u0131n\u0131 gezmek istediklerini belirten Frederic Lollit L\u00fcleburgaz\u2019\u0131 di\u011fer gezginlerden duyduklar\u0131n\u0131 s\u00f6yledi. L\u00fcleburgaz\u2019a hayran kald\u0131klar\u0131n\u0131 s\u00f6yleyen Lollit, <em>\u201cBuray\u0131 hem merak ettik hem de b\u00f6yle bir <strong>konaklamaya ihtiyac\u0131m\u0131z<\/strong> vard\u0131. \u00a0Buras\u0131 insan\u0131 \u00f6ncelikle bo\u011fmuyor. Fransa\u2019n\u0131n kentleri gibi de\u011fil. Devasa yap\u0131larla bo\u011fmuyor. Kentteki insanlar bizim dilimizi konu\u015fam\u0131yor, biz buradaki insanlar\u0131n dilini konu\u015fam\u0131yoruz ama ger\u00e7ekten <strong>insanlar\u0131n yard\u0131mseverli\u011fi<\/strong> ve bize olan olumlu bak\u0131\u015flar\u0131n\u0131 hissedebiliyoruz. Bunu ya\u015f\u0131yoruz da. \u015eehir merkezi de \u00e7ok a\u00e7\u0131k. \u0130nsanlar\u0131n burada <strong>y\u00fcr\u00fcy\u00fc\u015f yapmalar\u0131<\/strong>, <strong>vakit ge\u00e7irmeleri<\/strong> \u00e7ok g\u00fczel. Kapal\u0131 olmayan, havadar bir \u015fehir merkezine sahip olunmas\u0131 \u00e7ok g\u00fczel. Bizi \u00e7ok mutlu etti\u201d<\/em> ifadelerini kulland\u0131.<\/p>\n<h2><strong>\u0130lk 90 g\u00fcn\u00fcn 45 g\u00fcn\u00fcnde konaklama oldu<\/strong><\/h2>\n<p>Di\u011fer yandan <strong>L\u00fcleburgaz Y\u0131ld\u0131zlar\u0131 Motosiklet ve Bisiklet Akademisi<\/strong>, 2021 y\u0131l\u0131n\u0131n ilk <strong>90<\/strong> g\u00fcn\u00fcn\u00fcn <strong>45<\/strong> g\u00fcn\u00fcnde yabanc\u0131 <strong>bisiklet tutkunlar\u0131<\/strong>n\u0131n konaklamas\u0131na imkan sa\u011flad\u0131. Tesiste tamamen \u00fccretsiz bir \u015fekilde konaklayabilen <strong>yerli<\/strong> ve <strong>yabanc\u0131 gezginler<\/strong> yine \u00fccretsiz bir \u015fekilde<strong> banyo, tuvalet,<\/strong> <strong>mutfak <\/strong>ve<strong> \u00e7ama\u015f\u0131r y\u0131kama<\/strong> gibi imkanlardan rahatl\u0131kla faydalanabiliyor.<\/p>","protected":false},"excerpt":{"rendered":"<p>Sorry, this entry is only available in Turkish. For the sake of viewer convenience, the content is shown below in the alternative language. You may click the link to switch the active language. Gezginlerin kervansaray\u0131 olarak nitelendirilen L\u00fcleburgaz Y\u0131ld\u0131zlar\u0131 Motosiklet ve Bisiklet Akademisi\u2019nde (LYMBA) 2 g\u00fcn konaklayan Frans\u0131z gezgin \u00e7ift Pantxika Goyhetche ile Frederic Lollit, [&hellip;]<\/p>\n","protected":false},"author":1,"featured_media":132737,"comment_status":"open","ping_status":"open","sticky":false,"template":"","format":"standard","meta":[],"categories":[51,53],"tags":[88912,88911,88913,88909,88914,88910,57125],"views":114,"_links":{"self":[{"href":"https:\/\/www.enerjigazetesi.ist\/en\/wp-json\/wp\/v2\/posts\/132734"}],"collection":[{"href":"https:\/\/www.enerjigazetesi.ist\/en\/wp-json\/wp\/v2\/posts"}],"about":[{"href":"https:\/\/www.enerjigazetesi.ist\/en\/wp-json\/wp\/v2\/types\/post"}],"author":[{"embeddable":true,"href":"https:\/\/www.enerjigazetesi.ist\/en\/wp-json\/wp\/v2\/users\/1"}],"replies":[{"embeddable":true,"href":"https:\/\/www.enerjigazetesi.ist\/en\/wp-json\/wp\/v2\/comments?post=132734"}],"version-history":[{"count":0,"href":"https:\/\/www.enerjigazetesi.ist\/en\/wp-json\/wp\/v2\/posts\/132734\/revisions"}],"wp:featuredmedia":[{"embeddable":true,"href":"https:\/\/www.enerjigazetesi.ist\/en\/wp-json\/wp\/v2\/media\/132737"}],"wp:attachment":[{"href":"https:\/\/www.enerjigazetesi.ist\/en\/wp-json\/wp\/v2\/media?parent=132734"}],"wp:term":[{"taxonomy":"category","embeddable":true,"href":"https:\/\/www.enerjigazetesi.ist\/en\/wp-json\/wp\/v2\/categories?post=132734"},{"taxonomy":"post_tag","embeddable":true,"href":"https:\/\/www.enerjigazetesi.ist\/en\/wp-json\/wp\/v2\/tags?post=132734"}],"curies":[{"name":"wp","href":"https:\/\/api.w.org\/{rel}","templated":true}]}}