{"id":132728,"date":"2021-04-07T13:40:24","date_gmt":"2021-04-07T10:40:24","guid":{"rendered":"https:\/\/www.enerjigazetesi.ist\/?p=132728"},"modified":"2021-04-07T14:13:25","modified_gmt":"2021-04-07T11:13:25","slug":"gunes-enerjili-guvenlik-sistemleri-ile-enerji-tasarrufu-saglamak-mumkun","status":"publish","type":"post","link":"https:\/\/www.enerjigazetesi.ist\/en\/gunes-enerjili-guvenlik-sistemleri-ile-enerji-tasarrufu-saglamak-mumkun\/","title":{"rendered":"(Turkish) G\u00fcne\u015f Enerjili G\u00fcvenlik Sistemleri ile Tasarruf Sa\u011flamak M\u00fcmk\u00fcn!"},"content":{"rendered":"<p class=\"qtranxs-available-languages-message qtranxs-available-languages-message-en\">Sorry, this entry is only available in <a href=\"https:\/\/www.enerjigazetesi.ist\/tr\/wp-json\/wp\/v2\/posts\/132728\" class=\"qtranxs-available-language-link qtranxs-available-language-link-tr\" title=\"Turkish\">Turkish<\/a>. For the sake of viewer convenience, the content is shown below in the alternative language. You may click the link to switch the active language.<\/p><p><\/p>\n<h1><strong>Geli\u015fen \u00e7evre bilinciyle bir\u00e7ok sekt\u00f6r \u00fcretimde enerji kaynaklar\u0131n\u0131 koruyan modellere y\u00f6neliyor.\u00a0<\/strong><strong>Kullan\u0131c\u0131 ihtiya\u00e7lar\u0131n\u0131 yak\u0131ndan takip eden ve \u00e7\u00f6z\u00fcmlerine entegre eden Arma Kontrol, \u00fcretti\u011fi g\u00fcne\u015f enerjili g\u00fcvenlik sistemleriyle alanlar\u0131 ve do\u011fal kaynaklar\u0131 korurken, enerji maliyetlerinde de ortalama 08 &#8211; 12 aya kadar amortisman<img loading=\"lazy\" class=\"alignright wp-image-132731\" src=\"https:\/\/www.enerjigazetesi.ist\/wp-content\/uploads\/2021\/04\/gunes-enerjili-guvenlik-sistemleri-ile-enerji-tasarrufu-saglamak-mumkun-2.jpg\" alt=\"\" width=\"320\" height=\"223\" srcset=\"https:\/\/www.enerjigazetesi.ist\/wp-content\/uploads\/2021\/04\/gunes-enerjili-guvenlik-sistemleri-ile-enerji-tasarrufu-saglamak-mumkun-2.jpg 550w, https:\/\/www.enerjigazetesi.ist\/wp-content\/uploads\/2021\/04\/gunes-enerjili-guvenlik-sistemleri-ile-enerji-tasarrufu-saglamak-mumkun-2-300x209.jpg 300w, https:\/\/www.enerjigazetesi.ist\/wp-content\/uploads\/2021\/04\/gunes-enerjili-guvenlik-sistemleri-ile-enerji-tasarrufu-saglamak-mumkun-2-500x348.jpg 500w, https:\/\/www.enerjigazetesi.ist\/wp-content\/uploads\/2021\/04\/gunes-enerjili-guvenlik-sistemleri-ile-enerji-tasarrufu-saglamak-mumkun-2-72x50.jpg 72w\" sizes=\"(max-width: 320px) 100vw, 320px\" \/> sa\u011fl\u0131yor. <\/strong><\/h1>\n<p>Kaynaklar\u0131n bilin\u00e7siz kullan\u0131m\u0131 d\u00fcnyam\u0131z\u0131 her ge\u00e7en g\u00fcn daha fazla tehdit ediyor. <strong>\u0130klim de\u011fi\u015fikli\u011fine<\/strong> ba\u011fl\u0131 ya\u015fanan <strong>do\u011fal afetler<\/strong> d\u00fcnyam\u0131z\u0131n alarm verdi\u011finin bir g\u00f6stergesi oluyor. Bu \u00e7a\u011f\u0131r\u0131ya kulak veren \u00fcreticiler de kaynaklar\u0131n korundu\u011fu \u00fcretim modellerine y\u00f6nelerek, gelecekte daha ya\u015fanabilir bir d\u00fcnyaya \u00f6nc\u00fcl\u00fck ediyor. \u00dcr\u00fcnlerine g\u00fcne\u015f enerjisi sistemlerini entegre eden Arma Kontrol, g\u00fcne\u015f enerjisiyle \u00e7al\u0131\u015fan <strong>Mobil Road Blocker<\/strong> ve <strong>Mobil Mantar Bariyerleriyle<\/strong> do\u011fal kaynaklar\u0131 koruyor ve enerji maliyetlerinde y\u0131ll\u0131k <strong>% 35 tasarruf<\/strong> sa\u011fl\u0131yor.<\/p>\n<h2><strong>\u201cKendi enerjisini \u00fcreterek do\u011faya sayg\u0131l\u0131 bir koruma sa\u011fl\u0131yor\u201d<\/strong><\/h2>\n<p>Enerji tasarrufunun g\u00fcn\u00fcm\u00fcz\u00fcn en \u00f6nemli konusu oldu\u011funu ve her sekt\u00f6r\u00fcn kaynaklar\u0131 korumak i\u00e7in elinden geleni yapmas\u0131 gerekti\u011fini a\u00e7\u0131klayan <strong>Arma Kontrol Kurucusu ve Genel M\u00fcd\u00fcr\u00fc Koray Kartal,<\/strong> <em>\u201cDo\u011faya olan sorumlulu\u011fumuzun bilinciyle \u2018Her G\u00fcn Daha \u00c7evreci Bir Arma Kontrol\u2019 slogan\u0131yla g\u00fcne\u015f enerjisi ile \u00e7al\u0131\u015fan g\u00fcvenlik ve bariyer sistemleri \u00fcretiyoruz. \u00dcr\u00fcnlerimiz dahili g\u00fcne\u015f enerjisi panelleri sayesinde kendi enerjisini \u00fcreterek do\u011faya sayg\u0131l\u0131 bir koruma ve g\u00fcvenlik sa\u011fl\u0131yor. B\u00f6ylece kaynaklar en verimli\u00a0<\/em>\u015fekilde korunuyor ve gelece\u011fe daha ya\u015fanabilir bir d\u00fcnya kal\u0131yor\u201d diye konu\u015ftu.<\/p>\n<h2><strong>\u201cYat\u0131r\u0131m\u0131n amortisman s\u00fcresini d\u00fc\u015f\u00fcr\u00fcyoruz\u201d<\/strong><\/h2>\n<p>G\u00fcne\u015f enerjisinin g\u00fcvenlik ve bariyer \u00fcr\u00fcnlerinde kullan\u0131m\u0131n\u0131n yayg\u0131nla\u015fmas\u0131 i\u00e7in \u00e7al\u0131\u015fmalar\u0131n\u0131 s\u00fcrd\u00fcrd\u00fcklerini belirten\u00a0<strong>Kartal,<\/strong>\u00a0<em>\u201cAlanlar\u0131 korumak isteyenler i\u00e7in geli\u015ftirdi\u011fimiz bir\u00e7ok \u00fcr\u00fcnde g\u00fcne\u015f enerjisi sistemlerini entegre edebiliyoruz ve b\u00f6ylece do\u011fal kaynaklar\u0131 da koruyoruz. Bir yandan kullan\u0131c\u0131lar\u0131n enerji t\u00fcketimlerini d\u00fc\u015f\u00fcr\u00fcrken bir yandan da sekt\u00f6r\u00fcn karbon ayakizini azalt\u0131yoruz. G\u00fcne\u015f enerjisi ile \u00e7al\u0131\u015fan g\u00fcvenlik teknolojilerimizle enerji maliyetlerinde y\u0131ll\u0131k y\u00fczde 35 tasarruf sa\u011fl\u0131yoruz. B\u00f6ylece g\u00fcvenlik yat\u0131r\u0131m\u0131n\u0131n amortisman s\u00fcresini de 8 ila 12 aya kadar d\u00fc\u015f\u00fcr\u00fcyoruz. G\u00fcne\u015f enerjili g\u00fcvenlik \u00fcr\u00fcnlerimizin bir di\u011fer art\u0131s\u0131 da elektrik \u015febekesinde ya\u015fanacak kesintilerden etkilenmeden kesintisiz bir \u015fekilde g\u00f6revini s\u00fcrd\u00fcrmesi oluyor<\/em>\u201d dedi.<\/p>\n<h2><strong>\u201cEnerji tasarrufunu milli politika olarak g\u00f6r\u00fcyoruz\u201d<\/strong><\/h2>\n<p>Enerjinin \u00fclke ithalat\u0131nda \u00f6nemli gider kalemi oldu\u011funu da s\u00f6zlerine ekleyen\u00a0<strong>Kartal,<\/strong>\u00a0\u015f\u00f6yle devam etti, \u201c<em>Enerjide d\u0131\u015fa ba\u011f\u0131ml\u0131 bir \u00fclke olarak enerji tasarrufunu milli bir politika olarak g\u00f6r\u00fcyoruz. Hayata ge\u00e7irdi\u011fimiz g\u00fcvenlik sistemlerinden elde edilen tasarrufla az da olsa cari a\u00e7\u0131\u011f\u0131n kapat\u0131lmas\u0131na destek oluyoruz. G\u00fcne\u015f enerjili bariyerlerimizle \u00fclkemize ve d\u00fcnyam\u0131za olan borcumuzu \u00f6dedi\u011fimizi d\u00fc\u015f\u00fcn\u00fcyor ve bu alana daha fazla odaklan\u0131yoruz<\/em>.\u201d<\/p>\n<p>Daha detayl\u0131 bilgi i\u00e7in:\u00a0<a href=\"http:\/\/www.armakontrol.com\/\" target=\"_blank\" rel=\"nofollow noopener\">www.armakontrol.com<\/a> adresini ziyaret edebilirsiniz.<\/p>","protected":false},"excerpt":{"rendered":"<p>Sorry, this entry is only available in Turkish. For the sake of viewer convenience, the content is shown below in the alternative language. You may click the link to switch the active language. Geli\u015fen \u00e7evre bilinciyle bir\u00e7ok sekt\u00f6r \u00fcretimde enerji kaynaklar\u0131n\u0131 koruyan modellere y\u00f6neliyor.\u00a0Kullan\u0131c\u0131 ihtiya\u00e7lar\u0131n\u0131 yak\u0131ndan takip eden ve \u00e7\u00f6z\u00fcmlerine entegre eden Arma Kontrol, \u00fcretti\u011fi [&hellip;]<\/p>\n","protected":false},"author":1,"featured_media":132732,"comment_status":"open","ping_status":"open","sticky":false,"template":"","format":"standard","meta":[],"categories":[51,53,49],"tags":[88905,53114,88906,88908,88907],"views":60,"_links":{"self":[{"href":"https:\/\/www.enerjigazetesi.ist\/en\/wp-json\/wp\/v2\/posts\/132728"}],"collection":[{"href":"https:\/\/www.enerjigazetesi.ist\/en\/wp-json\/wp\/v2\/posts"}],"about":[{"href":"https:\/\/www.enerjigazetesi.ist\/en\/wp-json\/wp\/v2\/types\/post"}],"author":[{"embeddable":true,"href":"https:\/\/www.enerjigazetesi.ist\/en\/wp-json\/wp\/v2\/users\/1"}],"replies":[{"embeddable":true,"href":"https:\/\/www.enerjigazetesi.ist\/en\/wp-json\/wp\/v2\/comments?post=132728"}],"version-history":[{"count":0,"href":"https:\/\/www.enerjigazetesi.ist\/en\/wp-json\/wp\/v2\/posts\/132728\/revisions"}],"wp:featuredmedia":[{"embeddable":true,"href":"https:\/\/www.enerjigazetesi.ist\/en\/wp-json\/wp\/v2\/media\/132732"}],"wp:attachment":[{"href":"https:\/\/www.enerjigazetesi.ist\/en\/wp-json\/wp\/v2\/media?parent=132728"}],"wp:term":[{"taxonomy":"category","embeddable":true,"href":"https:\/\/www.enerjigazetesi.ist\/en\/wp-json\/wp\/v2\/categories?post=132728"},{"taxonomy":"post_tag","embeddable":true,"href":"https:\/\/www.enerjigazetesi.ist\/en\/wp-json\/wp\/v2\/tags?post=132728"}],"curies":[{"name":"wp","href":"https:\/\/api.w.org\/{rel}","templated":true}]}}