{"id":132589,"date":"2021-04-05T14:26:38","date_gmt":"2021-04-05T11:26:38","guid":{"rendered":"https:\/\/www.enerjigazetesi.ist\/?p=132589"},"modified":"2021-04-05T14:27:13","modified_gmt":"2021-04-05T11:27:13","slug":"hava-kirliliginin-kaynagina-ulasmak-icin-yerli-yazilimlar-kullanilacak","status":"publish","type":"post","link":"https:\/\/www.enerjigazetesi.ist\/en\/hava-kirliliginin-kaynagina-ulasmak-icin-yerli-yazilimlar-kullanilacak\/","title":{"rendered":"(Turkish) Hava Kirlili\u011finin Kayna\u011f\u0131na Ula\u015fmak \u0130\u00e7in Yerli Yaz\u0131l\u0131mlar Kullan\u0131lacak"},"content":{"rendered":"<p class=\"qtranxs-available-languages-message qtranxs-available-languages-message-en\">Sorry, this entry is only available in <a href=\"https:\/\/www.enerjigazetesi.ist\/tr\/wp-json\/wp\/v2\/posts\/132589\" class=\"qtranxs-available-language-link qtranxs-available-language-link-tr\" title=\"Turkish\">Turkish<\/a>. For the sake of viewer convenience, the content is shown below in the alternative language. You may click the link to switch the active language.<\/p><p><\/p>\n<h1><strong>\u00c7evre ve \u015eehircilik Bakanl\u0131\u011f\u0131 taraf\u0131ndan hava kirlili\u011finin kayna\u011f\u0131na ula\u015fabilecek yaz\u0131l\u0131m geli\u015ftirildi. Bakanl\u0131\u011f\u0131n geli\u015ftirdi\u011fi yaz\u0131l\u0131mla, evsel \u0131s\u0131nma, sanayi, kara, deniz, hava ve demir yolu ula\u015f\u0131m\u0131ndan kaynakl\u0131 hava <img loading=\"lazy\" class=\"alignright wp-image-132591\" src=\"https:\/\/www.enerjigazetesi.ist\/wp-content\/uploads\/2021\/04\/hava-kirliliginin-kaynaginda-ulasmak-icin-yerli-yazilimlar-kullanilacak.jpg\" alt=\"\" width=\"340\" height=\"208\" srcset=\"https:\/\/www.enerjigazetesi.ist\/wp-content\/uploads\/2021\/04\/hava-kirliliginin-kaynaginda-ulasmak-icin-yerli-yazilimlar-kullanilacak.jpg 795w, https:\/\/www.enerjigazetesi.ist\/wp-content\/uploads\/2021\/04\/hava-kirliliginin-kaynaginda-ulasmak-icin-yerli-yazilimlar-kullanilacak-300x183.jpg 300w, https:\/\/www.enerjigazetesi.ist\/wp-content\/uploads\/2021\/04\/hava-kirliliginin-kaynaginda-ulasmak-icin-yerli-yazilimlar-kullanilacak-768x469.jpg 768w, https:\/\/www.enerjigazetesi.ist\/wp-content\/uploads\/2021\/04\/hava-kirliliginin-kaynaginda-ulasmak-icin-yerli-yazilimlar-kullanilacak-500x306.jpg 500w, https:\/\/www.enerjigazetesi.ist\/wp-content\/uploads\/2021\/04\/hava-kirliliginin-kaynaginda-ulasmak-icin-yerli-yazilimlar-kullanilacak-80x50.jpg 80w\" sizes=\"(max-width: 340px) 100vw, 340px\" \/>kirlili\u011fine neden olan noktalar belirlenebilecek.<\/strong><\/h1>\n<p>Bu \u00e7er\u00e7evede Bakanl\u0131k, <strong>hava kalitesi y\u00f6netiminde<\/strong> kulland\u0131\u011f\u0131 ara\u00e7lara, T\u00fcrksat\u2019\u0131n y\u00fcklenicisi oldu\u011fu<strong> 3 Boyutlu Ortamda Hava Kalitesi De\u011ferlerinin Tespiti Yaz\u0131l\u0131m\u0131 Projesi<\/strong>\u2019ni de ekledi. Proje kapsam\u0131nda geli\u015ftirilen <strong>yerli<\/strong> ve <strong>milli<\/strong> yaz\u0131l\u0131mla, <em>stratejik hava kalitesi haritalar\u0131, 3D bina modeli, kent atlas\u0131, topo\u011frafya, trafik yo\u011funlu\u011fu, kav\u015faklar, binalar\u0131n yak\u0131t tipi<\/em> gibi \u00e7ok say\u0131da etmen ele al\u0131narak <strong>3 boyutlu ortamda<\/strong> <em>hava kalitesi de\u011ferleri<\/em> tespit ediliyor.<\/p>\n<p>Girilen t\u00fcm verileri <strong>anl\u0131k alg\u0131lama<\/strong> ve <strong>\u00e7\u0131kt\u0131 \u00fcretme<\/strong> yetene\u011fine sahip <strong>3B yaz\u0131l\u0131m<\/strong>, d\u00fcnyada bu alandaki<strong> ilk \u00f6rneklerden biri olma niteli\u011fi<\/strong> ta\u015f\u0131yor. <strong>Yaz\u0131l\u0131mla, evsel \u0131s\u0131nma, sanayi, kara, deniz, hava<\/strong> ve <strong>demir yolu ula\u015f\u0131m\u0131ndan<\/strong> kaynakl\u0131 hava kirlili\u011fine neden olan noktalar tespit edilip, kayna\u011fa \u00f6zg\u00fc kontrol \u00f6nlemleri geli\u015ftirilebilecek. \u015eehirlerin <strong>k\u00fck\u00fcrt<\/strong> ve<strong> azot<\/strong> gibi \u00f6nemli hava kirleticilerinin<strong> ayak izi hesaplan\u0131p<\/strong>, bunlar\u0131n azalt\u0131lmas\u0131na y\u00f6nelik <strong>politika<\/strong> ve<strong> stratejiler<\/strong> haz\u0131rlanacak.<\/p>","protected":false},"excerpt":{"rendered":"<p>Sorry, this entry is only available in Turkish. For the sake of viewer convenience, the content is shown below in the alternative language. You may click the link to switch the active language. \u00c7evre ve \u015eehircilik Bakanl\u0131\u011f\u0131 taraf\u0131ndan hava kirlili\u011finin kayna\u011f\u0131na ula\u015fabilecek yaz\u0131l\u0131m geli\u015ftirildi. Bakanl\u0131\u011f\u0131n geli\u015ftirdi\u011fi yaz\u0131l\u0131mla, evsel \u0131s\u0131nma, sanayi, kara, deniz, hava ve demir [&hellip;]<\/p>\n","protected":false},"author":1,"featured_media":132591,"comment_status":"open","ping_status":"open","sticky":false,"template":"","format":"standard","meta":[],"categories":[51,53,52],"tags":[88802,2199,88803,57125],"views":82,"_links":{"self":[{"href":"https:\/\/www.enerjigazetesi.ist\/en\/wp-json\/wp\/v2\/posts\/132589"}],"collection":[{"href":"https:\/\/www.enerjigazetesi.ist\/en\/wp-json\/wp\/v2\/posts"}],"about":[{"href":"https:\/\/www.enerjigazetesi.ist\/en\/wp-json\/wp\/v2\/types\/post"}],"author":[{"embeddable":true,"href":"https:\/\/www.enerjigazetesi.ist\/en\/wp-json\/wp\/v2\/users\/1"}],"replies":[{"embeddable":true,"href":"https:\/\/www.enerjigazetesi.ist\/en\/wp-json\/wp\/v2\/comments?post=132589"}],"version-history":[{"count":0,"href":"https:\/\/www.enerjigazetesi.ist\/en\/wp-json\/wp\/v2\/posts\/132589\/revisions"}],"wp:featuredmedia":[{"embeddable":true,"href":"https:\/\/www.enerjigazetesi.ist\/en\/wp-json\/wp\/v2\/media\/132591"}],"wp:attachment":[{"href":"https:\/\/www.enerjigazetesi.ist\/en\/wp-json\/wp\/v2\/media?parent=132589"}],"wp:term":[{"taxonomy":"category","embeddable":true,"href":"https:\/\/www.enerjigazetesi.ist\/en\/wp-json\/wp\/v2\/categories?post=132589"},{"taxonomy":"post_tag","embeddable":true,"href":"https:\/\/www.enerjigazetesi.ist\/en\/wp-json\/wp\/v2\/tags?post=132589"}],"curies":[{"name":"wp","href":"https:\/\/api.w.org\/{rel}","templated":true}]}}