{"id":132583,"date":"2021-04-05T13:48:30","date_gmt":"2021-04-05T10:48:30","guid":{"rendered":"https:\/\/www.enerjigazetesi.ist\/?p=132583"},"modified":"2021-04-05T13:48:30","modified_gmt":"2021-04-05T10:48:30","slug":"sedef-karagoz-sanko-enerji-grubuna-genel-mudur-yardimcisi-olarak-atandi","status":"publish","type":"post","link":"https:\/\/www.enerjigazetesi.ist\/en\/sedef-karagoz-sanko-enerji-grubuna-genel-mudur-yardimcisi-olarak-atandi\/","title":{"rendered":"(Turkish) Sedef Karag\u00f6z &#8216;Sanko Enerji&#8217; Grubuna Genel M\u00fcd\u00fcr Yard\u0131mc\u0131s\u0131 Olarak Atand\u0131"},"content":{"rendered":"<p class=\"qtranxs-available-languages-message qtranxs-available-languages-message-en\">Sorry, this entry is only available in <a href=\"https:\/\/www.enerjigazetesi.ist\/tr\/wp-json\/wp\/v2\/posts\/132583\" class=\"qtranxs-available-language-link qtranxs-available-language-link-tr\" title=\"Turkish\">Turkish<\/a>. For the sake of viewer convenience, the content is shown below in the alternative language. You may click the link to switch the active language.<\/p><p><\/p>\n<h1>Sedef Karag\u00f6z, Sanko Enerji Grubuna Genel M\u00fcd\u00fcr Yard\u0131mc\u0131s\u0131 olarak atand\u0131.<\/h1>\n<p>Profesyonel kariyerine 1988 y\u0131l\u0131nda <strong>Barmek Holding<\/strong> b\u00fcnyesinde ba\u015flayan Sedef Karag\u00f6z, <strong>yurt i\u00e7i<\/strong> ve <img loading=\"lazy\" class=\"alignright wp-image-132585\" src=\"https:\/\/www.enerjigazetesi.ist\/wp-content\/uploads\/2021\/04\/sedef-karagoz-sanko-enerji-grubuna-genel-mudur-yardimcisi-olarak-atandi.jpg\" alt=\"\" width=\"320\" height=\"198\" srcset=\"https:\/\/www.enerjigazetesi.ist\/wp-content\/uploads\/2021\/04\/sedef-karagoz-sanko-enerji-grubuna-genel-mudur-yardimcisi-olarak-atandi.jpg 542w, https:\/\/www.enerjigazetesi.ist\/wp-content\/uploads\/2021\/04\/sedef-karagoz-sanko-enerji-grubuna-genel-mudur-yardimcisi-olarak-atandi-300x185.jpg 300w, https:\/\/www.enerjigazetesi.ist\/wp-content\/uploads\/2021\/04\/sedef-karagoz-sanko-enerji-grubuna-genel-mudur-yardimcisi-olarak-atandi-500x309.jpg 500w, https:\/\/www.enerjigazetesi.ist\/wp-content\/uploads\/2021\/04\/sedef-karagoz-sanko-enerji-grubuna-genel-mudur-yardimcisi-olarak-atandi-80x50.jpg 80w\" sizes=\"(max-width: 320px) 100vw, 320px\" \/><strong>yurt d\u0131\u015f\u0131 g\u00fc\u00e7 iletim<\/strong> ve <strong>da\u011f\u0131t\u0131m<\/strong> projelerinde <strong>15 y\u0131l y\u00f6neticilik<\/strong> yapm\u0131\u015ft\u0131r.<\/p>\n<p>Karag\u00f6z, <strong>2003 y\u0131l\u0131nda<\/strong> kat\u0131ld\u0131\u011f\u0131 <strong>Siemens<\/strong>\u2019te, enerji alan\u0131nda faaliyet g\u00f6steren \u00e7e\u015fitli i\u015f birimlerde y\u00f6neticilik yapt\u0131ktan sonra, <strong>2013 -2015 y\u0131llar\u0131<\/strong> aras\u0131nda Siemens A.\u015e. \u0130cra Kurulu \u00dcyesi ve Enerji Sekt\u00f6r\u00fcnden Sorumlu <strong>\u00dclke Lideri<\/strong> olarak g\u00f6rev yapm\u0131\u015ft\u0131r.<\/p>\n<p>Karag\u00f6z, <strong>2015<\/strong> y\u0131l\u0131nda Siemens\u2019ten ayr\u0131larak, <strong>T\u00fcrkiye<\/strong> ve <strong>Hollanda<\/strong> merkezli, <strong>m\u00fchendislik \u00e7\u00f6z\u00fcmleri<\/strong> geli\u015ftiren \u015firketler kurmu\u015ftur.<\/p>\n<p><em>ODT\u00dc Elektrik Elektronik M\u00fchendisli\u011fi B\u00f6l\u00fcm\u00fcnden y\u00fcksek lisans derecesi ile mezun olan ve ODT\u00dc \u0130\u015fletme Fak\u00fcltesinde MBA Program\u0131n\u0131 tamamlayan Sedef Karag\u00f6z, evli ve bir \u00e7ocuk annesidir.<\/em><\/p>","protected":false},"excerpt":{"rendered":"<p>Sorry, this entry is only available in Turkish. For the sake of viewer convenience, the content is shown below in the alternative language. You may click the link to switch the active language. Sedef Karag\u00f6z, Sanko Enerji Grubuna Genel M\u00fcd\u00fcr Yard\u0131mc\u0131s\u0131 olarak atand\u0131. Profesyonel kariyerine 1988 y\u0131l\u0131nda Barmek Holding b\u00fcnyesinde ba\u015flayan Sedef Karag\u00f6z, yurt i\u00e7i [&hellip;]<\/p>\n","protected":false},"author":1,"featured_media":132585,"comment_status":"open","ping_status":"open","sticky":false,"template":"","format":"standard","meta":[],"categories":[51,53],"tags":[75783,23311,88800,83557,88801],"views":169,"_links":{"self":[{"href":"https:\/\/www.enerjigazetesi.ist\/en\/wp-json\/wp\/v2\/posts\/132583"}],"collection":[{"href":"https:\/\/www.enerjigazetesi.ist\/en\/wp-json\/wp\/v2\/posts"}],"about":[{"href":"https:\/\/www.enerjigazetesi.ist\/en\/wp-json\/wp\/v2\/types\/post"}],"author":[{"embeddable":true,"href":"https:\/\/www.enerjigazetesi.ist\/en\/wp-json\/wp\/v2\/users\/1"}],"replies":[{"embeddable":true,"href":"https:\/\/www.enerjigazetesi.ist\/en\/wp-json\/wp\/v2\/comments?post=132583"}],"version-history":[{"count":0,"href":"https:\/\/www.enerjigazetesi.ist\/en\/wp-json\/wp\/v2\/posts\/132583\/revisions"}],"wp:featuredmedia":[{"embeddable":true,"href":"https:\/\/www.enerjigazetesi.ist\/en\/wp-json\/wp\/v2\/media\/132585"}],"wp:attachment":[{"href":"https:\/\/www.enerjigazetesi.ist\/en\/wp-json\/wp\/v2\/media?parent=132583"}],"wp:term":[{"taxonomy":"category","embeddable":true,"href":"https:\/\/www.enerjigazetesi.ist\/en\/wp-json\/wp\/v2\/categories?post=132583"},{"taxonomy":"post_tag","embeddable":true,"href":"https:\/\/www.enerjigazetesi.ist\/en\/wp-json\/wp\/v2\/tags?post=132583"}],"curies":[{"name":"wp","href":"https:\/\/api.w.org\/{rel}","templated":true}]}}