{"id":13257,"date":"2013-11-01T14:56:51","date_gmt":"2013-11-01T11:56:51","guid":{"rendered":"https:\/\/www.enerjigazetesi.ist\/?p=13257"},"modified":"2013-11-01T18:14:30","modified_gmt":"2013-11-01T15:14:30","slug":"akilli-sebeke-yol-haritasi-icsg-istanbul-2014-de-cizilecek","status":"publish","type":"post","link":"https:\/\/www.enerjigazetesi.ist\/en\/akilli-sebeke-yol-haritasi-icsg-istanbul-2014-de-cizilecek\/","title":{"rendered":"(Turkish) ICSG \u0130stanbul 2014 \u0130le Ak\u0131ll\u0131 \u015eebeke, Ak\u0131lc\u0131 Kalk\u0131nma&#8230;"},"content":{"rendered":"<p class=\"qtranxs-available-languages-message qtranxs-available-languages-message-en\">Sorry, this entry is only available in <a href=\"https:\/\/www.enerjigazetesi.ist\/tr\/wp-json\/wp\/v2\/posts\/13257\" class=\"qtranxs-available-language-link qtranxs-available-language-link-tr\" title=\"Turkish\">Turkish<\/a>. For the sake of viewer convenience, the content is shown below in the alternative language. You may click the link to switch the active language.<\/p><p><strong>Bilim, Sanayi ve Teknoloji Bakanl\u0131\u011f\u0131 ve UGETAM\u2019\u0131n deste\u011fi ile <\/strong><strong>8-9 May\u0131s 2014<\/strong> tarihlerinde \u0130stanbul\u2019da 2.si d\u00fczenlenecek olan <strong>\u201cUluslararas\u0131 \u0130stanbul Ak\u0131ll\u0131 \u015eebekeler Kongre ve Fuar\u0131\u2019 <\/strong>n\u0131n<strong> <\/strong>Ekim ay\u0131ndaki toplant\u0131s\u0131, 3 Ekim 2013 tarihinde ana sponsorlar\u0131m\u0131zdan Turkcell ev sahipli\u011finde Turkcell Deneyim Merkezi\u2019nde ger\u00e7ekle\u015ftirilmi\u015ftir.<\/p>\n<p><strong>Turkcell Genel M\u00fcd\u00fcr Yard\u0131mc\u0131s\u0131 (Kurumsal Pazarlama ve Sat\u0131\u015f Grubu) Selen Kocaba\u015f<\/strong>\u2019 \u0131n a\u00e7\u0131l\u0131\u015f konu\u015fmas\u0131 ile ba\u015flayan toplant\u0131, kurumlardan, derneklerden ve firmalardan bir \u00e7ok \u00fcst d\u00fczey kat\u0131l\u0131mc\u0131 ile ger\u00e7ekle\u015ftirlmi\u015ftir. Toplant\u0131da; ICSG \u0130stanbul 2014 Temas\u0131\u2019n\u0131n \u201cAk\u0131ll\u0131 \u015eebeke, Ak\u0131lc\u0131 Kalk\u0131nma\u201d olmas\u0131 karar\u0131 al\u0131nm\u0131\u015f; Kongre konu ba\u015fl\u0131klar\u0131na son hali verilmi\u015ftir. <strong>Keynote Speaker\u0131n<\/strong> \u00f6nemi vurgulanarak, a\u00e7\u0131l\u0131\u015f ve kapan\u0131\u015fta olmak \u00fczere iki ayr\u0131 keynote speakerin davet edilmesi karara ba\u011flanm\u0131\u015f, kat\u0131l\u0131mc\u0131lardan bu konudaki d\u00fc\u015f\u00fcncelerini k\u0131sa s\u00fcrede organizsayon firmas\u0131na bildirmesi talep edilmi\u015f; Sosyal medyan\u0131n \u00f6nemine binaen Kongreye katk\u0131 sa\u011flamak a\u00e7\u0131s\u0131ndan sosyal medya duyurular\u0131 \u00f6n plana \u00e7\u0131kart\u0131lmas\u0131 amac\u0131yla facebok ve twitter adresleri olu\u015fturuldu\u011fu bilgisi p<a href=\"https:\/\/www.enerjigazetesi.ist\/wp-content\/uploads\/2013\/07\/icsg-istanbul-2014.jpg\"><img loading=\"lazy\" class=\"alignleft size-medium wp-image-13260\" title=\"icsg-istanbul-2014\" src=\"https:\/\/www.enerjigazetesi.ist\/wp-content\/uploads\/2013\/07\/icsg-istanbul-2014-300x204.jpg\" alt=\"\" width=\"300\" height=\"204\" srcset=\"https:\/\/www.enerjigazetesi.ist\/wp-content\/uploads\/2013\/07\/icsg-istanbul-2014-300x204.jpg 300w, https:\/\/www.enerjigazetesi.ist\/wp-content\/uploads\/2013\/07\/icsg-istanbul-2014-500x341.jpg 500w, https:\/\/www.enerjigazetesi.ist\/wp-content\/uploads\/2013\/07\/icsg-istanbul-2014-73x50.jpg 73w, https:\/\/www.enerjigazetesi.ist\/wp-content\/uploads\/2013\/07\/icsg-istanbul-2014.jpg 530w\" sizes=\"(max-width: 300px) 100vw, 300px\" \/><\/a>ayla\u015f\u0131lm\u0131\u015ft\u0131r.<\/p>\n<p>Toplant\u0131da ayr\u0131ca, Kongrede \u00dclkemizde ve D\u00fcnyada \u00f6nde gelen ak\u0131ll\u0131 \u015febeke <strong>\u00a0<\/strong>alan\u0131ndaki akademisyenleri, fikir \u00f6nderleri ve y\u00f6neticilerinin bir araya gelerek ak\u0131ll\u0131 \u015febekeye ge\u00e7i\u015f ad\u0131na at\u0131lmas\u0131 gereken ad\u0131mlar\u0131 masaya yat\u0131racaklar\u0131 bir oturum yap\u0131lmas\u0131 ile belediyelerdeki \u00f6rnek uygulamalar\u0131 g\u00f6rmek a\u00e7\u0131s\u0131ndan Avrupa\u2019dan, Amerika\u2019dan ve \u00dclkemizden \u00f6rnek uygulamalar\u0131n yer ald\u0131\u011f\u0131 belediyelerin bir arada oldu\u011fu bir oturum yap\u0131lmas\u0131n\u0131n \u00f6nemi \u00fczerinde tart\u0131\u015f\u0131lm\u0131\u015ft\u0131r. Destekleyen Dernek ve Kurulu\u015flar\u0131n her ge\u00e7en g\u00fcn artt\u0131\u011f\u0131 ICSG 2014 Fuar\u0131na <strong>Adunos ve Bimetri<\/strong> firmalar\u0131 da eklenmi\u015ftir.<\/p>\n<p>Di\u011fer taraftan, bu ay i\u00e7erisinde Bilim, Sanayi ve Teknoloji Bakanl\u0131\u011f\u0131 M\u00fcste\u015far\u0131 Say\u0131n Prof. Dr. Ersan ASLAN\u2019\u0131n bir dergiye verdi\u011fi r\u00f6portaj\u0131nda, da\u011f\u0131t\u0131m \u015firketlerinin zaman kaybetmeden ak\u0131ll\u0131 \u015febeke yat\u0131r\u0131mlar\u0131na ba\u015flayaca\u011f\u0131n\u0131n d\u00fc\u015f\u00fcn\u00fcld\u00fc\u011f\u00fcn\u00fc, k\u0131sa vadede hedeflerinin ak\u0131ll\u0131 \u015febeke sistemine uygun ak\u0131ll\u0131 saya\u00e7 \u00fcretimini sa\u011flamak oldu\u011funu, orta ve uzun vadede ise, 2023 stratejik vizyonu kapsam\u0131nda mevcut saya\u00e7lar\u0131n tamam\u0131n\u0131n ak\u0131ll\u0131 saya\u00e7larla de\u011fi\u015fimini hedeflediklerini, Ak\u0131ll\u0131 \u015eebeke konusunun ilk kez kamuoyu g\u00fcndemine \u00a0ICSG \u0130stanbul Kongresi ile getirildi\u011fini ve Kongrenin bu s\u00fcre\u00e7te ne kadar \u00f6nemli rol oynad\u0131\u011f\u0131n\u0131 ifade etmi\u015ftir.<\/p>\n<p>\u00dclkemizin enerji alan\u0131ndaki kamu y\u00f6neticilerine, karar vericilere, \u00f6zel sekt\u00f6re, yat\u0131r\u0131mc\u0131lara ve enerji sekt\u00f6r\u00fcnde mal ve hizmet sunanlara yararl\u0131 olmas\u0131 ama\u00e7lanan 2.Uluslararas\u0131 \u0130stanbul Ak\u0131ll\u0131 \u015eebekeler Kongre ve Fuar\u0131\u2019na \u015fimdiden b\u00fcy\u00fck ilgi g\u00f6sterilmektedir.<\/p>\n<p><strong>\u201cTurkcell ve Vodafone\u2019nin ana sponsorluklar\u0131nda ger\u00e7ekle\u015ftirilecek olan 2. Uluslararas\u0131 \u0130stanbul Ak\u0131ll\u0131 \u015eebekeler Kongre ve Fuar\u0131\u2019 ile ilgili detayl\u0131 bilgiye <\/strong><a href=\"http:\/\/www.icsgistanbul.com\"><strong>www.icsgistanbul.com<\/strong><\/a><strong> adresinden ula\u015fabilirsiniz.<\/strong><\/p>\n<p>Kaynak: <a href=\"https:\/\/www.enerjigazetesi.ist\" target=\"_blank\">Enerji Gazetesi<\/a><\/p>\n<p>&nbsp;<\/p>","protected":false},"excerpt":{"rendered":"<p>Sorry, this entry is only available in Turkish. For the sake of viewer convenience, the content is shown below in the alternative language. You may click the link to switch the active language.Bilim, Sanayi ve Teknoloji Bakanl\u0131\u011f\u0131 ve UGETAM\u2019\u0131n deste\u011fi ile 8-9 May\u0131s 2014 tarihlerinde \u0130stanbul\u2019da 2.si d\u00fczenlenecek olan \u201cUluslararas\u0131 \u0130stanbul Ak\u0131ll\u0131 \u015eebekeler Kongre ve [&hellip;]<\/p>\n","protected":false},"author":1,"featured_media":13260,"comment_status":"open","ping_status":"open","sticky":false,"template":"","format":"standard","meta":[],"categories":[46,51,53,4],"tags":[7061,10037,5250,780,1267,68,1266,5249,63,1193,67,7064,165,18,7063,7062,10036,10035,1845,138,10034],"views":1029,"_links":{"self":[{"href":"https:\/\/www.enerjigazetesi.ist\/en\/wp-json\/wp\/v2\/posts\/13257"}],"collection":[{"href":"https:\/\/www.enerjigazetesi.ist\/en\/wp-json\/wp\/v2\/posts"}],"about":[{"href":"https:\/\/www.enerjigazetesi.ist\/en\/wp-json\/wp\/v2\/types\/post"}],"author":[{"embeddable":true,"href":"https:\/\/www.enerjigazetesi.ist\/en\/wp-json\/wp\/v2\/users\/1"}],"replies":[{"embeddable":true,"href":"https:\/\/www.enerjigazetesi.ist\/en\/wp-json\/wp\/v2\/comments?post=13257"}],"version-history":[{"count":26,"href":"https:\/\/www.enerjigazetesi.ist\/en\/wp-json\/wp\/v2\/posts\/13257\/revisions"}],"predecessor-version":[{"id":17107,"href":"https:\/\/www.enerjigazetesi.ist\/en\/wp-json\/wp\/v2\/posts\/13257\/revisions\/17107"}],"wp:featuredmedia":[{"embeddable":true,"href":"https:\/\/www.enerjigazetesi.ist\/en\/wp-json\/wp\/v2\/media\/13260"}],"wp:attachment":[{"href":"https:\/\/www.enerjigazetesi.ist\/en\/wp-json\/wp\/v2\/media?parent=13257"}],"wp:term":[{"taxonomy":"category","embeddable":true,"href":"https:\/\/www.enerjigazetesi.ist\/en\/wp-json\/wp\/v2\/categories?post=13257"},{"taxonomy":"post_tag","embeddable":true,"href":"https:\/\/www.enerjigazetesi.ist\/en\/wp-json\/wp\/v2\/tags?post=13257"}],"curies":[{"name":"wp","href":"https:\/\/api.w.org\/{rel}","templated":true}]}}