{"id":132428,"date":"2021-04-03T16:20:37","date_gmt":"2021-04-03T13:20:37","guid":{"rendered":"https:\/\/www.enerjigazetesi.ist\/?p=132428"},"modified":"2021-04-03T16:23:50","modified_gmt":"2021-04-03T13:23:50","slug":"sisecam-turkiye-icin-uretmeyi-surduruyor","status":"publish","type":"post","link":"https:\/\/www.enerjigazetesi.ist\/en\/sisecam-turkiye-icin-uretmeyi-surduruyor\/","title":{"rendered":"(Turkish) &#8217;\u015ei\u015fecam&#8217; T\u00fcrkiye \u0130\u00e7in \u00dcretmeyi S\u00fcrd\u00fcr\u00fcyor"},"content":{"rendered":"<p class=\"qtranxs-available-languages-message qtranxs-available-languages-message-en\">Sorry, this entry is only available in <a href=\"https:\/\/www.enerjigazetesi.ist\/tr\/wp-json\/wp\/v2\/posts\/132428\" class=\"qtranxs-available-language-link qtranxs-available-language-link-tr\" title=\"Turkish\">Turkish<\/a>. For the sake of viewer convenience, the content is shown below in the alternative language. You may click the link to switch the active language.<\/p><p><\/p>\n<h1><strong>T\u00fcrkiye\u2019nin en k\u00f6kl\u00fc sanayi kurulu\u015flar\u0131 aras\u0131nda yer alan \u015ei\u015fecam, Yeni\u015fehir d\u00fczcam \u00fcretim tesisinde yakla\u015f\u0131k 400 Milyon liral\u0131k (yakla\u015f\u0131k 42 Milyon Euro) yat\u0131r\u0131mla so\u011fuk onar\u0131m\u0131n\u0131 tamamlayarak yeniledi\u011fi d\u00fczcam 6 numaral\u0131 f\u0131r\u0131n\u0131n\u0131 ate\u015fledi. D\u00fczcam alan\u0131nda in\u015faattan mobilyaya, beyaz e\u015fyadan otomotive bir\u00e7ok sekt\u00f6re girdi sa\u011flayan \u015ei\u015fecam\u2019\u0131n yeniledi\u011fi 240 Bin ton kapasiteli f\u0131r\u0131nla pazara sunulacak olan son teknoloji \u00fcr\u00fcnler, k\u00fcresel salg\u0131n d\u00f6neminde dalgal\u0131 bir seyir izleyen ve son d\u00f6nemde h\u0131zla artan yurt i\u00e7i pazar talebine de cevap verecek.<\/strong><\/h1>\n<p>T\u00fcrk cam sanayinin kurucusu \u015ei\u015fecam\u2019\u0131n <strong>85 y\u0131l\u0131 a\u015fk\u0131n<\/strong> ge\u00e7mi\u015finde, her d\u00f6nemde oldu\u011fu gibi k\u00fcresel salg\u0131n d\u00f6neminde de ola\u011fand\u0131\u015f\u0131 ko\u015fullara ra\u011fmen T\u00fcrkiye i\u00e7in de\u011fer yaratmay\u0131 s\u00fcrd\u00fcrd\u00fc\u011f\u00fcn\u00fc belirten K\u0131rman: \u201cK\u00fcresel salg\u0131n\u0131n yaratt\u0131\u011f\u0131 belirsizlik ortam\u0131na ve ola\u011fand\u0131\u015f\u0131 ko\u015fullara ra\u011fmen \u00fclkemizin cam <img loading=\"lazy\" class=\"alignright wp-image-132431\" src=\"https:\/\/www.enerjigazetesi.ist\/wp-content\/uploads\/2021\/04\/sisecam-turkiye-icin-uretmeyi-surduruyor-1.jpg\" alt=\"\" width=\"340\" height=\"227\" srcset=\"https:\/\/www.enerjigazetesi.ist\/wp-content\/uploads\/2021\/04\/sisecam-turkiye-icin-uretmeyi-surduruyor-1.jpg 550w, https:\/\/www.enerjigazetesi.ist\/wp-content\/uploads\/2021\/04\/sisecam-turkiye-icin-uretmeyi-surduruyor-1-300x200.jpg 300w, https:\/\/www.enerjigazetesi.ist\/wp-content\/uploads\/2021\/04\/sisecam-turkiye-icin-uretmeyi-surduruyor-1-500x334.jpg 500w, https:\/\/www.enerjigazetesi.ist\/wp-content\/uploads\/2021\/04\/sisecam-turkiye-icin-uretmeyi-surduruyor-1-75x50.jpg 75w, https:\/\/www.enerjigazetesi.ist\/wp-content\/uploads\/2021\/04\/sisecam-turkiye-icin-uretmeyi-surduruyor-1-450x300.jpg 450w\" sizes=\"(max-width: 340px) 100vw, 340px\" \/>talebini kar\u015f\u0131lama ve \u00fclkemiz ekonomisi i\u00e7in de\u011fer yaratma \u00f6nceli\u011fimiz kapsam\u0131nda yat\u0131r\u0131mlar\u0131m\u0131z\u0131 da ara vermeden s\u00fcrd\u00fcrd\u00fck. <strong>2020 y\u0131l\u0131 Ekim ay\u0131nda<\/strong> devreye ald\u0131\u011f\u0131m\u0131z<strong> 8&#8217;inci f\u0131r\u0131nla<\/strong> Avrupa\u2019n\u0131n en b\u00fcy\u00fck d\u00fczcam \u00fcss\u00fc haline getirdi\u011fimiz Polatl\u0131 tesisinin ard\u0131ndan bug\u00fcn <strong>Yeni\u015fehir d\u00fczcam tesisimizde<\/strong> so\u011fuk tamirini tamamlad\u0131\u011f\u0131m\u0131z alt\u0131nc\u0131 f\u0131r\u0131n\u0131m\u0131z\u0131 da ate\u015fleyerek devreye al\u0131yoruz. Bu f\u0131r\u0131nla sa\u011flanacak olan y\u0131ll\u0131k<strong> 240 Bin ton ek kapasite<\/strong> ile<strong> in\u015faat, mobilya, beyaz e\u015fya<\/strong> ve <strong>otomotiv sekt\u00f6r\u00fcn\u00fcn<\/strong> yo\u011fun taleplerine cevap verebilecek <strong>arz imkan\u0131na eri\u015filmi\u015f<\/strong> olacakt\u0131r. Y\u0131l\u0131n son \u00e7eyre\u011finde Yeni\u015fehir tesisimizde so\u011fuk onar\u0131m\u0131 tamamlanacak olan yine<strong> 240 Bin ton kapasiteli<\/strong> be\u015finci f\u0131r\u0131n\u0131n da devreye al\u0131nmas\u0131n\u0131n ard\u0131ndan \u015ei\u015fecam, T\u00fcrkiye\u2019de <strong>2 Milyon tona<\/strong> ula\u015fan kurulu <strong>d\u00fczcam \u00fcretim kapasitesi<\/strong>ni aktif olarak kullanarak, T\u00fcrkiye i\u00e7in de\u011fer yaratmaya kesintisiz devam edecektir.\u201d diye konu\u015ftu.<\/p>\n<p><strong>02.04.2021 \u2013<\/strong> <strong>D\u00fczcam, cam ev e\u015fyas\u0131, cam ambalaj<\/strong> ve<strong>\u00a0cam elyaf\u0131\u00a0<\/strong>gibi cam\u0131n t\u00fcm temel alanlar\u0131 ile soda ve krom bile\u015fiklerini <strong>kapsayan i\u015f kollar\u0131nda k\u00fcresel bir oyuncu olan \u015ei\u015fecam, Yeni\u015fehir d\u00fczcam \u00fcretim tesisinde yakla\u015f\u0131k 400 Milyon liral\u0131k (yakla\u015f\u0131k 42 Milyon Euro) yat\u0131r\u0131mla yeniledi\u011fi d\u00fczcam f\u0131r\u0131n\u0131n\u0131 ate\u015fledi. Aral\u0131ks\u0131z yat\u0131r\u0131mlar\u0131yla T\u00fcrkiye i\u00e7in \u00fcreterek, de\u011fer yaratmaya devam eden \u015ei\u015fecam, yeniledi\u011fi 240 Bin ton kapasiteli f\u0131r\u0131nla pazara sunulacak son\u00a0<\/strong>teknoloji \u00fcr\u00fcnler ile, \u00f6zellikle k\u00fcresel salg\u0131n d\u00f6neminde dalgal\u0131 bir seyir izleyen ve son d\u00f6nemde h\u0131zla artan yurt i\u00e7i d\u00fczcam talebine cevap verecek.<\/p>\n<p><strong>T\u00fcrk cam sanayinin<\/strong> kurucusu <strong>\u015ei\u015fecam<\/strong>\u2019\u0131n<strong> 85 y\u0131l\u0131<\/strong> a\u015fk\u0131n ge\u00e7mi\u015finde, her d\u00f6nemde oldu\u011fu gibi k\u00fcresel salg\u0131n d\u00f6neminde de ola\u011fand\u0131\u015f\u0131 ko\u015fullara ra\u011fmen T\u00fcrkiye i\u00e7in de\u011fer yaratmay\u0131 s\u00fcrd\u00fcrd\u00fc\u011f\u00fcn\u00fc belirten K\u0131rman: <em>\u201cK\u00fcresel salg\u0131n\u0131n yaratt\u0131\u011f\u0131 belirsizlik ortam\u0131na ve ola\u011fand\u0131\u015f\u0131 ko\u015fullara ra\u011fmen \u00fclkemizin cam talebini kar\u015f\u0131lama ve \u00fclkemiz ekonomisi i\u00e7in de\u011fer yaratma \u00f6nceli\u011fimiz kapsam\u0131nda yat\u0131r\u0131mlar\u0131m\u0131z\u0131 da ara vermeden s\u00fcrd\u00fcrd\u00fck. <strong>2020 y\u0131l\u0131 Ekim ay\u0131nda<\/strong> devreye ald\u0131\u011f\u0131m\u0131z <strong>8&#8217;inci f\u0131r\u0131nla<\/strong> Avrupa\u2019n\u0131n en b\u00fcy\u00fck <strong>d\u00fczcam \u00fcss\u00fc<\/strong> haline getirdi\u011fimiz Polatl\u0131 tesisinin ard\u0131ndan bug\u00fcn Yeni\u015fehir d\u00fczcam tesisimizde <strong>so\u011fuk tamirini<\/strong> tamamlad\u0131\u011f\u0131m\u0131z alt\u0131nc\u0131 f\u0131r\u0131n\u0131m\u0131z\u0131 ate\u015fleyerek devreye al\u0131yoruz. Bu f\u0131r\u0131nla sa\u011flanacak olan y\u0131ll\u0131k <strong>240 Bin ton<\/strong> ek kapasite ile in\u015faat, mobilya, beyaz e\u015fya ve otomotiv sekt\u00f6r\u00fcn\u00fcn yo\u011fun taleplerine cevap verebilecek arz imkan\u0131na eri\u015filmi\u015f olacakt\u0131r. Y\u0131l\u0131n son \u00e7eyre\u011finde Yeni\u015fehir tesisimizde so\u011fuk onar\u0131m\u0131 tamamlanacak olan yine <strong>240 Bin ton kapasiteli<\/strong> be\u015finci f\u0131r\u0131n\u0131n da devreye al\u0131nmas\u0131n\u0131n ard\u0131ndan \u015ei\u015fecam, T\u00fcrkiye\u2019de <strong>2 Milyon tona<\/strong> ula\u015fan kurulu d\u00fczcam \u00fcretim kapasitesini aktif olarak kullanarak, T\u00fcrkiye i\u00e7in de\u011fer yaratmaya kesintisiz devam edecektir.\u201d<\/em> diye konu\u015ftu.<\/p>\n<h2><strong>\u201cT\u00fcrkiye\u2019de 2 Milyon tona ula\u015fan \u00fcretim kapasitemizle \u00fclkemiz i\u00e7in de\u011fer yaratmaya devam ediyoruz\u201d<\/strong><\/h2>\n<p>K\u00fcresel salg\u0131n\u0131n cam sekt\u00f6r\u00fcn\u00fc de olumsuz etkiledi\u011fini dile getiren <strong>Prof. Dr. Ahmet K\u0131rman<\/strong>, al\u0131nan ekonomik tedbirler ve uygulanan \u00f6nlemlerin esnemesiyle birlikte cam\u0131n girdi verdi\u011fi sekt\u00f6rlerin olumlu y\u00f6nde ivme kazand\u0131\u011f\u0131n\u0131 belirtti. Tedarik zincirinin bozuldu\u011fu bir d\u00f6nemde olu\u015fan bu yo\u011fun talebin sekt\u00f6rde arz\/talep dengesizli\u011fi yaratt\u0131\u011f\u0131n\u0131 ifade eden <strong>Prof. Dr K\u0131rman<\/strong> <span style=\"text-decoration: underline;\">\u015f\u00f6yle devam etti:<\/span> <em>\u201c\u0130zabe teknolojisine dayanan cam sekt\u00f6r\u00fc<strong> 7\/24 \u00e7al\u0131\u015fma zorunlulu\u011fu<\/strong> olan enerji yo\u011fun bir \u00fcretim alan\u0131d\u0131r. \u00a0Bu sekt\u00f6r\u00fcn ilk yat\u0131r\u0131m maliyetleri y\u00fcksek oldu\u011fu gibi, cam f\u0131r\u0131nlar\u0131n\u0131 belli aral\u0131klarla <strong>yenileme (so\u011fuk tamir) zorunlulu\u011fu nedeniyle<\/strong> s\u00fcrekli yat\u0131r\u0131m ihtiyac\u0131ndan kaynaklanan sermaye yo\u011fun \u00f6zelli\u011fi bulunmaktad\u0131r. Yat\u0131r\u0131mlar\u0131m\u0131z\u0131n s\u00fcreklili\u011finin sa\u011flanmas\u0131 ve ergitme f\u0131r\u0131nlar\u0131n\u0131n belli aral\u0131klarla yenilenmesi zorunlulu\u011fu nedeniyle Yeni\u015fehir tesisimizdeki be\u015finci ve alt\u0131nc\u0131 f\u0131r\u0131n\u0131m\u0131z arz\/talep dengesi de g\u00f6zetilerek normal planlanan s\u00fcre\u00e7te so\u011fuk tamire al\u0131nm\u0131\u015ft\u0131. So\u011fuk tamirini tamamlayarak yeni \u00fcretim yetkinlikleri ile donatt\u0131\u011f\u0131m\u0131z ve yakla\u015f\u0131k<strong> 400 Milyon liral\u0131k<\/strong> (yakla\u015f\u0131k 42 Milyon Euro) yat\u0131r\u0131mla yeniledi\u011fimiz alt\u0131nc\u0131 f\u0131r\u0131n\u0131m\u0131z\u0131 bug\u00fcn ate\u015fleyerek devreye ald\u0131k. \u00a0Y\u0131ll\u0131k<strong> 240 Bin tonluk alt\u0131nc\u0131 f\u0131r\u0131n\u0131<\/strong>m\u0131z\u0131n devreye girmesiyle, artan tedarik imk\u00e2n\u0131 sayesinde<strong> in\u015faat, mobilya, beyaz e\u015fya ve otomotiv sekt\u00f6r\u00fc<\/strong>n\u00fcn yo\u011fun taleplerine cevap verebilecek arz imkan\u0131na ula\u015faca\u011f\u0131z.\u201d<\/em><\/p>\n<p>K\u00fcresel salg\u0131n ortam\u0131nda d\u00fczcamda \u00f6ng\u00f6r\u00fclemeyen bir talep art\u0131\u015f\u0131 ya\u015fand\u0131\u011f\u0131na dikkat \u00e7eken ve talep art\u0131\u015f\u0131na y\u00f6nelik \u00e7ok y\u00f6nl\u00fc tedbirler al\u0131nd\u0131\u011f\u0131n\u0131 ifade eden K\u0131rman: <em>\u201cBug\u00fcn d\u00fczcam alan\u0131ndaki faaliyetlerimizi mimari camlar, enerji camlar\u0131 ve beyaz e\u015fya camlar\u0131 olmak \u00fczere \u00fc\u00e7 farkl\u0131 ba\u015fl\u0131kta y\u00fcr\u00fct\u00fcyor; in\u015faat, mobilya, enerji ve beyaz e\u015fya gibi \u00f6nemli sekt\u00f6rlere girdi sa\u011fl\u0131yoruz. \u00dclkemizde <strong>Bursa Yeni\u015fehir, K\u0131rklareli, Mersin <\/strong>ve<strong> Ankara Polatl\u0131<\/strong> olmak \u00fczere toplamda <strong>d\u00f6rt \u00fcretim tesisi<\/strong>, sekiz f\u0131r\u0131n ve <strong>2 Milyon tona<\/strong> ula\u015fan \u00fcretim kapasitemiz ile \u00fclke ekonomisi i\u00e7in de\u011fer yaratmaya devam ediyor, k\u00fcresel salg\u0131n\u0131n yaratt\u0131\u011f\u0131 belirsizlik ortam\u0131na ra\u011fmen yat\u0131r\u0131mlar\u0131m\u0131z\u0131 aral\u0131ks\u0131z s\u00fcrd\u00fcr\u00fcyoruz\u201d<\/em> dedi.<\/p>\n<h2><strong>\u201cD\u00fczcam \u00fcretimimizin % 90\u2019l\u0131k k\u0131sm\u0131n\u0131 yurt i\u00e7i pazara sunuyoruz\u201d<\/strong><\/h2>\n<p>\u015ei\u015fecam\u2019\u0131n bu s\u00fcre\u00e7te \u00fcretim kapasitesini art\u0131rmaya ve girdi verdi\u011fi sekt\u00f6rleri desteklemeye y\u00f6nelik \u00f6nemli uygulamalar ve b\u00fcy\u00fck yat\u0131r\u0131mlar\u0131 hayata ge\u00e7irdi\u011fini dile getiren <strong>Prof. Dr. Ahmet K\u0131rman<\/strong>, \u015funlar\u0131 s\u00f6yledi: <em>\u201c\u0130\u00e7 pazardaki s\u0131ra d\u0131\u015f\u0131 talep art\u0131\u015f\u0131n\u0131 kar\u015f\u0131lamaya y\u00f6nelik olarak ba\u015fta yeni f\u0131r\u0131n yat\u0131r\u0131m\u0131 ve toplam sat\u0131\u015flarda yurt i\u00e7i sat\u0131\u015flar\u0131n pay\u0131n\u0131n art\u0131r\u0131lmas\u0131 olmak \u00fczere \u00fclkemizde ekonomik faaliyetleri destekleyen her t\u00fcrl\u00fc \u00f6nlem al\u0131nm\u0131\u015ft\u0131r. Bu kapsamda, ayl\u0131k<strong> d\u00fczcam sevkiyat kapasitemiz<\/strong> olan <strong>100 Bin tonun<\/strong> tamam\u0131n\u0131 kullan\u0131l\u0131rken, ihracat\u0131m\u0131z\u0131 \u00f6nemli \u00f6l\u00e7\u00fcde k\u0131st\u0131k ve \u00fclkemizde ger\u00e7ekle\u015ftirdi\u011fimiz d\u00fczcam \u00fcretiminin yakla\u015f\u0131k <strong>% 90<\/strong>\u2019l\u0131k k\u0131sm\u0131n\u0131 yurt i\u00e7i pazara sunduk. Bunun yan\u0131 s\u0131ra, \u00f6zellikle yurt i\u00e7i pazar talebi paralelinde \u00fcretim kapasitesinde art\u0131\u015f sa\u011flanmas\u0131 ihtiyac\u0131na y\u00f6nelik olarak Ankara\u2019n\u0131n Polatl\u0131 il\u00e7esindeki d\u00fczcam \u00fcretim tesisimizde <strong>1 milyar TL<\/strong> seviyesinde bir yat\u0131r\u0131mla (yakla\u015f\u0131k 130 Milyon dolar) y\u0131ll\u0131k <strong>240 Bin ton kapasiteli<\/strong> yeni f\u0131r\u0131n yat\u0131r\u0131m\u0131m\u0131z\u0131 tamamlayarak devreye ald\u0131k. \u00dclkemize olan g\u00fcvenimizin de \u00f6nemli bir g\u00f6stergesi olan bu yat\u0131r\u0131m ile girdi verdi\u011fimiz sekt\u00f6rleri desteklemeye devam ettik. \u00a0Her zaman oldu\u011fu gibi <strong>k\u00fcresel salg\u0131ndan kaynakl\u0131<\/strong> bu zorlu d\u00f6nemde de <strong>ekosistemimizi desteklemek<\/strong> \u00fczere her t\u00fcrl\u00fc \u00e7aba g\u00f6sterilmi\u015ftir. Bu vesileyle, bu s\u00fcre\u00e7te payda\u015flar\u0131m\u0131z\u0131n g\u00f6stermi\u015f oldu\u011fu anlay\u0131\u015f ve dayan\u0131\u015fma ruhu i\u00e7in te\u015fekk\u00fcr ederiz.\u201d<\/em><\/p>\n<h2><strong>Yeni \u00fcretim yetkinlikleriyle donat\u0131lan Yeni\u015fehir\u2019deki yeni f\u0131r\u0131nla \u015ei\u015fecam 16 metreye kadar d\u00fczcam \u00fcreten say\u0131l\u0131 \u00fcreticiler aras\u0131nda yer alacak<\/strong><\/h2>\n<p><strong>\u015ei\u015fecam<\/strong>\u2019\u0131n <strong>Yeni\u015fehir d\u00fczcam tesisi<\/strong>nde <strong>End\u00fcstri 4.0<\/strong>\u2019a uygun \u015fekilde ileri teknolojiyle yeniledi\u011fi ve modernize etti\u011fi <strong>6&#8217;\u0131nc\u0131 f\u0131r\u0131n\u0131 i\u00e7 pazara<\/strong> sunulan <strong>kapasiteyi art\u0131rmas\u0131n\u0131n<\/strong> yan\u0131 s\u0131ra <strong>ultra renksiz d\u00fczcam<\/strong> gibi katma de\u011ferli yeni \u00fcr\u00fcnleri de pazara sunma imkan\u0131 tan\u0131yacak.<\/p>\n<p><strong>D\u00fczcam sekt\u00f6r\u00fc<\/strong>nde kullan\u0131lmakta olan en b\u00fcy\u00fck cam ebad\u0131 boyu <strong>6 metre<\/strong> olan <strong>Jumbo<\/strong> camlard\u0131r. Mega Jumbo d\u00fczcamlar, g\u00fcn\u00fcm\u00fcz mimarisinde prestijli yap\u0131lar\u0131n \u00f6nemli bir <strong>tasar\u0131m \u00f6\u011fesi<\/strong> olarak \u00f6ne \u00e7\u0131kmaktad\u0131r. <strong>Kesintisiz cam uygulama imk\u00e2n\u0131<\/strong> yaratmas\u0131yla, <strong>al\u0131\u015fveri\u015f merkezleri, m\u00fczeler, ofis binalar\u0131, sergi<\/strong> ve <strong>kongre merkezleri<\/strong> gibi yap\u0131larda <strong>farkl\u0131 mimari tasar\u0131m imkanlar\u0131<\/strong> sunarken, mek\u00e2na da s\u0131ra d\u0131\u015f\u0131 bir boyut katmaktad\u0131r.<\/p>\n<p>Devreye al\u0131nan alt\u0131nc\u0131 f\u0131r\u0131nla mimari camlar alan\u0131nda, T\u00fcrkiye\u2019de ilk <strong>Mega Jumbo cam\u0131<\/strong> \u015ei\u015fecam\u2019\u0131n Yeni\u015fehir tesisinde \u00fcretece\u011fini belirten K\u0131rman: <em>\u201cMega Jumbo \u00fcretim yat\u0131r\u0131m\u0131n\u0131n Yeni\u015fehir alt\u0131nc\u0131 f\u0131r\u0131n\u0131nda tamamlanmas\u0131yla, \u015ei\u015fecam, <strong>16 metreye<\/strong> kadar d\u00fczcam \u00fcreten d\u00fcnyadaki say\u0131l\u0131 \u00fcreticilerden biri olacak. Hizmet verdi\u011fi t\u00fcm sekt\u00f6rlerin geli\u015fimine imk\u00e2n sa\u011flayan yenilik\u00e7i yakla\u015f\u0131m\u0131 ve t\u00fcm payda\u015flar\u0131 i\u00e7in s\u00fcrd\u00fcr\u00fclebilir de\u011fer yaratma anlay\u0131\u015f\u0131 ile s\u00fcrd\u00fcrd\u00fc\u011f\u00fc yat\u0131r\u0131mlar\u0131yla \u015ei\u015fecam, T\u00fcrkiye ekonomisine ve cam sekt\u00f6r\u00fcne katk\u0131 sa\u011flamaya devam edecektir.\u201d<\/em> dedi.<\/p>","protected":false},"excerpt":{"rendered":"<p>Sorry, this entry is only available in Turkish. For the sake of viewer convenience, the content is shown below in the alternative language. You may click the link to switch the active language. T\u00fcrkiye\u2019nin en k\u00f6kl\u00fc sanayi kurulu\u015flar\u0131 aras\u0131nda yer alan \u015ei\u015fecam, Yeni\u015fehir d\u00fczcam \u00fcretim tesisinde yakla\u015f\u0131k 400 Milyon liral\u0131k (yakla\u015f\u0131k 42 Milyon Euro) yat\u0131r\u0131mla [&hellip;]<\/p>\n","protected":false},"author":1,"featured_media":132432,"comment_status":"open","ping_status":"open","sticky":false,"template":"","format":"standard","meta":[],"categories":[53,52],"tags":[71463,88735,23311,32734,76792,80482,88734],"views":103,"_links":{"self":[{"href":"https:\/\/www.enerjigazetesi.ist\/en\/wp-json\/wp\/v2\/posts\/132428"}],"collection":[{"href":"https:\/\/www.enerjigazetesi.ist\/en\/wp-json\/wp\/v2\/posts"}],"about":[{"href":"https:\/\/www.enerjigazetesi.ist\/en\/wp-json\/wp\/v2\/types\/post"}],"author":[{"embeddable":true,"href":"https:\/\/www.enerjigazetesi.ist\/en\/wp-json\/wp\/v2\/users\/1"}],"replies":[{"embeddable":true,"href":"https:\/\/www.enerjigazetesi.ist\/en\/wp-json\/wp\/v2\/comments?post=132428"}],"version-history":[{"count":0,"href":"https:\/\/www.enerjigazetesi.ist\/en\/wp-json\/wp\/v2\/posts\/132428\/revisions"}],"wp:featuredmedia":[{"embeddable":true,"href":"https:\/\/www.enerjigazetesi.ist\/en\/wp-json\/wp\/v2\/media\/132432"}],"wp:attachment":[{"href":"https:\/\/www.enerjigazetesi.ist\/en\/wp-json\/wp\/v2\/media?parent=132428"}],"wp:term":[{"taxonomy":"category","embeddable":true,"href":"https:\/\/www.enerjigazetesi.ist\/en\/wp-json\/wp\/v2\/categories?post=132428"},{"taxonomy":"post_tag","embeddable":true,"href":"https:\/\/www.enerjigazetesi.ist\/en\/wp-json\/wp\/v2\/tags?post=132428"}],"curies":[{"name":"wp","href":"https:\/\/api.w.org\/{rel}","templated":true}]}}