{"id":13242,"date":"2013-07-22T10:18:02","date_gmt":"2013-07-22T07:18:02","guid":{"rendered":"https:\/\/www.enerjigazetesi.ist\/?p=13242"},"modified":"2013-07-22T10:33:26","modified_gmt":"2013-07-22T07:33:26","slug":"turkiye-enerji-ticaretinde-bolgesel-merkez-oluyor","status":"publish","type":"post","link":"https:\/\/www.enerjigazetesi.ist\/en\/turkiye-enerji-ticaretinde-bolgesel-merkez-oluyor\/","title":{"rendered":"(Turkish) T\u00fcrkiye Enerji Ticaretinde B\u00f6lgesel Merkez Oluyor\u2026"},"content":{"rendered":"<p class=\"qtranxs-available-languages-message qtranxs-available-languages-message-en\">Sorry, this entry is only available in <a href=\"https:\/\/www.enerjigazetesi.ist\/tr\/wp-json\/wp\/v2\/posts\/13242\" class=\"qtranxs-available-language-link qtranxs-available-language-link-tr\" title=\"Turkish\">Turkish<\/a>. For the sake of viewer convenience, the content is shown below in the alternative language. You may click the link to switch the active language.<\/p><p><strong>Avrupa\u2019n\u0131n ve B\u00f6lgenin \u00d6nemli \u0130simleri 11-12 Eyl\u00fcl\u2019de T\u00fcrkiye\u2019nin \u0130lk Enerji Ticareti Etkinli\u011fi \u201cAll Energy Turkey\u201d i\u00e7in \u0130stanbul\u2019da\u2026<\/strong><\/p>\n<p>Bilindi\u011fi gibi T\u00fcrkiye\u2019nin b\u00f6lgede finans ve borsa merkezi haline getirilmesi hedefleri do\u011frultusunda Borsa \u0130stanbul kuruldu. Ard\u0131ndan d\u00fcnyan\u0131n en h\u0131zl\u0131 b\u00fcy\u00fcyen enerji pazarlar\u0131ndan biri olan T\u00fcrkiye, arzdaki ve fiyattaki dalgalanmalar\u0131 \u00f6nlemek, piyasada \u015feffafl\u0131\u011f\u0131 sa\u011flamak, risk y\u00f6netimini ger\u00e7ekle\u015ftirebilmek, ekonomik b\u00fcy\u00fcmeyi g\u00fcvence alt\u0131na almak \u00fczere kendi Enerji Borsas\u0131\u2019n\u0131 kurdu (EP\u0130A\u015e).<\/p>\n<p>Bu geli\u015fmeler 2014 itibariyle Avrupa\u2019n\u0131n sat\u0131\u015f pazarlar\u0131 ile enerji zengini Orta Do\u011fu ve Hazar \u00fclkelerinin enerji ticaretinin T\u00fcrkiye \u00fczerinden ge\u00e7ece\u011fini g\u00f6stermektedir. Son d\u00f6nemde enerji piyasalar\u0131ndaki liberalle\u015fme \u00e7al\u0131\u015fmalar\u0131; uluslararas\u0131 \u015firketlerin enerji ticareti merkezi olmak \u00fczere yola \u00e7\u0131kan T\u00fcrkiye\u2019ye ilgisini g\u00f6zle g\u00f6r\u00fcl\u00fcr \u015fekilde artt\u0131rmaktad\u0131r.<\/p>\n<p><strong><a href=\"https:\/\/www.enerjigazetesi.ist\/wp-content\/uploads\/2013\/06\/all-energy-turkey-fuar-ve-kongresi1.jpg\"><img loading=\"lazy\" class=\"size-medium wp-image-12414 alignleft\" title=\"all-energy-turkey-fuar-ve-kongresi\" src=\"https:\/\/www.enerjigazetesi.ist\/wp-content\/uploads\/2013\/06\/all-energy-turkey-fuar-ve-kongresi1-300x157.jpg\" alt=\"\" width=\"300\" height=\"157\" srcset=\"https:\/\/www.enerjigazetesi.ist\/wp-content\/uploads\/2013\/06\/all-energy-turkey-fuar-ve-kongresi1-300x157.jpg 300w, https:\/\/www.enerjigazetesi.ist\/wp-content\/uploads\/2013\/06\/all-energy-turkey-fuar-ve-kongresi1-500x262.jpg 500w, https:\/\/www.enerjigazetesi.ist\/wp-content\/uploads\/2013\/06\/all-energy-turkey-fuar-ve-kongresi1-80x42.jpg 80w, https:\/\/www.enerjigazetesi.ist\/wp-content\/uploads\/2013\/06\/all-energy-turkey-fuar-ve-kongresi1.jpg 580w\" sizes=\"(max-width: 300px) 100vw, 300px\" \/><\/a>11-12 Eyl\u00fcl 2013\u2019te<\/strong> \u0130stanbul L\u00fctfi K\u0131rdar Uluslararas\u0131 Kongre ve Sergi Saray\u0131 (ICEC)\u2019nda d\u00fczenlenecek T\u00fcrkiye\u2019nin ilk enerji ticareti etkinli\u011fi olan \u201cAll Energy Turkey\u201d (AET) T\u00fcrkiye ile yak\u0131ndan ilgilenen uluslararas\u0131 \u015firketler, hizmet sa\u011flay\u0131c\u0131lar\u0131 ve ortaklar\u0131n\u0131 bir araya getirecek.<\/p>\n<p>Enerji sekt\u00f6r\u00fcndeki di\u011fer etkinliklerden farkl\u0131 olarak \u201cAll Energy Turkey\u201dde \u00f6zellikle toptan sat\u0131\u015f, ticaret, sat\u0131\u015f ve pazarlama konular\u0131na yo\u011funla\u015f\u0131lacak.<\/p>\n<p>\u201cAll Energy Turkey\u201d oturumlar\u0131nda Sabanc\u0131 Holding Enerji Grup Ba\u015fkan\u0131 Selahattin Hakman, RWE T\u00fcrkiye CEO\u2019su Dr. Ralph J\u00e4ger, Deloitte Dan\u0131\u015fmanl\u0131k Tefti\u015f Kurulu Ba\u015fkan\u0131 Sibel \u00c7etinkaya gibi sekt\u00f6r\u00fcn \u00f6nde gelen isimleri; T\u00fcrkiye\u2019nin Avrupa ve Orta Do\u011fu aras\u0131ndaki k\u00f6pr\u00fc ve ticaret merkezi konumunun tart\u0131\u015f\u0131laca\u011f\u0131, EP\u0130A\u015e\u2019\u0131n kurulu\u015fu, b\u00f6lgesel enerji tedarik\u00e7ileriyle hizmet sa\u011flay\u0131c\u0131lar\u0131 aras\u0131ndaki etkile\u015fim, elektrik ve gaz sekt\u00f6rlerindeki \u00f6zelle\u015ftirme s\u00fcreci ba\u015fl\u0131klar\u0131n\u0131 de\u011ferlendirecek.<\/p>\n<p>Buna ek olarak, enerji ticaretinin operasyonel ba\u015fl\u0131klar\u0131, enerji sekt\u00f6r\u00fcndeki yasal \u00e7er\u00e7eve, risk ve portf\u00f6y y\u00f6netimi, piyasa d\u00fczenlemeleri, fiyatlar ve enerji toptan ticareti piyasas\u0131n\u0131n dizayn edilmesi de g\u00fcndeme getirilerek uzmanlarca tart\u0131\u015f\u0131lacak.<\/p>\n<p>Yay\u0131nc\u0131: <a href=\"https:\/\/www.enerjigazetesi.ist\" target=\"_blank\">Enerji Gazetesi<\/a><\/p>","protected":false},"excerpt":{"rendered":"<p>Sorry, this entry is only available in Turkish. For the sake of viewer convenience, the content is shown below in the alternative language. You may click the link to switch the active language.Avrupa\u2019n\u0131n ve B\u00f6lgenin \u00d6nemli \u0130simleri 11-12 Eyl\u00fcl\u2019de T\u00fcrkiye\u2019nin \u0130lk Enerji Ticareti Etkinli\u011fi \u201cAll Energy Turkey\u201d i\u00e7in \u0130stanbul\u2019da\u2026 Bilindi\u011fi gibi T\u00fcrkiye\u2019nin b\u00f6lgede finans ve [&hellip;]<\/p>\n","protected":false},"author":1,"featured_media":12414,"comment_status":"open","ping_status":"open","sticky":false,"template":"","format":"standard","meta":[],"categories":[46,51,53],"tags":[6357,7053,4228,63,4567,165,7052,1010],"views":619,"_links":{"self":[{"href":"https:\/\/www.enerjigazetesi.ist\/en\/wp-json\/wp\/v2\/posts\/13242"}],"collection":[{"href":"https:\/\/www.enerjigazetesi.ist\/en\/wp-json\/wp\/v2\/posts"}],"about":[{"href":"https:\/\/www.enerjigazetesi.ist\/en\/wp-json\/wp\/v2\/types\/post"}],"author":[{"embeddable":true,"href":"https:\/\/www.enerjigazetesi.ist\/en\/wp-json\/wp\/v2\/users\/1"}],"replies":[{"embeddable":true,"href":"https:\/\/www.enerjigazetesi.ist\/en\/wp-json\/wp\/v2\/comments?post=13242"}],"version-history":[{"count":4,"href":"https:\/\/www.enerjigazetesi.ist\/en\/wp-json\/wp\/v2\/posts\/13242\/revisions"}],"predecessor-version":[{"id":13248,"href":"https:\/\/www.enerjigazetesi.ist\/en\/wp-json\/wp\/v2\/posts\/13242\/revisions\/13248"}],"wp:featuredmedia":[{"embeddable":true,"href":"https:\/\/www.enerjigazetesi.ist\/en\/wp-json\/wp\/v2\/media\/12414"}],"wp:attachment":[{"href":"https:\/\/www.enerjigazetesi.ist\/en\/wp-json\/wp\/v2\/media?parent=13242"}],"wp:term":[{"taxonomy":"category","embeddable":true,"href":"https:\/\/www.enerjigazetesi.ist\/en\/wp-json\/wp\/v2\/categories?post=13242"},{"taxonomy":"post_tag","embeddable":true,"href":"https:\/\/www.enerjigazetesi.ist\/en\/wp-json\/wp\/v2\/tags?post=13242"}],"curies":[{"name":"wp","href":"https:\/\/api.w.org\/{rel}","templated":true}]}}