{"id":132363,"date":"2021-04-01T14:37:22","date_gmt":"2021-04-01T11:37:22","guid":{"rendered":"https:\/\/www.enerjigazetesi.ist\/?p=132363"},"modified":"2021-04-01T14:37:41","modified_gmt":"2021-04-01T11:37:41","slug":"tekfen-holdinge-cdp-den-odul","status":"publish","type":"post","link":"https:\/\/www.enerjigazetesi.ist\/en\/tekfen-holdinge-cdp-den-odul\/","title":{"rendered":"(Turkish) Tekfen Holding\u2019e CDP\u2019den \u00d6d\u00fcl!"},"content":{"rendered":"<p class=\"qtranxs-available-languages-message qtranxs-available-languages-message-en\">Sorry, this entry is only available in <a href=\"https:\/\/www.enerjigazetesi.ist\/tr\/wp-json\/wp\/v2\/posts\/132363\" class=\"qtranxs-available-language-link qtranxs-available-language-link-tr\" title=\"Turkish\">Turkish<\/a>. For the sake of viewer convenience, the content is shown below in the alternative language. You may click the link to switch the active language.<\/p><p><\/p>\n<h1><strong>Tekfen Holding, d\u00fcnyan\u0131n en b\u00fcy\u00fck \u00e7evre raporlama platformu olan CDP\u2019nin \u0130klim De\u011fi\u015fikli\u011fi ve Su G\u00fcvenli\u011fi programlar\u0131n\u0131n ikisinde de A derecelendirme notunu alarak 2020 y\u0131l\u0131nda T\u00fcrkiye\u2019de her iki kategoride birden \u201cCDP Global A Listesi\u201dne giren tek \u015firket olarak \u00f6d\u00fcllendirildi.<\/strong><\/h1>\n<h2><strong>Tekfen Holding Y\u00f6netim Kurulu Ba\u015fkan Vekili Murat Gigin<\/strong>,\u00a0<strong>\u201c\u0130klim de\u011fi\u015fikli\u011finin \u00e7evresel, iktisadi ve toplumsal etkilerini olduk\u00e7a yak\u0131ndan hissetti\u011fimiz bir d\u00f6nemde her iki programda da Global A Listesi\u2019nde olmam\u0131zdan ve d\u00fcnya \u00e7ap\u0131ndaki 63 \u015firket aras\u0131nda yer almam\u0131zdan dolay\u0131 hem \u00fclkem hem \u015firketim ad\u0131na gurur duyuyorum\u201d dedi.<\/strong><\/h2>\n<p>\u0130klim de\u011fi\u015fikli\u011finin etkilerini azaltmak ve do\u011fal kaynaklar\u0131 korumak amac\u0131yla binlerce \u015firketin \u00e7evre bilgilerini \u00f6l\u00e7\u00fcp a\u00e7\u0131klamas\u0131n\u0131, raporlamas\u0131n\u0131 ve payla\u015f\u0131m\u0131n\u0131 hedefleyen\u00a0<strong>CDP<\/strong>\u2019nin <strong>(Carbon Disclosure Project)<\/strong>\u00a0\u0130klim De\u011fi\u015fikli\u011fi ve Su Program\u0131 2020 <strong>T\u00fcrkiye Sonu\u00e7lar\u0131 Raporu<\/strong>\u2019nda yer alan 2020 Liderleri, <strong>31 Mart<\/strong> tarihinde d\u00fczenlenen sanal konferansta \u00f6d\u00fcllerini ald\u0131.\u00a0<strong>65 y\u0131ld\u0131r<\/strong> yaratt\u0131\u011f\u0131 de\u011fer ve <img loading=\"lazy\" class=\"alignright wp-image-132365\" src=\"https:\/\/www.enerjigazetesi.ist\/wp-content\/uploads\/2021\/04\/tekfen-holdinge-cdp-den-odul.jpg\" alt=\"\" width=\"320\" height=\"426\" srcset=\"https:\/\/www.enerjigazetesi.ist\/wp-content\/uploads\/2021\/04\/tekfen-holdinge-cdp-den-odul.jpg 550w, https:\/\/www.enerjigazetesi.ist\/wp-content\/uploads\/2021\/04\/tekfen-holdinge-cdp-den-odul-225x300.jpg 225w, https:\/\/www.enerjigazetesi.ist\/wp-content\/uploads\/2021\/04\/tekfen-holdinge-cdp-den-odul-301x400.jpg 301w, https:\/\/www.enerjigazetesi.ist\/wp-content\/uploads\/2021\/04\/tekfen-holdinge-cdp-den-odul-38x50.jpg 38w, https:\/\/www.enerjigazetesi.ist\/wp-content\/uploads\/2021\/04\/tekfen-holdinge-cdp-den-odul-500x665.jpg 500w\" sizes=\"(max-width: 320px) 100vw, 320px\" \/>istihdamla T\u00fcrk ekonomisinin \u00f6nemli yap\u0131 ta\u015flar\u0131ndan biri olan ve sadece bug\u00fcne de\u011fil yar\u0131nlara da s\u00fcrd\u00fcr\u00fclebilir bir d\u00fcnya b\u0131rakmak i\u00e7in \u00e7al\u0131\u015fmalar\u0131n\u0131 s\u00fcrd\u00fcren\u00a0<strong>Tekfen Holding<\/strong>, <strong>CDP \u0130klim De\u011fi\u015fikli\u011fi ve Su Programlar\u0131<\/strong>\u2019n\u0131n her ikisinde de <strong>\u2018A\u2019 derecelendirme notu<\/strong>nu alarak iki kategoride birden <strong>\u201cCDP Global A Listesi\u201d<\/strong>ne T\u00fcrkiye\u2019den giren tek \u015firket oldu ve bu ba\u015far\u0131ya ula\u015fan d\u00fcnyadaki <strong>63 \u015firketin<\/strong> aras\u0131nda yer ald\u0131.<\/p>\n<p>CDP T\u00fcrkiye <strong>11&#8217;inci \u0130klim De\u011fi\u015fikli\u011fi Sanal Konferans\u0131<\/strong> ve <strong>\u00d6d\u00fcl T\u00f6reni<\/strong>\u2019ne kat\u0131lan\u00a0<strong>Tekfen Holding<\/strong>\u00a0<strong>Y\u00f6netim Kurulu Ba\u015fkan Vekili Murat Gigin,<\/strong>\u00a0\u00f6d\u00fcl ald\u0131klar\u0131 i\u00e7in b\u00fcy\u00fck heyecan ve gurur duyduklar\u0131n\u0131 vurgulad\u0131. Murat Gigin,\u00a0<em>\u2018\u2019\u0130klim de\u011fi\u015fikli\u011finin bug\u00fcn \u00e7evresel, iktisadi ve toplumsal etkilerini olduk\u00e7a yak\u0131ndan hissediyoruz.\u00a0S\u0131cakl\u0131klar y\u00fckseliyor, ya\u011f\u0131\u015f d\u00f6ng\u00fcleri de\u011fi\u015fiyor, buzullar eriyor ve deniz seviyesi y\u00fckseliyor. Sel ve kurakl\u0131k gibi tehlikelere neden olan a\u015f\u0131r\u0131 hava ve iklim ile ilgili olaylar pek \u00e7ok b\u00f6lgede daha s\u0131k ve yo\u011fun bi\u00e7imde ya\u015fanmaya ba\u015flad\u0131. Tar\u0131m takvimi \u015fa\u015ft\u0131, susuzluk ve fakirlik nedeniyle uluslararas\u0131 gerilimleri art\u0131ran zorunlu g\u00f6\u00e7lerin \u00f6n\u00fc kesilemiyor, <strong>COVID-19 pandemisi<\/strong>nin ard\u0131ndan, d\u00fcnyan\u0131n m\u00fccadele edece\u011fi bir sonraki krizinin iklim de\u011fi\u015fikli\u011fi ile ilgili olaca\u011f\u0131 kesin.\u00a0Felaket senaryolar\u0131n\u0131n arkas\u0131n\u0131n kesilmedi\u011fi bir d\u00f6nemde, Tekfen Holding olarak, bu y\u0131l hem \u0130klim De\u011fi\u015fikli\u011fi Program\u0131\u2019nda hem de Su Program\u0131\u2019nda Global A Listesinde yer alan, d\u00fcnya \u00e7ap\u0131ndaki 63 firma aras\u0131nda yer almam\u0131zdan dolay\u0131 hem \u00fclkem hem \u015firketim ad\u0131na b\u00fcy\u00fck bir gurur ya\u015f\u0131yor,\u00a0<\/em>\u2018<em>E\u011fer istersek, yapabiliriz\u2019 duygu ve d\u00fc\u015f\u00fcncesiyle, \u00e7aresiz olmad\u0131\u011f\u0131m\u0131za dair inanc\u0131m\u0131 tazelemek istiyorum.\u00a0Ge\u00e7ti\u011fimiz ocak ay\u0131nda T\u00dcB\u0130TAK ile imzalad\u0131\u011f\u0131m\u0131z i\u015f birli\u011fi \u00e7er\u00e7eve s\u00f6zle\u015fmesi kapsam\u0131nda g\u0131da g\u00fcvenli\u011fi, s\u00fcrd\u00fcr\u00fclebilir \u00e7evre, alternatif enerji teknolojileri, gelece\u011fin \u015fehirleri gibi konu ba\u015fl\u0131klar\u0131 alt\u0131nda \u00e7al\u0131\u015faca\u011f\u0131z. Bu i\u015f birli\u011fiyle, iklim de\u011fi\u015fikli\u011fi ve su g\u00fcvenli\u011fine de \u00f6nemli katk\u0131lar sa\u011flayaca\u011f\u0131m\u0131z\u0131 d\u00fc\u015f\u00fcn\u00fcyorum\u201d\u00a0<\/em>diye konu\u015ftu.<\/p>\n<h2><strong>T\u00fcrkiye\u2019den tek \u015firket oldu<\/strong><\/h2>\n<p>Tekfen Holding, d\u00fcnyan\u0131n en g\u00fc\u00e7l\u00fc <strong>ye\u015fil Sivil Toplum Kurulu\u015fu<\/strong> olarak tan\u0131nan CDP (Carbon Disclosure Project) <strong>\u0130klim De\u011fi\u015fikli\u011fi ve Su Programlar\u0131<\/strong>na, ger\u00e7ekle\u015ftirdi\u011fi s\u00fcrd\u00fcr\u00fclebilirlik faaliyetleri kapsam\u0131nda raporlama yapt\u0131. D\u00fcnya \u00e7ap\u0131nda <strong>10 bine yak\u0131n<\/strong> \u015firketin raporlama yapt\u0131\u011f\u0131 s\u00fcre\u00e7ten Tekfen Holding, 2020 y\u0131l\u0131nda<em> her 2 program kapsam\u0131nda<\/em> <strong>\u201cA\u201d derecelendirme notu<\/strong>nu alan T\u00fcrkiye\u2019deki tek \u015firket olurken, d\u00fcnyadaki <strong>63 \u015firketten<\/strong> de biri oldu. \u0130lk kez 10 sene evvel, 2010 y\u0131l\u0131nda \u0130klim De\u011fi\u015fikli\u011fi ile ilgili verilerini izlemeye, \u00f6l\u00e7meye ve analiz etmeye ba\u015flayan Tekfen Holding, 2017 y\u0131l\u0131ndan bu yana <strong>CDP \u0130klim De\u011fi\u015fikli\u011fi Program\u0131<\/strong>\u2019na, 2018 y\u0131l\u0131ndan bu yana da <strong>CDP Su G\u00fcvenli\u011fi Program\u0131<\/strong>\u2019na \u015feffafl\u0131kla resmi raporlama yap\u0131yor.<\/p>","protected":false},"excerpt":{"rendered":"<p>Sorry, this entry is only available in Turkish. For the sake of viewer convenience, the content is shown below in the alternative language. You may click the link to switch the active language. Tekfen Holding, d\u00fcnyan\u0131n en b\u00fcy\u00fck \u00e7evre raporlama platformu olan CDP\u2019nin \u0130klim De\u011fi\u015fikli\u011fi ve Su G\u00fcvenli\u011fi programlar\u0131n\u0131n ikisinde de A derecelendirme notunu alarak [&hellip;]<\/p>\n","protected":false},"author":1,"featured_media":132366,"comment_status":"open","ping_status":"open","sticky":false,"template":"","format":"standard","meta":[],"categories":[51,53,52],"tags":[66779,66788,66789,23311,88705,66780,57125,83260,66786],"views":144,"_links":{"self":[{"href":"https:\/\/www.enerjigazetesi.ist\/en\/wp-json\/wp\/v2\/posts\/132363"}],"collection":[{"href":"https:\/\/www.enerjigazetesi.ist\/en\/wp-json\/wp\/v2\/posts"}],"about":[{"href":"https:\/\/www.enerjigazetesi.ist\/en\/wp-json\/wp\/v2\/types\/post"}],"author":[{"embeddable":true,"href":"https:\/\/www.enerjigazetesi.ist\/en\/wp-json\/wp\/v2\/users\/1"}],"replies":[{"embeddable":true,"href":"https:\/\/www.enerjigazetesi.ist\/en\/wp-json\/wp\/v2\/comments?post=132363"}],"version-history":[{"count":0,"href":"https:\/\/www.enerjigazetesi.ist\/en\/wp-json\/wp\/v2\/posts\/132363\/revisions"}],"wp:featuredmedia":[{"embeddable":true,"href":"https:\/\/www.enerjigazetesi.ist\/en\/wp-json\/wp\/v2\/media\/132366"}],"wp:attachment":[{"href":"https:\/\/www.enerjigazetesi.ist\/en\/wp-json\/wp\/v2\/media?parent=132363"}],"wp:term":[{"taxonomy":"category","embeddable":true,"href":"https:\/\/www.enerjigazetesi.ist\/en\/wp-json\/wp\/v2\/categories?post=132363"},{"taxonomy":"post_tag","embeddable":true,"href":"https:\/\/www.enerjigazetesi.ist\/en\/wp-json\/wp\/v2\/tags?post=132363"}],"curies":[{"name":"wp","href":"https:\/\/api.w.org\/{rel}","templated":true}]}}