{"id":132335,"date":"2021-04-01T12:00:19","date_gmt":"2021-04-01T09:00:19","guid":{"rendered":"https:\/\/www.enerjigazetesi.ist\/?p=132335"},"modified":"2021-04-01T13:16:27","modified_gmt":"2021-04-01T10:16:27","slug":"dunya-nin-en-buyuk-cevre-raporlama-platformu-cdp-iklim-degisikligi-su-programi-2020-turkiye-sonuclari-ve-lider-sirketleri-aciklandi","status":"publish","type":"post","link":"https:\/\/www.enerjigazetesi.ist\/en\/dunya-nin-en-buyuk-cevre-raporlama-platformu-cdp-iklim-degisikligi-su-programi-2020-turkiye-sonuclari-ve-lider-sirketleri-aciklandi\/","title":{"rendered":"(Turkish) &#8217;CDP&#8217; \u0130klim De\u011fi\u015fikli\u011fi Su Program\u0131 2020 T\u00fcrkiye Sonu\u00e7lar\u0131 ve Lider \u015eirketleri"},"content":{"rendered":"<p class=\"qtranxs-available-languages-message qtranxs-available-languages-message-en\">Sorry, this entry is only available in <a href=\"https:\/\/www.enerjigazetesi.ist\/tr\/wp-json\/wp\/v2\/posts\/132335\" class=\"qtranxs-available-language-link qtranxs-available-language-link-tr\" title=\"Turkish\">Turkish<\/a>. For the sake of viewer convenience, the content is shown below in the alternative language. You may click the link to switch the active language.<\/p><p><\/p>\n<h1 style=\"text-align: left;\" align=\"center\"><b>Sabanc\u0131 \u00dcniversitesi Kurumsal Y\u00f6netim Forumu\u2019nun 2010 y\u0131l\u0131ndan bu yana T\u00fcrkiye \u00e7al\u0131\u015fmalar\u0131n\u0131 \u00fcstlendi\u011fi CDP\u2019nin 2020 y\u0131l\u0131 T\u00fcrkiye sonu\u00e7lar\u0131 ve lider \u015firketler, 31 Mart\u2019ta d\u00fczenlenen \u201cCDP T\u00fcrkiye 11&#8217;inci \u0130klim De\u011fi\u015fikli\u011fi Sanal Konferans\u0131 ve \u00d6d\u00fcl T\u00f6reni\u201d ile kamuoyuna duyuruldu. Konferans\u0131n bu seneki oda\u011f\u0131 \u201cNet s\u0131f\u0131r emisyona do\u011fru piyasalar\u0131n ve kamu politikalar\u0131n\u0131n aray\u00fczeyi\u201d oldu.<\/b><\/h1>\n<h2 style=\"text-align: left;\" align=\"center\"><b>Garanti BBVA, CDP Global \u0130klim De\u011fi\u015fikli\u011fi A listesine girerken; Tekfen Holding, hem CDP Global \u0130klim De\u011fi\u015fikli\u011fi ve hem de CDP Global Su A listesinde yer alarak d\u00fcnyadaki 63 \u015firketten biri olmay\u0131 ba\u015fard\u0131.<\/b><\/h2>\n<p>T\u00fcrkiye \u00e7al\u0131\u015fmalar\u0131n\u0131\u00a0<strong>Sabanc\u0131 \u00dcniversitesi Kurumsal Y\u00f6netim Forumu<\/strong>\u2019nun \u00fcstlendi\u011fi d\u00fcnyan\u0131n en b\u00fcy\u00fck \u00e7evre raporlama platformu\u00a0<strong>CDP, 31 Mart \u00c7ar\u015famba\u00a0<\/strong>g\u00fcn\u00fc\u00a0<strong>CDP T\u00fcrkiye 11. \u0130klim De\u011fi\u015fikli\u011fi Sanal Konferans\u0131 ve \u00d6d\u00fcl T\u00f6reni<\/strong>\u2019ni ger\u00e7ekle\u015ftirdi.\u00a0<strong>Garanti BBVA<\/strong>\u2019n\u0131n ana sponsoru ve\u00a0<strong>Deloitte T\u00fcrkiye<\/strong>\u2019nin rapor sponsoru oldu\u011fu CDP T\u00fcrkiye\u2019nin y\u0131l boyunca y\u00fcr\u00fctt\u00fc\u011f\u00fc \u00e7al\u0131\u015fmalar\u0131n <img loading=\"lazy\" class=\"alignright wp-image-132346\" src=\"https:\/\/www.enerjigazetesi.ist\/wp-content\/uploads\/2021\/04\/dunya-nin-en-buyuk-cevre-raporlama-platformu-cdp-iklim-degisikligi-su-programi-2020-turkiye-sonuclari-ve-lider-sirketleri-aciklandi.jpg\" alt=\"\" width=\"320\" height=\"258\" srcset=\"https:\/\/www.enerjigazetesi.ist\/wp-content\/uploads\/2021\/04\/dunya-nin-en-buyuk-cevre-raporlama-platformu-cdp-iklim-degisikligi-su-programi-2020-turkiye-sonuclari-ve-lider-sirketleri-aciklandi.jpg 550w, https:\/\/www.enerjigazetesi.ist\/wp-content\/uploads\/2021\/04\/dunya-nin-en-buyuk-cevre-raporlama-platformu-cdp-iklim-degisikligi-su-programi-2020-turkiye-sonuclari-ve-lider-sirketleri-aciklandi-300x242.jpg 300w, https:\/\/www.enerjigazetesi.ist\/wp-content\/uploads\/2021\/04\/dunya-nin-en-buyuk-cevre-raporlama-platformu-cdp-iklim-degisikligi-su-programi-2020-turkiye-sonuclari-ve-lider-sirketleri-aciklandi-495x400.jpg 495w, https:\/\/www.enerjigazetesi.ist\/wp-content\/uploads\/2021\/04\/dunya-nin-en-buyuk-cevre-raporlama-platformu-cdp-iklim-degisikligi-su-programi-2020-turkiye-sonuclari-ve-lider-sirketleri-aciklandi-62x50.jpg 62w, https:\/\/www.enerjigazetesi.ist\/wp-content\/uploads\/2021\/04\/dunya-nin-en-buyuk-cevre-raporlama-platformu-cdp-iklim-degisikligi-su-programi-2020-turkiye-sonuclari-ve-lider-sirketleri-aciklandi-500x404.jpg 500w\" sizes=\"(max-width: 320px) 100vw, 320px\" \/>payla\u015f\u0131ld\u0131\u011f\u0131 konferansta,\u00a0<strong>CDP \u0130klim De\u011fi\u015fikli\u011fi &amp; Su Program\u0131 2020 T\u00fcrkiye Sonu\u00e7lar\u0131\u00a0<\/strong>ve<strong>\u00a0CDP T\u00fcrkiye Liderleri\u00a0<\/strong>a\u00e7\u0131kland\u0131.<\/p>\n<p>Konferans\u0131n a\u00e7\u0131l\u0131\u015f konu\u015fmas\u0131n\u0131 yapan\u00a0<strong>Sabanc\u0131 \u00dcniversitesi Kurumsal Y\u00f6netim Forumu Direkt\u00f6r\u00fc ve Ba\u015f Ara\u015ft\u0131rmac\u0131s\u0131 Melsa Ararat,<\/strong>\u00a0<em>\u201cGe\u00e7en sene bu zamanlarda d\u00fcnyay\u0131 saran salg\u0131n\u0131n, dikkatleri k\u00fcresel \u0131s\u0131nmadan uzakla\u015ft\u0131rma olas\u0131l\u0131\u011f\u0131na dikkat \u00e7ekmi\u015ftik. Ama bekledi\u011fimizin tersine pandemi ve pandemiyle m\u00fccadele s\u00fcreci, k\u00fcresel sistemik risklere \u2018ulusal \u00e7\u0131karlar\u2019 penceresinden bakman\u0131n insanl\u0131\u011f\u0131 felakete g\u00f6t\u00fcrebilece\u011fini g\u00f6sterdi ve uluslararas\u0131 i\u015fbirliklerinin bu risklerle m\u00fccadeledeki \u00f6nemini kan\u0131tlad\u0131. Bir yandan k\u00fcresel \u0131s\u0131nma ve \u00e7evresel bozulman\u0131n salg\u0131na sebep olan ko\u015fullar\u0131 yaratt\u0131\u011f\u0131 genel kabul g\u00f6r\u00fcrken, di\u011fer yandan Avrupa Birli\u011fi ve ABD\u2019nin iklim de\u011fi\u015fikli\u011fi politikalar\u0131n\u0131n yak\u0131nsamas\u0131, salg\u0131n sonras\u0131 d\u00fczelmenin ekonominin karbonsuzla\u015ft\u0131r\u0131lmas\u0131ndan ge\u00e7ti\u011fi konusunda g\u00f6r\u00fc\u015f birli\u011fini peki\u015ftirdi. T\u00fcrkiye\u2019de de bu k\u00fcresel duyarl\u0131l\u0131klar kar\u015f\u0131l\u0131\u011f\u0131n\u0131 buldu. Rekor say\u0131da \u015firket iklim de\u011fi\u015fikli\u011fi ve su k\u0131tl\u0131\u011f\u0131 risklerini CDP platformu arac\u0131l\u0131\u011f\u0131yla yat\u0131r\u0131mc\u0131lara ve payda\u015flar\u0131na a\u00e7\u0131klad\u0131. Bundan sonras\u0131 i\u00e7in, gecikerek de olsa,<strong> Paris Anla\u015fmas\u0131<\/strong> ve <strong>Yeni Ye\u015fil Mutabakat\u0131n<\/strong>, T\u00fcrkiye dahil t\u00fcm \u00fclkelerin ve \u015firketlerin rekabet stratejilerini, yeni duyarl\u0131l\u0131klara uyarlama ve bilime dayal\u0131 hedefler belirleme konusunda yol g\u00f6sterici olmas\u0131n\u0131 umuyorum\u201d<\/em> dedi.<\/p>\n<p>Etkinli\u011fin ana konu\u015fmac\u0131s\u0131 olan\u00a0<strong>Birle\u015fmi\u015f Milletler \u00c7evre Program\u0131 Finans Giri\u015fimi (UNEP FI) Ba\u015fkan\u0131 Eric Usher<\/strong>\u00a0ise yapt\u0131\u011f\u0131 a\u00e7\u0131klamada <em>&#8220;\u0130leriye bakmak art\u0131k \u015firketler i\u00e7in birincil \u00f6ncelik olmal\u0131, \u00e7\u00fcnk\u00fc bundan sonra yaln\u0131zca sizi bekleyen risk t\u00fcrlerini anlaman\u0131z de\u011fil; ayn\u0131 zamanda faaliyet g\u00f6sterdi\u011finiz sekt\u00f6rlerdeki ve tedarik zincirlerindeki risklerinizi \u00f6nceden tahmin etmeniz bekleniyor. Risklerin nerede yatt\u0131\u011f\u0131n\u0131 daha iyi anlamal\u0131 ve sekt\u00f6rlerin nas\u0131l de\u011fi\u015fece\u011fini anlamak i\u00e7in ileriye d\u00f6n\u00fck risk modellemeleri ve senaryo analizleri yapmal\u0131y\u0131z. G\u00fcn\u00fcm\u00fczde de\u011fi\u015fmeyen tek \u015fey de\u011fi\u015fimin kendisi<\/em>&#8221; dedi.<\/p>\n<p><strong>CDP \u0130klim De\u011fi\u015fikli\u011fi &amp; Su Program\u0131 2020<\/strong> T\u00fcrkiye Sonu\u00e7lar\u0131 Raporu\u2019nun sonu\u00e7lar\u0131n\u0131 payla\u015fan Sabanc\u0131 \u00dcniversitesi Kurumsal Y\u00f6netim Forumu &#8211;<strong>\u00a0CDP T\u00fcrkiye Projeler Y\u00f6neticisi\u00a0Mirhan K\u00f6ro\u011flu G\u00f6\u011f\u00fc\u015f\u00a0<\/strong>ise<strong>\u00a0<\/strong>T\u00fcrkiye&#8217;deki t\u00fcm \u015firketlerin <strong>iklim de\u011fi\u015fikli\u011fini<\/strong> i\u015f stratejilerine entegre ettiklerini ifade etseler de,\u00a0<strong>iklim de\u011fi\u015fikli\u011fi senaryo analizi<\/strong>\u00a0yapan \u015firketlerin oran\u0131n\u0131n \u00a0<strong>%72<\/strong>\u2019de kald\u0131\u011f\u0131n\u0131 belirtti. <em>\u201c2020 sonu\u00e7lar\u0131na g\u00f6re <strong>emisyon azalt\u0131m hedefleri<\/strong> belirlemek T\u00fcrkiye\u2019deki \u015firketler i\u00e7in standart bir i\u015f uygulamas\u0131 haline d\u00f6n\u00fc\u015fm\u00fc\u015f durumda; fakat <strong>Paris Anla\u015fmas\u0131<\/strong>&#8216;n\u0131n temelini olu\u015fturan bilime dayal\u0131 aksiyonlar\u0131n hayata ge\u00e7irilmesi i\u00e7in \u015firketlerin daha fazla \u00e7aba g\u00f6stermesi gerekiyor\u201d diyen G\u00f6\u011f\u00fc\u015f, \u015firketlerin suyla ilgili <strong>risk de\u011ferlendirmeleri<\/strong> konusunda ise \u015fu a\u00e7\u0131klamada bulundu: \u201c2020 raporlamas\u0131na g\u00f6re <strong>su risklerine maruz kalan<\/strong> \u015firketlerin, do\u011frudan operasyonlar\u0131 ve tedarik zincirleri dahil olmak \u00fczere t\u00fcm \u015firket ve operasyonlar\u0131n\u0131 kapsayan <strong>risk de\u011ferlendirmeleri yapmalar\u0131<\/strong> gerekli. Ancak T\u00fcrkiye\u2019de \u015firketlerin yaln\u0131zca <strong>%35<\/strong>&#8216;i bu y\u00fcksek standarda ula\u015fm\u0131\u015f durumda. D\u00fcnyadaki <strong>su krizinin boyutlar\u0131<\/strong> her ge\u00e7en g\u00fcn art\u0131yor. T\u00fcrkiye\u2019de 2020 y\u0131l\u0131nda raporlanan\u00a0risk alt\u0131ndaki i\u015flerin toplam de\u011feri\u00a0<strong>733 milyon dolar<\/strong> olarak raporland\u0131. Ancak, yan\u0131t veren \u015firketlerin <strong>%44<\/strong>&#8216;\u00fc kar\u015f\u0131la\u015ft\u0131klar\u0131 risklerin finansal de\u011ferini hen\u00fcz hesaplayamad\u0131\u011f\u0131 i\u00e7in bu rakam eksik bir tahmin olabilir.\u201d<\/em><\/p>\n<p>Konferansta\u00a0<strong>CDP Bilime Dayal\u0131 Hedefler Direkt\u00f6r\u00fc Alberto Carillo Pineda<\/strong>,\u00a0<strong>TEPAV Global \u0130cra Direkt\u00f6r\u00fc G\u00fcven Sak, SU CGFT Direkt\u00f6r\u00fc ve Ba\u015f Ara\u015ft\u0131rmac\u0131s\u0131 Melsa Ararat<\/strong>\u2019\u0131n kat\u0131l\u0131m\u0131yla \u201c<em><b>Net S\u0131f\u0131r Emisyona Ula\u015fmada Piyasalar\u0131n ve Kamu Politikalar\u0131n\u0131n Rol\u00fc<\/b><\/em>\u201d konulu bir panel ger\u00e7ekle\u015ftirildi.<\/p>\n<h2><strong>CDP D\u00dcNYADA 20. YILINI KUTLUYOR<\/strong><\/h2>\n<p>T\u00f6rende konu\u015fan\u00a0<strong>CDP Kurucu ve YK \u00dcyesi Paul Dickinson<\/strong>, CDP\u2019nin d\u00fcnyada 20. y\u0131l\u0131n\u0131 kutlad\u0131\u011f\u0131n\u0131 belirterek \u201cArt\u0131k herkes ye\u015fil bir iyile\u015fmenin \u015fart oldu\u011fu konusunda hemfikir ve <strong>CDP raporlamas\u0131<\/strong> da bu <strong>ye\u015fil iyile\u015fmenin temelini<\/strong> olu\u015fturuyor. \u00d6n\u00fcm\u00fczdeki <strong>20 y\u0131l i\u00e7inde<\/strong> daha fazla \u015firketin <strong>CDP raporlamas\u0131<\/strong> yapaca\u011f\u0131n\u0131 ve b\u00f6ylece <strong>\u00e7evresel risklerin y\u0131k\u0131c\u0131 etkilerinden ka\u00e7\u0131nmak<\/strong> i\u00e7in gerekli aksiyonlar\u0131 alaca\u011f\u0131n\u0131 umuyorum. <strong>Global A Listesi<\/strong>\u2019ne giren \u015firketler ba\u015fta olmak \u00fczere bu sene CDP\u2019ye yan\u0131t veren t\u00fcm \u015firketlere i\u00e7ten te\u015fekk\u00fcrlerimi sunar\u0131m&#8221; dedi.<\/p>\n<h2><strong>GARANT\u0130 BBVA VE TEKFEN HOLD\u0130NG CDP GLOBAL A L\u0130STES\u0130NDE<\/strong><\/h2>\n<p>D\u00fcnya&#8217;n\u0131n en g\u00fcvenilir<strong> derecelendirme metodolojilerinden<\/strong> biri olan\u00a0<strong>CDP metodolojisine g\u00f6re<\/strong>\u00a0<em>A ve B notunu<\/em> alan \u015firketler, <strong>iklim de\u011fi\u015fikli\u011fi<\/strong> ile ilgili konular\u0131n y\u00f6netimi ve bu konuda liderlik g\u00f6sterme seviyesine ula\u015fm\u0131\u015f, raporlama yaparak \u015feffafl\u0131\u011f\u0131 sa\u011flaman\u0131n yan\u0131 s\u0131ra<strong> \u00e7evresel performans\u0131n\u0131<\/strong> da art\u0131rmay\u0131 ba\u015farm\u0131\u015f \u015firketlerdir.\u00a0T\u00fcrkiye&#8217;de<strong> A<\/strong> ve <strong>B band\u0131nda<\/strong> derecelendirme notu alan \u015firket say\u0131s\u0131 art\u0131\u015f g\u00f6stererek iklim de\u011fi\u015fikli\u011fi kategorisinde toplamda <strong>36<\/strong>&#8216;ya, su g\u00fcvenli\u011fi kategorisinde ise<strong> 29<\/strong>\u2019a ula\u015ft\u0131.<\/p>\n<p>T\u00fcrkiye&#8217;de\u00a0<strong>Garanti BBVA<\/strong>, <em>CDP Global \u0130klim de\u011fi\u015fikli\u011fi A listesine<\/em> girdi.\u00a0<strong>Tekfen Holding<\/strong>\u00a0ise hem CDP Global \u0130klim De\u011fi\u015fikli\u011fi hem de <strong>CDP Global Su A listesi<\/strong>ne girerek d\u00fcnyadaki <strong>63<\/strong> \u015firketten biri olmay\u0131 ba\u015fard\u0131.<\/p>\n<p>Konuyla ilgili a\u00e7\u0131klamada bulunan<strong>\u00a0Garanti BBVA Genel M\u00fcd\u00fcr Yard\u0131mc\u0131s\u0131<\/strong>\u00a0<strong>Ebru Dildar Edin<\/strong>\u00a0<em>\u201cGaranti BBVA olarak, pandeminin etkisinde ge\u00e7irdi\u011fimiz son bir y\u0131lda iklim de\u011fi\u015fikli\u011fi, s\u00fcrd\u00fcr\u00fclebilir kalk\u0131nma ve finans alan\u0131nda fark yaratan \u00e7al\u0131\u015fmalara imza atmay\u0131 s\u00fcrd\u00fcrd\u00fck. Ge\u00e7ti\u011fimiz y\u0131l\u0131n zorlu ko\u015fullar\u0131na ra\u011fmen bir kez daha T\u00fcrkiye\u2019den <strong>Global A Listesi<\/strong>\u2019ne giren tek banka oldu\u011fumuz i\u00e7in mutlu ve gururluyuz. <strong>CDP T\u00fcrkiye<\/strong>\u2019nin ana sponsoru olarak, \u00fclkemizde d\u00fc\u015f\u00fck karbona ge\u00e7i\u015f s\u00fcrecinin h\u0131zlanmas\u0131 ve bu d\u00f6n\u00fc\u015f\u00fcm\u00fcn adil bir \u015fekilde ger\u00e7ekle\u015fmesi i\u00e7in \u00e7al\u0131\u015fmaya devam edece\u011fiz. <strong>\u0130klim de\u011fi\u015fikli\u011fiyle m\u00fccadele<\/strong> i\u00e7in, \u00f6n\u00fcm\u00fczdeki <strong>10 y\u0131l\u0131n<\/strong> azim, kararl\u0131l\u0131k ve aksiyon dolu bir on y\u0131l olmas\u0131n\u0131 diliyorum\u201d<\/em>\u00a0dedi.<\/p>\n<p><strong>Tefken Holding Y\u00f6netim Kurulu Ba\u015fkan\u0131<\/strong>\u00a0<strong>Murat Gigin\u00a0<\/strong>ise <em>\u201cFelaket senaryolar\u0131n\u0131n arkas\u0131 kesilmedi\u011fi bir d\u00f6nemde, Tekfen Holding olarak bu y\u0131l hem <strong>\u0130klim De\u011fi\u015fikli\u011fi Program\u0131<\/strong>\u2019nda hem de Su Program\u0131\u2019nda Global A Listesi\u2019nde yer alan d\u00fcnya \u00e7ap\u0131ndaki <strong>65 \u015firket<\/strong> aras\u0131nda yer almam\u0131zdan dolay\u0131 \u00fclkem ve \u015firketim ad\u0131na b\u00fcy\u00fck bir heyecan ve gurur duyuyor ve \u2018E\u011fer istersek, yapabiliriz\u2019 duygu ve d\u00fc\u015f\u00fcncesiyle, \u00e7aresiz olmad\u0131\u011f\u0131m\u0131za dair inanc\u0131m\u0131 tazelemek istiyorum\u201d<\/em> dedi.<\/p>\n<p><strong>\u0130klim De\u011fi\u015fikli\u011fi<\/strong> ve <strong>Su kategorisi<\/strong>nde <strong>&#8216;A-&#8216; puan\u0131<\/strong> alan T\u00fcrkiye\u2019den toplam 13 \u015firket <strong>CDP T\u00fcrkiye liderleri<\/strong> kategorisinde yer almay\u0131 ba\u015fard\u0131. 2019 y\u0131l\u0131nda sadece<strong> 6 \u015firket<\/strong> bu kategoride yer alabilmi\u015fti. CDP, \u2018<strong>Tedarik\u00e7i \u0130li\u015fkileri Derecelendirmesi<\/strong>\u2019<strong> (SER)<\/strong> kapsam\u0131nda, \u015firketlerin tedarik\u00e7ilerini iklim de\u011fi\u015fikli\u011fiyle m\u00fccadele s\u00fcrecine ne kadar dahil etti\u011fini \u00f6l\u00e7\u00fcyor. T\u00fcrkiye&#8217;de A notunu alarak <strong>SER kategorisinde<\/strong> lider olmay\u0131 ba\u015faran <strong>3 \u015firket<\/strong> bulunurken, <strong>11 \u015firket<\/strong> de bu kategoride<strong> &#8216;A&#8217;- notunu<\/strong> almay\u0131 ba\u015fard\u0131.<\/p>\n<p>Etkinlik kapsam\u0131nda<strong>\u00a0<\/strong>\u00f6d\u00fcl alan<strong>\u00a0<\/strong>\u015firketler a\u00e7\u0131kland\u0131. Bu kapsamda\u00a0<strong>Ar\u00e7elik,\u00a0Brisa, Kordsa\u00a0<\/strong>\u0130klim De\u011fi\u015fikli\u011fi ve Su Lideri\u00a0olurken; \u0130klim De\u011fi\u015fikli\u011fi kategorisinde\u00a0<strong>Albaraka T\u00fcrk, Aselsan, Pegasus, T. \u0130\u015f Bankas\u0131, T. Kalk\u0131nma ve Yat\u0131r\u0131m Bankas\u0131<\/strong>; Su<strong>\u00a0<\/strong>G\u00fcvenli\u011fi<strong>\u00a0<\/strong>kategorisinde<strong>\u00a0Aksa Akrilik, Eti Soda, Migros, P\u0131nar S\u00fct, Yap\u0131 Kredi Bankas\u0131<\/strong>\u00a0\u00f6d\u00fcle lay\u0131k g\u00f6r\u00fcld\u00fc.\u00a0Tedarik\u00e7i \u0130li\u015fkileri Derecelendirmesi<strong>\u00a0<\/strong>kategorisinde ise\u00a0<strong>Ar\u00e7elik,<\/strong>\u00a0<strong>Brisa ve Garanti BBVA\u00a0<\/strong>\u00f6d\u00fcle lay\u0131k g\u00f6r\u00fcld\u00fcler.<\/p>\n<p><strong>CDP T\u00fcrkiye<\/strong> liderlerine sekt\u00f6rleri ve <strong>liderlik kategorileri<\/strong> \u0131\u015f\u0131\u011f\u0131nda <strong>birer soru<\/strong> y\u00f6neltildi ve \u00f6d\u00fcl t\u00f6reni esnas\u0131nda yay\u0131nlanan \u201c<strong>Bir Soru Bir Cevap<\/strong>\u201d b\u00f6l\u00fcm\u00fcnde liderlerin bu sorulara verdikleri yan\u0131tlar payla\u015f\u0131ld\u0131.<\/p>\n<p><strong>CDP 2020 T\u00fcrkiye<\/strong> Raporuna Ula\u015fmak \u0130\u00e7in:\u00a0<a href=\"https:\/\/cdpturkey.sabanciuniv.edu\/tr\/content\/cdp-turkey-2020-raporu\" target=\"_blank\" rel=\"nofollow noopener\">https:\/\/cdpturkey.sabanciuniv.edu\/tr\/content\/cdp-turkey-2020-raporu<\/a>\u00a0adresini ziyaret edebilirsiniz.<\/p>\n<p>Etkinli\u011fin kayd\u0131\u00a0<a href=\"https:\/\/cdpturkey.sabanciuniv.edu\/\" target=\"_blank\" rel=\"nofollow noopener\">https:\/\/cdpturkey.sabanciuniv.edu\/<\/a>\u00a0linkini ziyaret edebilirsiniz.<\/p>","protected":false},"excerpt":{"rendered":"<p>Sorry, this entry is only available in Turkish. For the sake of viewer convenience, the content is shown below in the alternative language. You may click the link to switch the active language. Sabanc\u0131 \u00dcniversitesi Kurumsal Y\u00f6netim Forumu\u2019nun 2010 y\u0131l\u0131ndan bu yana T\u00fcrkiye \u00e7al\u0131\u015fmalar\u0131n\u0131 \u00fcstlendi\u011fi CDP\u2019nin 2020 y\u0131l\u0131 T\u00fcrkiye sonu\u00e7lar\u0131 ve lider \u015firketler, 31 Mart\u2019ta [&hellip;]<\/p>\n","protected":false},"author":17,"featured_media":132346,"comment_status":"open","ping_status":"open","sticky":false,"template":"","format":"standard","meta":[],"categories":[51,53,52],"tags":[88702,44484,88670,88668,88703,62741,52480,32109,88701,88704,70558,27427,53334,1075,85575,57125,85540],"views":250,"_links":{"self":[{"href":"https:\/\/www.enerjigazetesi.ist\/en\/wp-json\/wp\/v2\/posts\/132335"}],"collection":[{"href":"https:\/\/www.enerjigazetesi.ist\/en\/wp-json\/wp\/v2\/posts"}],"about":[{"href":"https:\/\/www.enerjigazetesi.ist\/en\/wp-json\/wp\/v2\/types\/post"}],"author":[{"embeddable":true,"href":"https:\/\/www.enerjigazetesi.ist\/en\/wp-json\/wp\/v2\/users\/17"}],"replies":[{"embeddable":true,"href":"https:\/\/www.enerjigazetesi.ist\/en\/wp-json\/wp\/v2\/comments?post=132335"}],"version-history":[{"count":0,"href":"https:\/\/www.enerjigazetesi.ist\/en\/wp-json\/wp\/v2\/posts\/132335\/revisions"}],"wp:featuredmedia":[{"embeddable":true,"href":"https:\/\/www.enerjigazetesi.ist\/en\/wp-json\/wp\/v2\/media\/132346"}],"wp:attachment":[{"href":"https:\/\/www.enerjigazetesi.ist\/en\/wp-json\/wp\/v2\/media?parent=132335"}],"wp:term":[{"taxonomy":"category","embeddable":true,"href":"https:\/\/www.enerjigazetesi.ist\/en\/wp-json\/wp\/v2\/categories?post=132335"},{"taxonomy":"post_tag","embeddable":true,"href":"https:\/\/www.enerjigazetesi.ist\/en\/wp-json\/wp\/v2\/tags?post=132335"}],"curies":[{"name":"wp","href":"https:\/\/api.w.org\/{rel}","templated":true}]}}