{"id":132311,"date":"2021-03-31T14:42:44","date_gmt":"2021-03-31T11:42:44","guid":{"rendered":"https:\/\/www.enerjigazetesi.ist\/?p=132311"},"modified":"2021-03-31T14:42:44","modified_gmt":"2021-03-31T11:42:44","slug":"sisecam-da-gorev-degisimi-gerceklesti","status":"publish","type":"post","link":"https:\/\/www.enerjigazetesi.ist\/en\/sisecam-da-gorev-degisimi-gerceklesti\/","title":{"rendered":"(Turkish) \u015ei\u015fecam&#8217;da G\u00f6rev De\u011fi\u015fimi Ger\u00e7ekle\u015fti"},"content":{"rendered":"<p class=\"qtranxs-available-languages-message qtranxs-available-languages-message-en\">Sorry, this entry is only available in <a href=\"https:\/\/www.enerjigazetesi.ist\/tr\/wp-json\/wp\/v2\/posts\/132311\" class=\"qtranxs-available-language-link qtranxs-available-language-link-tr\" title=\"Turkish\">Turkish<\/a>. For the sake of viewer convenience, the content is shown below in the alternative language. You may click the link to switch the active language.<\/p><p><\/p>\n<h1>\u015ei\u015fecam taraf\u0131ndan 30 Mart 2021 tarihinde 2020 y\u0131l\u0131 Ola\u011fan Genel Kurul toplant\u0131s\u0131 <img loading=\"lazy\" class=\"alignright wp-image-132313\" src=\"https:\/\/www.enerjigazetesi.ist\/wp-content\/uploads\/2021\/03\/sisecam-da-gorev-degisimi-gerceklesti.jpg\" alt=\"\" width=\"320\" height=\"167\" srcset=\"https:\/\/www.enerjigazetesi.ist\/wp-content\/uploads\/2021\/03\/sisecam-da-gorev-degisimi-gerceklesti.jpg 600w, https:\/\/www.enerjigazetesi.ist\/wp-content\/uploads\/2021\/03\/sisecam-da-gorev-degisimi-gerceklesti-300x157.jpg 300w, https:\/\/www.enerjigazetesi.ist\/wp-content\/uploads\/2021\/03\/sisecam-da-gorev-degisimi-gerceklesti-500x262.jpg 500w, https:\/\/www.enerjigazetesi.ist\/wp-content\/uploads\/2021\/03\/sisecam-da-gorev-degisimi-gerceklesti-80x42.jpg 80w\" sizes=\"(max-width: 320px) 100vw, 320px\" \/>yap\u0131ld\u0131.<\/h1>\n<p><strong>Y\u00f6netim Kurulu Ba\u015fkan\u0131<\/strong> olarak g\u00f6revlendirilen Y\u00f6netim Kurulu Ba\u015fkan\u0131 ve Genel M\u00fcd\u00fcr <strong>Prof. Dr. Ahmet K\u0131rman<\/strong>&#8216;\u0131n <strong>30 Haziran 2021<\/strong> tarihi itibariyle <strong>T\u00fcrkiye \u015ei\u015fe ve Cam Fabrikalar\u0131 A.\u015e.<\/strong> Genel M\u00fcd\u00fcr g\u00f6revinden ayr\u0131lacak olmas\u0131 nedeniyle T\u00fcrkiye \u015ei\u015fe ve Cam Fabrikalar\u0131 A.\u015e. <strong>Mali \u0130\u015fler Ba\u015fkanl\u0131\u011f\u0131<\/strong> g\u00f6revini s\u00fcrd\u00fcrmekte olan <strong>Mustafa G\u00f6rkem Elverici<\/strong><em>, 01 Temmuz 2021<\/em> tarihinden ge\u00e7erli olmak \u00fczere <strong>Genel M\u00fcd\u00fcr<\/strong> olarak g\u00f6revlendirilmi\u015ftir.<\/p>\n<p><strong>01 Temmuz 2021<\/strong> tarihi itibar\u0131yla <strong>Genel M\u00fcd\u00fcrl\u00fck<\/strong> g\u00f6revini devredecek olan <strong>Prof. Dr. Ahmet K\u0131rman<\/strong>, \u015ei\u015fecam\u2019\u0131n <strong>Y\u00f6netim Kurulu Ba\u015fkanl\u0131\u011f\u0131<\/strong> g\u00f6revini s\u00fcrd\u00fcrecektir.<\/p>","protected":false},"excerpt":{"rendered":"<p>Sorry, this entry is only available in Turkish. For the sake of viewer convenience, the content is shown below in the alternative language. You may click the link to switch the active language. \u015ei\u015fecam taraf\u0131ndan 30 Mart 2021 tarihinde 2020 y\u0131l\u0131 Ola\u011fan Genel Kurul toplant\u0131s\u0131 yap\u0131ld\u0131. Y\u00f6netim Kurulu Ba\u015fkan\u0131 olarak g\u00f6revlendirilen Y\u00f6netim Kurulu Ba\u015fkan\u0131 ve [&hellip;]<\/p>\n","protected":false},"author":1,"featured_media":132313,"comment_status":"open","ping_status":"open","sticky":false,"template":"","format":"standard","meta":[],"categories":[53,52],"tags":[23311,26559,88685,8892,32734,76792,57125,66175,77658],"views":225,"_links":{"self":[{"href":"https:\/\/www.enerjigazetesi.ist\/en\/wp-json\/wp\/v2\/posts\/132311"}],"collection":[{"href":"https:\/\/www.enerjigazetesi.ist\/en\/wp-json\/wp\/v2\/posts"}],"about":[{"href":"https:\/\/www.enerjigazetesi.ist\/en\/wp-json\/wp\/v2\/types\/post"}],"author":[{"embeddable":true,"href":"https:\/\/www.enerjigazetesi.ist\/en\/wp-json\/wp\/v2\/users\/1"}],"replies":[{"embeddable":true,"href":"https:\/\/www.enerjigazetesi.ist\/en\/wp-json\/wp\/v2\/comments?post=132311"}],"version-history":[{"count":0,"href":"https:\/\/www.enerjigazetesi.ist\/en\/wp-json\/wp\/v2\/posts\/132311\/revisions"}],"wp:featuredmedia":[{"embeddable":true,"href":"https:\/\/www.enerjigazetesi.ist\/en\/wp-json\/wp\/v2\/media\/132313"}],"wp:attachment":[{"href":"https:\/\/www.enerjigazetesi.ist\/en\/wp-json\/wp\/v2\/media?parent=132311"}],"wp:term":[{"taxonomy":"category","embeddable":true,"href":"https:\/\/www.enerjigazetesi.ist\/en\/wp-json\/wp\/v2\/categories?post=132311"},{"taxonomy":"post_tag","embeddable":true,"href":"https:\/\/www.enerjigazetesi.ist\/en\/wp-json\/wp\/v2\/tags?post=132311"}],"curies":[{"name":"wp","href":"https:\/\/api.w.org\/{rel}","templated":true}]}}