{"id":132224,"date":"2021-03-30T15:07:58","date_gmt":"2021-03-30T12:07:58","guid":{"rendered":"https:\/\/www.enerjigazetesi.ist\/?p=132224"},"modified":"2021-03-30T15:07:58","modified_gmt":"2021-03-30T12:07:58","slug":"beyaz-esyalarda-yeni-enerji-yonetmeligine-uygun-enerji-etiketi-donemi","status":"publish","type":"post","link":"https:\/\/www.enerjigazetesi.ist\/en\/beyaz-esyalarda-yeni-enerji-yonetmeligine-uygun-enerji-etiketi-donemi\/","title":{"rendered":"(Turkish) Beyaz E\u015fyalarda Yeni Enerji Y\u00f6netmeli\u011fine Uygun Enerji Etiketi D\u00f6nemi!"},"content":{"rendered":"<p class=\"qtranxs-available-languages-message qtranxs-available-languages-message-en\">Sorry, this entry is only available in <a href=\"https:\/\/www.enerjigazetesi.ist\/tr\/wp-json\/wp\/v2\/posts\/132224\" class=\"qtranxs-available-language-link qtranxs-available-language-link-tr\" title=\"Turkish\">Turkish<\/a>. For the sake of viewer convenience, the content is shown below in the alternative language. You may click the link to switch the active language.<\/p><p><\/p>\n<h1>Enerji s\u0131n\u0131fland\u0131rmas\u0131nda \u00f6nemli d\u00fczenlemeler i\u00e7eren yeni enerji etiketleri Mart ay\u0131ndan itibaren uygulamaya ge\u00e7ti. Mevcut Enerji Etiketlerinin \u00f6l\u00e7eklendirmesi\u00a0D ve A+++\u00a0aras\u0131nda olup, t\u00fcketiciye sat\u0131labilir\u00a0en d\u00fc\u015f\u00fck enerji s\u0131n\u0131f\u0131 A+\u00a0iken, yeni enerji etiketindeki \u00f6l\u00e7eklendirme ise art\u0131k\u00a0G ve A (En Y\u00fcksek)\u00a0aras\u0131nda \u00f6l\u00e7eklendirilecek.\u00a0\u201cYa\u015fam i\u00e7in teknoloji\u201d sunarken s\u00fcrd\u00fcr\u00fclebilir teknolojinin de alt\u0131n\u0131 \u00e7izen Bosch Ev Aletleri, yeni enerji y\u00f6netmeli\u011fine haz\u0131r.\u00a0Bu do\u011frultuda haz\u0131rl\u0131klar\u0131n\u0131 tamamlayan Bosch Ev Aletleri\u2019nin t\u00fcm \u00fcr\u00fcnlerinde yeni y\u00f6netmeli\u011fe uygun olarak gerekli t\u00fcm de\u011fi\u015fiklikler yap\u0131ld\u0131.<\/h1>\n<h2><strong>Yeni \u00f6l\u00e7\u00fcm y\u00f6ntemleriyle yeni de\u011ferler g\u00f6r\u00fclecek<\/strong><\/h2>\n<p>Yeni \u00f6l\u00e7me ve hesaplama y\u00f6ntemleri, ev aletlerinin performans de\u011ferlerinin nas\u0131l belirlenece\u011fini <img loading=\"lazy\" class=\"alignright wp-image-132226\" src=\"https:\/\/www.enerjigazetesi.ist\/wp-content\/uploads\/2021\/03\/beyaz-esyalarda-yeni-enerji-yonetmeligine-uygun-enerji-etiketi-donemi.jpg\" alt=\"\" width=\"340\" height=\"201\" srcset=\"https:\/\/www.enerjigazetesi.ist\/wp-content\/uploads\/2021\/03\/beyaz-esyalarda-yeni-enerji-yonetmeligine-uygun-enerji-etiketi-donemi.jpg 550w, https:\/\/www.enerjigazetesi.ist\/wp-content\/uploads\/2021\/03\/beyaz-esyalarda-yeni-enerji-yonetmeligine-uygun-enerji-etiketi-donemi-300x177.jpg 300w, https:\/\/www.enerjigazetesi.ist\/wp-content\/uploads\/2021\/03\/beyaz-esyalarda-yeni-enerji-yonetmeligine-uygun-enerji-etiketi-donemi-500x295.jpg 500w, https:\/\/www.enerjigazetesi.ist\/wp-content\/uploads\/2021\/03\/beyaz-esyalarda-yeni-enerji-yonetmeligine-uygun-enerji-etiketi-donemi-80x47.jpg 80w\" sizes=\"(max-width: 340px) 100vw, 340px\" \/>g\u00f6steriyor. \u00d6rne\u011fin, <strong>Bula\u015f\u0131k makinesi, \u00c7ama\u015f\u0131r makinesi <\/strong>ve<strong> Kurutmal\u0131 \u00c7ama\u015f\u0131r makinelerinde<\/strong> art\u0131k <strong>y\u0131ll\u0131k enerji t\u00fcketimi bilgileri<\/strong> de\u011fil, <strong>100 d\u00f6ng\u00fcde t\u00fcketti\u011fi enerji t\u00fcketimi bilgileri\u00a0<\/strong>yer alacak. Bu nedenle <strong>yeni etikette<\/strong> belirtilen de\u011ferler<strong> eski etikette<\/strong> yer alan <strong>performans de\u011ferlerine<\/strong> g\u00f6re <strong>farkl\u0131l\u0131k g\u00f6sterecek<\/strong> ve <strong>do\u011frudan bir k\u0131yas<\/strong> yap\u0131lamayacak.<\/p>\n<p><strong>Enerji t\u00fcketim bilgisine<\/strong> ek olarak, cihazlar\u0131n <strong>su t\u00fcketimi<\/strong> ve <strong>ses seviyesi<\/strong> hakk\u0131nda g\u00f6stergeler bulunacak. Yeni grafiklerle birlikte \u00fcr\u00fcnler i\u00e7in yeni ses seviyesi s\u0131n\u0131fland\u0131rmas\u0131 da etiketlerde yer alacak. S\u0131n\u0131fland\u0131rma <strong>A<\/strong> (En sessiz) ile <strong>D<\/strong> aras\u0131nda olacak.<\/p>\n<h2><strong>Bilgiler art\u0131k daha detayl\u0131<\/strong><\/h2>\n<p><strong>Yeni enerji etiketinde<\/strong> ayr\u0131ca <strong>QR kod<\/strong> yer alacak. T\u00fcketiciler <strong>art\u0131k \u00fcr\u00fcnlerle<\/strong> ilgili \u00e7ok daha fazla bilginin yer ald\u0131\u011f\u0131 \u00fcr\u00fcn bilgi formuna <strong>ak\u0131ll\u0131 cihazlar\u0131<\/strong> ile <strong>QR kodunu<\/strong> okutarak ula\u015fabilecek. Yeni etiket <strong>Mart ay\u0131 itibariyle \u00e7ama\u015f\u0131r makineleri, kurutmal\u0131 \u00e7ama\u015f\u0131r makineleri, bula\u015f\u0131k makineleri, buzdolaplar\u0131<\/strong> ve <strong>derin dondurucular<\/strong>da kullan\u0131lacak. Di\u011fer \u00fcr\u00fcnler bu de\u011fi\u015fiklikten sonraki y\u0131llarda etkilenecek.<\/p>","protected":false},"excerpt":{"rendered":"<p>Sorry, this entry is only available in Turkish. For the sake of viewer convenience, the content is shown below in the alternative language. You may click the link to switch the active language. Enerji s\u0131n\u0131fland\u0131rmas\u0131nda \u00f6nemli d\u00fczenlemeler i\u00e7eren yeni enerji etiketleri Mart ay\u0131ndan itibaren uygulamaya ge\u00e7ti. Mevcut Enerji Etiketlerinin \u00f6l\u00e7eklendirmesi\u00a0D ve A+++\u00a0aras\u0131nda olup, t\u00fcketiciye sat\u0131labilir\u00a0en [&hellip;]<\/p>\n","protected":false},"author":1,"featured_media":132226,"comment_status":"open","ping_status":"open","sticky":false,"template":"","format":"standard","meta":[],"categories":[51,53,52],"tags":[1119,23311,52259,87408,58103,57125,88638,88639],"views":230,"_links":{"self":[{"href":"https:\/\/www.enerjigazetesi.ist\/en\/wp-json\/wp\/v2\/posts\/132224"}],"collection":[{"href":"https:\/\/www.enerjigazetesi.ist\/en\/wp-json\/wp\/v2\/posts"}],"about":[{"href":"https:\/\/www.enerjigazetesi.ist\/en\/wp-json\/wp\/v2\/types\/post"}],"author":[{"embeddable":true,"href":"https:\/\/www.enerjigazetesi.ist\/en\/wp-json\/wp\/v2\/users\/1"}],"replies":[{"embeddable":true,"href":"https:\/\/www.enerjigazetesi.ist\/en\/wp-json\/wp\/v2\/comments?post=132224"}],"version-history":[{"count":0,"href":"https:\/\/www.enerjigazetesi.ist\/en\/wp-json\/wp\/v2\/posts\/132224\/revisions"}],"wp:featuredmedia":[{"embeddable":true,"href":"https:\/\/www.enerjigazetesi.ist\/en\/wp-json\/wp\/v2\/media\/132226"}],"wp:attachment":[{"href":"https:\/\/www.enerjigazetesi.ist\/en\/wp-json\/wp\/v2\/media?parent=132224"}],"wp:term":[{"taxonomy":"category","embeddable":true,"href":"https:\/\/www.enerjigazetesi.ist\/en\/wp-json\/wp\/v2\/categories?post=132224"},{"taxonomy":"post_tag","embeddable":true,"href":"https:\/\/www.enerjigazetesi.ist\/en\/wp-json\/wp\/v2\/tags?post=132224"}],"curies":[{"name":"wp","href":"https:\/\/api.w.org\/{rel}","templated":true}]}}