{"id":132190,"date":"2021-03-30T12:36:50","date_gmt":"2021-03-30T09:36:50","guid":{"rendered":"https:\/\/www.enerjigazetesi.ist\/?p=132190"},"modified":"2021-03-30T12:42:42","modified_gmt":"2021-03-30T09:42:42","slug":"liderlerin-pozitif-degisim-icin-buyuk-bulusmasi-yesil-is-2021-7-8-nisanda","status":"publish","type":"post","link":"https:\/\/www.enerjigazetesi.ist\/en\/liderlerin-pozitif-degisim-icin-buyuk-bulusmasi-yesil-is-2021-7-8-nisanda\/","title":{"rendered":"(Turkish) Liderlerin Pozitif De\u011fi\u015fim \u0130\u00e7in B\u00fcy\u00fck Bulu\u015fmas\u0131 &#8216;Ye\u015fil \u0130\u015f 2021&#8217; 7-8 Nisan\u2019da!"},"content":{"rendered":"<p class=\"qtranxs-available-languages-message qtranxs-available-languages-message-en\">Sorry, this entry is only available in <a href=\"https:\/\/www.enerjigazetesi.ist\/tr\/wp-json\/wp\/v2\/posts\/132190\" class=\"qtranxs-available-language-link qtranxs-available-language-link-tr\" title=\"Turkish\">Turkish<\/a>. For the sake of viewer convenience, the content is shown below in the alternative language. You may click the link to switch the active language.<\/p><p><\/p>\n<h1><strong>S\u00fcrd\u00fcr\u00fclebilir i\u015f liderleri ve profesyonelleri i\u00e7in en \u00f6nemli bulu\u015fma yeri YE\u015e\u0130L \u0130\u015e 2021, 8&#8217;inci y\u0131l\u0131nda 7-8 Nisan 2021 tarihlerinde farkl\u0131 sekt\u00f6rlerden t\u00fcm payda\u015flar\u0131 \u00e7evrimi\u00e7i canl\u0131 yay\u0131n olarak bir araya getirecek. Zirvede, \u2018De\u011fi\u015fimin Yeni Paradigmalar\u0131\u2019 temas\u0131yla pandemi sonras\u0131 \u00f6ne \u00e7\u0131kan k\u00fcresel trendler de\u011ferlendirilecek.<\/strong><\/h1>\n<p><strong>S\u00fcrd\u00fcr\u00fclebilir i\u015f<\/strong>, ortaya \u00e7\u0131kan <strong>yeni kayg\u0131lar<\/strong> ve kavramlarla birlikte her zamankinden daha h\u0131zl\u0131 geli\u015fiyor. Pandemi sonras\u0131 geli\u015fen yeni <strong>ekonomik d\u00fczende rekabet\u00e7i<\/strong> g\u00fcc\u00fcn\u00fc devam ettirmek isteyen \u015firketlerin, en son geli\u015fmeler \u0131\u015f\u0131\u011f\u0131nda<strong> riskleri<\/strong> ve<strong> f\u0131rsatlar\u0131 de\u011ferlendirerek<\/strong> uyum <img loading=\"lazy\" class=\"alignright wp-image-132192\" src=\"https:\/\/www.enerjigazetesi.ist\/wp-content\/uploads\/2021\/03\/liderlerin-pozitif-degisim-icin-buyuk-bulusmasi-yesil-is-2021-7-8-nisanda.jpg\" alt=\"\" width=\"340\" height=\"178\" srcset=\"https:\/\/www.enerjigazetesi.ist\/wp-content\/uploads\/2021\/03\/liderlerin-pozitif-degisim-icin-buyuk-bulusmasi-yesil-is-2021-7-8-nisanda.jpg 550w, https:\/\/www.enerjigazetesi.ist\/wp-content\/uploads\/2021\/03\/liderlerin-pozitif-degisim-icin-buyuk-bulusmasi-yesil-is-2021-7-8-nisanda-300x157.jpg 300w, https:\/\/www.enerjigazetesi.ist\/wp-content\/uploads\/2021\/03\/liderlerin-pozitif-degisim-icin-buyuk-bulusmasi-yesil-is-2021-7-8-nisanda-500x262.jpg 500w, https:\/\/www.enerjigazetesi.ist\/wp-content\/uploads\/2021\/03\/liderlerin-pozitif-degisim-icin-buyuk-bulusmasi-yesil-is-2021-7-8-nisanda-80x42.jpg 80w\" sizes=\"(max-width: 340px) 100vw, 340px\" \/>sa\u011flamalar\u0131, her zamankinden daha \u00f6nemli hale geliyor.<\/p>\n<p><strong>2009<\/strong> y\u0131l\u0131ndan bu yana <strong>8.500\u2019\u00fcn<\/strong> \u00fczerinde kat\u0131l\u0131mc\u0131, <strong>470<\/strong> \u00e7\u00f6z\u00fcm orta\u011f\u0131,<strong> 300<\/strong> oturumda<strong> 585\u2019i<\/strong> a\u015fk\u0131n konu\u015fmac\u0131yla <strong>s\u00fcrd\u00fcr\u00fclebilir i\u015f liderleri<\/strong> ve<strong> profesyonelleri<\/strong> i\u00e7in en \u00f6nemli bulu\u015fma adresi olan <strong>YE\u015e\u0130L \u0130\u015e Zirvesi<\/strong>, 8&#8217;inci y\u0131l\u0131nda <strong>07-08 Nisan 2021<\/strong> tarihlerinde farkl\u0131 sekt\u00f6rlerden <strong>t\u00fcm payda\u015flar\u0131 online<\/strong> olarak bir araya getirecek.<\/p>\n<p>De\u011fi\u015fen d\u00fcnyada <strong>iklim de\u011fi\u015fikli\u011fi etkileri<\/strong>, ekonomide <strong>net-s\u0131f\u0131r karbon<\/strong> ve <strong>enerji d\u00f6n\u00fc\u015f\u00fcm\u00fc,<\/strong> <strong>d\u00f6ng\u00fcsel ekonomi,inovasyon, s\u00fcrd\u00fcr\u00fclebilir finansman, ye\u015fil fonlar, ye\u015fil mutabakat<\/strong> ve <strong>y\u00f6neti\u015fime<\/strong> kadar bir\u00e7ok konuya odaklanacak <strong>Ye\u015fil \u0130\u015f Zirvesi<\/strong> \u00e7ok say\u0131da uluslararas\u0131 konu\u015fmac\u0131y\u0131 da a\u011f\u0131rlayacak.<\/p>\n<p>Global ve yerel i\u015f d\u00fcnyas\u0131n\u0131n liderleri, s\u00fcrd\u00fcr\u00fclebilir b\u00fcy\u00fcmenin uzmanlar\u0131, b\u00fcy\u00fck sermayeli \u015firketlerden KOB\u0130\u2019lere kadar t\u00fcm \u00f6zel sekt\u00f6r, kamu sekt\u00f6r\u00fc, sivil toplum kurulu\u015flar\u0131 ve akademi d\u00fcnyas\u0131, pandemi sonras\u0131 <strong>\u2018De\u011fi\u015fimin Yeni Paradigmalar\u0131\u2019<\/strong> temas\u0131yla <strong>k\u00fcresel trendleri<\/strong> de\u011ferlendirecek,\u00a0<strong>temiz ekonomi<\/strong> ve <strong>pozitif de\u011fi\u015fim<\/strong> i\u00e7in<strong> etki, eylem<\/strong> ve<strong> sonu\u00e7lar<\/strong> \u00fcretecek.<\/p>\n<p>Fikir liderleri<strong> 8 ana temada<\/strong> ilham verece\u011fi oturumlarda; <strong>2021 ve sonras\u0131 riskler<\/strong> ve <strong>f\u0131rsatlar, yol haritalar\u0131, yasal d\u00fczenlemeler, politikalar, yenilik\u00e7i yakla\u015f\u0131mlar, liderlik deneyimleri, yeni i\u015f f\u0131rsatlar\u0131n\u0131<\/strong> ve <strong>ba\u015far\u0131l\u0131 uygulama \u00f6rnekleri<\/strong> payla\u015f\u0131lacak.<\/p>\n<h2><strong>80\u2019i a\u015fan konu\u015fmac\u0131 ve 30 Oturum ile b\u00fcy\u00fck bulu\u015fma\u00a0<\/strong><\/h2>\n<p><strong>Ye\u015fil \u0130\u015f 2021<\/strong> \u00a02 g\u00fcn boyunca; s\u00fcrd\u00fcr\u00fclebilir i\u015f stratejisti, future thinker<strong> Prof. Ioannis Ioannou<\/strong>, \u0130klim Bonolar\u0131 \u0130nisiyatifi kurucusu <strong>Sean Kidney<\/strong>, de\u011fi\u015fim lideri <strong>Teresa Fogelberg<\/strong>, Avrupa iklim de\u011fi\u015fikli\u011fi ve d\u00f6n\u00fc\u015f\u00fcm lideri <strong>Andrei Marcu<\/strong>, Schneider Electric T\u00fcrkiye, Orta Asya ve Pakistan B\u00f6lge Ba\u015fkan\u0131 <strong>Bora Tuncer<\/strong>, Shell T\u00fcrkiye \u00dclke Ba\u015fkan\u0131 <strong>Ahmet Erdem<\/strong>, Metro T\u00fcrkiye CEO\u2019su<strong> Sinem T\u00fcr\u00fcng<\/strong>, Akademi \u00c7evre CEO\u2019su <strong>Ufuk I\u015f\u0131k<\/strong>, P&amp;G Y\u00f6netim Kurulu Ba\u015fkan\u0131 <strong>Tankut Turnao\u011flu<\/strong>, Kibar Holding CEO\u2019su <strong>Haluk Kayaba\u015f\u0131<\/strong>, Nestle T\u00fcrkiye Pazarlama ve Kurumsal \u0130leti\u015fim Direkt\u00f6r\u00fc Zeynep Sungu&#8217;nun da aralar\u0131nda oldu\u011fu <strong>80\u2019i a\u015fan<\/strong> konu\u015fmac\u0131 ile ve <strong>30 oturum<\/strong> ile ger\u00e7ekle\u015fecek.<\/p>\n<p><strong>YE\u015e\u0130L \u0130\u015e Zirvesi<\/strong>, Stratejik \u00c7\u00f6z\u00fcm Orta\u011f\u0131 Schneider Electric, Ana Sponsor Shell ve Akademi \u00c7evre,Nestle, Alt\u0131n sponsorlar; P&amp;G Turkiye , Korozo Group, Denizbank,Metro Turkiye, Tencel, Kibar Holding, MG, Brisa olmak \u00fczere <strong>\u00f6nemli sponsorlar\u0131n destekleriyle<\/strong> ger\u00e7ekle\u015fecek.<\/p>","protected":false},"excerpt":{"rendered":"<p>Sorry, this entry is only available in Turkish. For the sake of viewer convenience, the content is shown below in the alternative language. You may click the link to switch the active language. S\u00fcrd\u00fcr\u00fclebilir i\u015f liderleri ve profesyonelleri i\u00e7in en \u00f6nemli bulu\u015fma yeri YE\u015e\u0130L \u0130\u015e 2021, 8&#8217;inci y\u0131l\u0131nda 7-8 Nisan 2021 tarihlerinde farkl\u0131 sekt\u00f6rlerden t\u00fcm [&hellip;]<\/p>\n","protected":false},"author":1,"featured_media":132192,"comment_status":"open","ping_status":"open","sticky":false,"template":"","format":"standard","meta":[],"categories":[51,53,52],"tags":[23311,77499,26392,57125,87757,8168],"views":125,"_links":{"self":[{"href":"https:\/\/www.enerjigazetesi.ist\/en\/wp-json\/wp\/v2\/posts\/132190"}],"collection":[{"href":"https:\/\/www.enerjigazetesi.ist\/en\/wp-json\/wp\/v2\/posts"}],"about":[{"href":"https:\/\/www.enerjigazetesi.ist\/en\/wp-json\/wp\/v2\/types\/post"}],"author":[{"embeddable":true,"href":"https:\/\/www.enerjigazetesi.ist\/en\/wp-json\/wp\/v2\/users\/1"}],"replies":[{"embeddable":true,"href":"https:\/\/www.enerjigazetesi.ist\/en\/wp-json\/wp\/v2\/comments?post=132190"}],"version-history":[{"count":0,"href":"https:\/\/www.enerjigazetesi.ist\/en\/wp-json\/wp\/v2\/posts\/132190\/revisions"}],"wp:featuredmedia":[{"embeddable":true,"href":"https:\/\/www.enerjigazetesi.ist\/en\/wp-json\/wp\/v2\/media\/132192"}],"wp:attachment":[{"href":"https:\/\/www.enerjigazetesi.ist\/en\/wp-json\/wp\/v2\/media?parent=132190"}],"wp:term":[{"taxonomy":"category","embeddable":true,"href":"https:\/\/www.enerjigazetesi.ist\/en\/wp-json\/wp\/v2\/categories?post=132190"},{"taxonomy":"post_tag","embeddable":true,"href":"https:\/\/www.enerjigazetesi.ist\/en\/wp-json\/wp\/v2\/tags?post=132190"}],"curies":[{"name":"wp","href":"https:\/\/api.w.org\/{rel}","templated":true}]}}