{"id":13212,"date":"2013-07-21T12:12:38","date_gmt":"2013-07-21T09:12:38","guid":{"rendered":"https:\/\/www.enerjigazetesi.ist\/?p=13212"},"modified":"2013-07-21T12:13:32","modified_gmt":"2013-07-21T09:13:32","slug":"artan-doviz-kuru-dogalgaz-sektorunu-de-olumsuz-etkiliyor","status":"publish","type":"post","link":"https:\/\/www.enerjigazetesi.ist\/en\/artan-doviz-kuru-dogalgaz-sektorunu-de-olumsuz-etkiliyor\/","title":{"rendered":"(Turkish) Artan D\u00f6viz Kuru, Do\u011falgaz Sekt\u00f6r\u00fcn\u00fc de Olumsuz Etkiliyor!"},"content":{"rendered":"<p class=\"qtranxs-available-languages-message qtranxs-available-languages-message-en\">Sorry, this entry is only available in <a href=\"https:\/\/www.enerjigazetesi.ist\/tr\/wp-json\/wp\/v2\/posts\/13212\" class=\"qtranxs-available-language-link qtranxs-available-language-link-tr\" title=\"Turkish\">Turkish<\/a>. For the sake of viewer convenience, the content is shown below in the alternative language. You may click the link to switch the active language.<\/p><p><strong>\u0130brenin bir ucunda s\u00fcbvanse edilen do\u011falgaz fiyatlar\u0131, di\u011fer ucunda ise BOTA\u015e fiyat\u0131n\u0131n alt\u0131nda ezilen \u00f6zel sekt\u00f6r ithalat\u00e7\u0131lar\u0131 duruyor.<\/strong><\/p>\n<p>Enerji ve Tabii Kaynaklar Bakan\u0131 Y\u0131ld\u0131z, kur art\u0131\u015f\u0131na istinaden \u201c1 y\u0131l i\u00e7inde b\u00f6yle devam ederse, enerji maliyetleri 3 milyar dolar artacak\u201d a\u00e7\u0131klamas\u0131 yapt\u0131. Ancak akaryak\u0131ta yans\u0131t\u0131lan maliyet art\u0131\u015flar\u0131n\u0131n, do\u011falgazda s\u00fcbvanse edilmesi sekt\u00f6r oyuncular\u0131n\u0131 zor durumda b\u0131rak\u0131yor. Bakan Y\u0131ld\u0131z bu konuda, \u201c\u015eu ana kadar maliyetimizdeki art\u0131\u015flar\u0131 vatanda\u015f\u0131m\u0131za yans\u0131tmad\u0131k.<\/p>\n<p>Ama maliyetimizde bir art\u0131\u015f oldu\u011fu kesin\u201d derken, Maliye Bakan\u0131 Mehmet \u015eim\u015fek ise petrol fiyat\u0131nda ge\u00e7ici bir art\u0131\u015f\u0131n s\u00f6z konusu olabilece\u011fini, elektrik ve do\u011falgaz fiyatlar\u0131 ile ilgili ise herhangi bir ayarlaman\u0131n s\u00f6z konusu olmad\u0131\u011f\u0131n\u0131 s\u00f6yledi. \u201cZam lobisi\u201d gibi alg\u0131lanmak istemediklerini dile getiren \u00f6zel sekt\u00f6r do\u011falgaz ithalat\u00e7\u0131lar\u0131 ise otomatik fiyatlama mekanizmas\u0131n\u0131n devreye al\u0131nmas\u0131n\u0131 istiyor.<\/p>\n<p>H\u00fcrriyet Gazetesi\u2019nden Merve Erdil\u2019in haberine g\u00f6re, do\u011falgaz ithalat\u0131 yapan \u015firketlere \u201cMevcut ko\u015fullar alt\u0131nda do\u011falgaza zam gerekir mi\u201d diye sordu\u011fumuzda, \u201cAkaryak\u0131ta bak\u0131n. Do\u011falgaz fiyat\u0131 da petrole endeksli. Ancak biz bunlar\u0131 s\u00f6yledi\u011fimizde \u2018zam lobisi\u2019 deniliyor. Yanl\u0131\u015f alg\u0131lan\u0131yor\u201d yan\u0131t\u0131n\u0131 veriyor. Sekt\u00f6r oyuncular\u0131, piyasan\u0131n yakla\u015f\u0131k 75\u2019ine h\u00e2kim olan kamu \u015firketi BOTA\u015e\u2019\u0131n, devletin elektrik santrallerine y\u00fcksek fiyattan gaz satarak, konut t\u00fcketicisine s\u00fcbvansiyon uygulad\u0131\u011f\u0131n\u0131 s\u00f6yl\u00fcyor. Bunun da elektrik fiyatlar\u0131nda \u00e7arp\u0131kla\u015fmaya yol a\u00e7t\u0131\u011f\u0131n\u0131 ve Hazine\u2019ye getirdi\u011fi y\u00fck nedeniyle s\u00fcrd\u00fcr\u00fclebilir olmad\u0131\u011f\u0131n\u0131 belirtiyor.<\/p>\n<p><a href=\"https:\/\/www.enerjigazetesi.ist\/wp-content\/uploads\/2013\/07\/artan-doviz-kuru-dogalgaz-sektorunu-de-olumsuz-etkiliyor.jpg\"><img loading=\"lazy\" class=\"alignright size-medium wp-image-13215\" title=\"artan-doviz-kuru-dogalgaz-sektorunu-de-olumsuz-etkiliyor\" src=\"https:\/\/www.enerjigazetesi.ist\/wp-content\/uploads\/2013\/07\/artan-doviz-kuru-dogalgaz-sektorunu-de-olumsuz-etkiliyor-300x199.jpg\" alt=\"\" width=\"300\" height=\"199\" srcset=\"https:\/\/www.enerjigazetesi.ist\/wp-content\/uploads\/2013\/07\/artan-doviz-kuru-dogalgaz-sektorunu-de-olumsuz-etkiliyor-300x199.jpg 300w, https:\/\/www.enerjigazetesi.ist\/wp-content\/uploads\/2013\/07\/artan-doviz-kuru-dogalgaz-sektorunu-de-olumsuz-etkiliyor-500x332.jpg 500w, https:\/\/www.enerjigazetesi.ist\/wp-content\/uploads\/2013\/07\/artan-doviz-kuru-dogalgaz-sektorunu-de-olumsuz-etkiliyor-75x50.jpg 75w, https:\/\/www.enerjigazetesi.ist\/wp-content\/uploads\/2013\/07\/artan-doviz-kuru-dogalgaz-sektorunu-de-olumsuz-etkiliyor.jpg 505w\" sizes=\"(max-width: 300px) 100vw, 300px\" \/><\/a>Y\u0131lba\u015f\u0131nda 1.78 olan dolar kuru bug\u00fcnlerde 1.92\u2019lerde seyrediyor. Do\u011falgaz ithalat sekt\u00f6r\u00fcnden bir yetkili, 20 Haziran\u2019da kurlar\u0131n s\u0131\u00e7ramas\u0131ndan dolay\u0131 BOTA\u015e\u2019\u0131n bir ayda 148 milyon dolar zarar\u0131 olu\u015ftu\u011funu anlatarak, \u015funu s\u00f6yledi: \u201cBu kurlar en \u00e7ok BOTA\u015e\u2019\u0131 etkiliyor. BOTA\u015e her ay\u0131n 20\u2019sinde yurtd\u0131\u015f\u0131na gaz paras\u0131 \u00f6d\u00fcyor. Kurlar\u0131n bir anda \u00e7\u0131kmas\u0131 sonucu sadece bir ayl\u0131k kur fark\u0131 kayb\u0131 148 milyon dolar. Temmuz ve a\u011fustosta da ayn\u0131 tablo olacak gibi. Bu ne kadar s\u00fcrd\u00fcr\u00fclebilir? Bir de do\u011falgaz\u0131n yo\u011fun t\u00fcketildi\u011fi aylara geldi\u011fimizde, kur b\u00f6yle seyrederse nas\u0131l olacak? Hazine\u2019ye inan\u0131lmaz bir y\u00fck demek.\u201d<\/p>\n<p>Do\u011falgazda otomatik fiyatland\u0131rman\u0131n \u00e7al\u0131\u015ft\u0131r\u0131lmas\u0131n\u0131n serbest piyasa a\u00e7\u0131s\u0131ndan gerekli oldu\u011funu kaydeden bir do\u011falgaz sekt\u00f6r\u00fc temsilcisi de \u015f\u00f6yle konu\u015ftu: \u201cDo\u011falgaz dolarla al\u0131n\u0131yor, TL ile sat\u0131l\u0131yor. D\u00f6viz 1.50\u2019den, 1.93\u2019lere geldi. Ancak gaz fiyat\u0131 yine yerinde say\u0131yor. Demek ki bir s\u00fcbvansiyon var. BOTA\u015e \u00e7apraz s\u00fcbvansiyon yap\u0131yor ancak BOTA\u015e\u2019\u0131n kesesinden olmasa da, elektrik \u015firketinden zarar edilmi\u015f oluyor. Akaryak\u0131t \u00f6zel sekt\u00f6r de do\u011falgaz t\u00fczel sekt\u00f6r m\u00fc? Do\u011falgaz\u0131, elektri\u011fi alan da ayn\u0131 vatanda\u015f. BOTA\u015e\u2019\u0131 b\u00f6yle zarar ettirince, ba\u015fka yerden \u00e7\u0131kar.\u201d<\/p>\n<p>\u0130thalat\u00e7\u0131lar, do\u011falgazda otomatik fiyatland\u0131rma mekanizmas\u0131n\u0131n i\u015flemesi gerekti\u011fini dile getirirken, \u201cD\u00f6vizle al\u0131m yap\u0131p, lirayla satan t\u00fcm ithalat\u00e7\u0131lar inan\u0131lmaz derece zorda. Fiyatta otomatikten, manuele ge\u00e7tik. Biz fiyat\u0131m\u0131z\u0131 BOTA\u015e referansl\u0131 yap\u0131yoruz. \u0130\u00e7eride BOTA\u015e fiyat\u0131n\u0131n alt\u0131ndan sat\u0131\u015f yap\u0131yoruz, kurlar da bizim d\u0131\u015f\u0131m\u0131zda geli\u015fiyor. 1.75\u2019ten almaya ba\u015flad\u0131\u011f\u0131m\u0131z gaz\u0131 \u015fu an 1.95\u2019ten al\u0131yoruz\u201d diye konu\u015ftu.<\/p>\n<p>BOTA\u015e, konutlara satt\u0131\u011f\u0131 do\u011falgazda belli \u00f6l\u00e7\u00fcde s\u00fcbvansiyon uyguluyor. Buna kar\u015f\u0131l\u0131k, yap-i\u015flet-devret (Y\u0130D) ile kamu do\u011falgaz santrallerine g\u00f6rece y\u00fcksek fiyattan gaz satan BOTA\u015e, bu \u015fekilde finansman dengesini sa\u011flamaya \u00e7al\u0131\u015f\u0131yor. Enerji ve Tabii Kaynaklar Bakan\u0131 Taner Y\u0131ld\u0131z, \u201c\u015eu ana kadar maliyetimizdeki art\u0131\u015flar\u0131 vatanda\u015f\u0131m\u0131za yans\u0131tmad\u0131k. Biz her ay do\u011falgaz, her \u00fc\u00e7 ayda bir elektrik fiyatlar\u0131 g\u00f6zden ge\u00e7iriyoruz\u201d dedi.<\/p>\n<p>Kaynak: <a href=\"http:\/\/enerjienstitusu.com\/2013\/07\/19\/artan-doviz-kuru-dogalgaz-sektorunu-de-olumsuz-etkiliyor\/\" target=\"_blank\">Enerji Enstit\u00fcs\u00fc<\/a><\/p>","protected":false},"excerpt":{"rendered":"<p>Sorry, this entry is only available in Turkish. For the sake of viewer convenience, the content is shown below in the alternative language. You may click the link to switch the active language.\u0130brenin bir ucunda s\u00fcbvanse edilen do\u011falgaz fiyatlar\u0131, di\u011fer ucunda ise BOTA\u015e fiyat\u0131n\u0131n alt\u0131nda ezilen \u00f6zel sekt\u00f6r ithalat\u00e7\u0131lar\u0131 duruyor. Enerji ve Tabii Kaynaklar Bakan\u0131 [&hellip;]<\/p>\n","protected":false},"author":1,"featured_media":13215,"comment_status":"open","ping_status":"open","sticky":false,"template":"","format":"standard","meta":[],"categories":[46,53],"tags":[710,531,226,1363,63,67,1614,165,667],"views":760,"_links":{"self":[{"href":"https:\/\/www.enerjigazetesi.ist\/en\/wp-json\/wp\/v2\/posts\/13212"}],"collection":[{"href":"https:\/\/www.enerjigazetesi.ist\/en\/wp-json\/wp\/v2\/posts"}],"about":[{"href":"https:\/\/www.enerjigazetesi.ist\/en\/wp-json\/wp\/v2\/types\/post"}],"author":[{"embeddable":true,"href":"https:\/\/www.enerjigazetesi.ist\/en\/wp-json\/wp\/v2\/users\/1"}],"replies":[{"embeddable":true,"href":"https:\/\/www.enerjigazetesi.ist\/en\/wp-json\/wp\/v2\/comments?post=13212"}],"version-history":[{"count":2,"href":"https:\/\/www.enerjigazetesi.ist\/en\/wp-json\/wp\/v2\/posts\/13212\/revisions"}],"predecessor-version":[{"id":13216,"href":"https:\/\/www.enerjigazetesi.ist\/en\/wp-json\/wp\/v2\/posts\/13212\/revisions\/13216"}],"wp:featuredmedia":[{"embeddable":true,"href":"https:\/\/www.enerjigazetesi.ist\/en\/wp-json\/wp\/v2\/media\/13215"}],"wp:attachment":[{"href":"https:\/\/www.enerjigazetesi.ist\/en\/wp-json\/wp\/v2\/media?parent=13212"}],"wp:term":[{"taxonomy":"category","embeddable":true,"href":"https:\/\/www.enerjigazetesi.ist\/en\/wp-json\/wp\/v2\/categories?post=13212"},{"taxonomy":"post_tag","embeddable":true,"href":"https:\/\/www.enerjigazetesi.ist\/en\/wp-json\/wp\/v2\/tags?post=13212"}],"curies":[{"name":"wp","href":"https:\/\/api.w.org\/{rel}","templated":true}]}}