{"id":132023,"date":"2021-03-27T20:38:27","date_gmt":"2021-03-27T17:38:27","guid":{"rendered":"https:\/\/www.enerjigazetesi.ist\/?p=132023"},"modified":"2021-03-27T20:38:45","modified_gmt":"2021-03-27T17:38:45","slug":"sanko-enerji-ceo-su-hakan-yildirim-uludag-ekonomi-zirvesi-ndeydi","status":"publish","type":"post","link":"https:\/\/www.enerjigazetesi.ist\/en\/sanko-enerji-ceo-su-hakan-yildirim-uludag-ekonomi-zirvesi-ndeydi\/","title":{"rendered":"(Turkish) Sanko Enerji CEO\u2019su &#8216;Hakan Y\u0131ld\u0131r\u0131m&#8217; Uluda\u011f Ekonomi Zirvesi&#8217;ndeydi"},"content":{"rendered":"<p class=\"qtranxs-available-languages-message qtranxs-available-languages-message-en\">Sorry, this entry is only available in <a href=\"https:\/\/www.enerjigazetesi.ist\/tr\/wp-json\/wp\/v2\/posts\/132023\" class=\"qtranxs-available-language-link qtranxs-available-language-link-tr\" title=\"Turkish\">Turkish<\/a>. For the sake of viewer convenience, the content is shown below in the alternative language. You may click the link to switch the active language.<\/p><p><\/p>\n<h1><strong>Sanko Enerji CEO\u2019su Hakan Y\u0131ld\u0131r\u0131m,\u00a0<\/strong><strong>Uluda\u011f Ekonomi Zirvesinde bug\u00fcn ger\u00e7ekle\u015ftirilen \u2018Enerjide Yeni Dengeler\u2019 panelinde, <\/strong><em><strong>\u2018\u2019D\u00fcnyam\u0131z\u0131 \u015fekillendiren iki \u00f6nemli mega trend var; iklim de\u011fi\u015fikli\u011fi ve dijitalle\u015fme. \u0130klim de\u011fi\u015fikli\u011fi ile m\u00fccadelede insanl\u0131\u011f\u0131n elindeki en \u00f6nemli enstr\u00fcman, yenilenebilir enerji kaynaklar\u0131n\u0131n de\u011ferlendirilmesidir<\/strong><\/em><em><strong>\u201d<\/strong><\/em><strong>\u00a0dedi.<\/strong><\/h1>\n<p>Sanko Enerji CEO\u2019su Hakan Y\u0131ld\u0131r\u0131m, <strong>T\u00fcrkiye<\/strong>\u2019nin ve <strong>Avrasya B\u00f6lgesi<\/strong>\u2019nin en \u00f6nemli i\u015f ve ekonomi d\u00fcnyas\u0131 etkinliklerinden olan ve pandemi nedeniyle bu y\u0131l <strong>fiziksel<\/strong> ve <strong>online<\/strong> olarak <strong>karma<\/strong> \u015fekilde <img loading=\"lazy\" class=\"alignright wp-image-132026\" src=\"https:\/\/www.enerjigazetesi.ist\/wp-content\/uploads\/2021\/03\/sanko-enerji-ceo-su-hakan-yildirim-uludag-ekonomi-zirvesi-ndeydi-1.jpg\" alt=\"\" width=\"340\" height=\"190\" srcset=\"https:\/\/www.enerjigazetesi.ist\/wp-content\/uploads\/2021\/03\/sanko-enerji-ceo-su-hakan-yildirim-uludag-ekonomi-zirvesi-ndeydi-1.jpg 550w, https:\/\/www.enerjigazetesi.ist\/wp-content\/uploads\/2021\/03\/sanko-enerji-ceo-su-hakan-yildirim-uludag-ekonomi-zirvesi-ndeydi-1-300x168.jpg 300w, https:\/\/www.enerjigazetesi.ist\/wp-content\/uploads\/2021\/03\/sanko-enerji-ceo-su-hakan-yildirim-uludag-ekonomi-zirvesi-ndeydi-1-500x280.jpg 500w, https:\/\/www.enerjigazetesi.ist\/wp-content\/uploads\/2021\/03\/sanko-enerji-ceo-su-hakan-yildirim-uludag-ekonomi-zirvesi-ndeydi-1-80x45.jpg 80w\" sizes=\"(max-width: 340px) 100vw, 340px\" \/>ger\u00e7ekle\u015ftirilen \u2018<strong>Uluda\u011f Ekonomi Zirvesi<\/strong>\u2019ne konu\u015fmac\u0131 olarak kat\u0131ld\u0131.<\/p>\n<p><strong>2 g\u00fcn<\/strong> s\u00fcren Uluda\u011f Ekonomi Zirvesi&#8217;nin <strong>2&#8217;inci<\/strong> panelinde <strong>\u2018Enerjide Yeni Dengeler\u2019<\/strong> konusu ele al\u0131nd\u0131. Global Resources Pertnership Y\u00f6netim Kurulu Ba\u015fkan\u0131 <strong>Mehmet \u00d6\u011f\u00fct\u00e7\u00fc<\/strong>\u2019n\u00fcn moderat\u00f6rl\u00fc\u011f\u00fcnde ger\u00e7ekle\u015ftirilen <strong>\u2018Enerjide Yeni Dengeler\u2019<\/strong> paneline Sanko Enerji CEO\u2019su Hakan Y\u0131ld\u0131r\u0131m\u2019\u0131n yan\u0131 s\u0131ra SOCAR T\u00fcrkiye Rafineri ve Petrokimya \u0130\u015f Birimi Ba\u015fkan\u0131 <strong>Anar Mammadov<\/strong>, Enerji Ticareti Derne\u011fi Y\u00f6netim Kurulu Ba\u015fkan\u0131 ve Do\u011fan Enerji CEO\u2019su <strong>Burak Kuyan<\/strong>, Do\u011fanlar Holding Y\u00f6netim Kurulu Ba\u015fkan\u0131 <strong>Davut Do\u011fan<\/strong> ve Zorlu Enerji CEO\u2019su <strong>Sinan Ak<\/strong> konu\u015fmac\u0131 olarak yer ald\u0131.<\/p>\n<p><strong>Ki\u015fi, kurum<\/strong> ve <strong>\u00fclke stratejileri<\/strong>nin <strong>mega trendler<\/strong> etraf\u0131nda \u015fekillendirilmesi gerekti\u011fine dikkat \u00e7eken Y\u0131ld\u0131r\u0131m, <em>\u201cBana g\u00f6re d\u00fcnyada iki tane mega trend var. Biri iklim de\u011fi\u015fikli\u011fi di\u011feri ise dijitalle\u015fme. \u0130klim de\u011fi\u015fikli\u011finde insanl\u0131\u011f\u0131n elindeki en \u00f6nemli enstr\u00fcmanlardan birisi yenilenebilir enerji. \u00a0Kurum olarak nerede olmak istedi\u011fimizi bu iki mega trende g\u00f6re \u015fekillendirmek zorunday\u0131z. Ba\u015fka bir se\u00e7ene\u011fimiz yok\u201d<\/em> diye konu\u015ftu.<\/p>\n<h2><strong>Enerji sekt\u00f6r\u00fc \u00e7al\u0131\u015fanlar\u0131 fedakarl\u0131ktan \u00f6d\u00fcn vermedi\u00a0<\/strong><\/h2>\n<p>T\u00fcm d\u00fcnyay\u0131 etkisi alt\u0131na <strong>Covid-19 salg\u0131n\u0131<\/strong> nedeniyle 2020\u2019nin zor bir y\u0131l oldu\u011funu belirten Hakan Y\u0131ld\u0131r\u0131m, s\u00f6zlerini <span style=\"text-decoration: underline;\">\u015f\u00f6yle s\u00fcrd\u00fcrd\u00fc:\u00a0<\/span><\/p>\n<p><em>\u201c2020 bizim i\u00e7in ilgin\u00e7 ve zor bir y\u0131l oldu. Zorlu s\u00fcre\u00e7ler, \u00fcstesinden gelebilenler i\u00e7in \u00f6\u011frenme, kendini yenileme, dersler \u00e7\u0131karma ve yeni kabiliyetler elde etme arac\u0131d\u0131r. Bu pandemi s\u00fcrecinden ve 2020\u2019nin enerji sekt\u00f6r\u00fcne getirdi\u011fi zorluklardan daha g\u00fc\u00e7l\u00fc \u00e7\u0131kaca\u011f\u0131z.<\/em><\/p>\n<p><em>Toplumun b\u00fcy\u00fck bir kesimi evinden d\u0131\u015far\u0131 \u00e7\u0131kamazken, g\u00f6revleri nedeniyle bir\u00e7ok insan da bu s\u00fcre\u00e7te evlerine ad\u0131m atamad\u0131lar. Sa\u011fl\u0131k ve hizmet sekt\u00f6r\u00fc \u00e7al\u0131\u015fanlar\u0131n\u0131n yapt\u0131\u011f\u0131 bu fedakarl\u0131\u011f\u0131n benzerini enerji sekt\u00f6r\u00fc \u00e7al\u0131\u015fanlar\u0131 da<strong> 2020 y\u0131l\u0131nda<\/strong> yakla\u015f\u0131k <strong>3 bin MW<\/strong> yenilenebilir enerji santrali devreye alarak yapm\u0131\u015f oldular.\u201d<\/em><\/p>\n<h2><strong>En fazla kad\u0131n \u00e7al\u0131\u015fan\u0131 olan \u015firket olmay\u0131 hedefliyoruz<\/strong><\/h2>\n<p>\u201cBundan <strong>20 y\u0131l \u00f6nce<\/strong> yenilenebilir enerjinin <strong>mega trend<\/strong> olaca\u011f\u0131n\u0131 g\u00f6rm\u00fc\u015f ve enerji alan\u0131ndaki t\u00fcm yat\u0131r\u0131mlar\u0131n\u0131 <strong>yenilenebilir enerjiye<\/strong> yapm\u0131\u015f bir \u015firket olarak hedefimiz \u00e7ok net; T\u00fcrkiye\u2019nin <strong>% 100 yenilenebilir enerji portf\u00f6y\u00fc<\/strong>ne sahip en b\u00fcy\u00fck \u015firketi olmay\u0131 hedefliyoruz\u201d \u015feklinde konu\u015fan Hakan Y\u0131ld\u0131r\u0131m, <em>\u201cBunu ger\u00e7ekle\u015ftirirken, dijital d\u00f6n\u00fc\u015f\u00fcm\u00fcn\u00fc tamamlam\u0131\u015f, en fazla katma de\u011fer \u00fcreten, \u00e7al\u0131\u015fanlar\u0131n\u0131 en \u00e7ok geli\u015ftiren, <strong>en fazla<\/strong> <strong>kad\u0131n \u00e7al\u0131\u015fana<\/strong> ve <strong>kad\u0131n y\u00f6neticiye<\/strong> sahip bir \u015firket olmay\u0131 hedefliyoruz ve bu hedefler do\u011frultusunda <strong>emin ad\u0131mlarla<\/strong> ilerliyoruz\u201d<\/em> diyerek s\u00f6zlerini tamamlad\u0131.<\/p>","protected":false},"excerpt":{"rendered":"<p>Sorry, this entry is only available in Turkish. For the sake of viewer convenience, the content is shown below in the alternative language. You may click the link to switch the active language. Sanko Enerji CEO\u2019su Hakan Y\u0131ld\u0131r\u0131m,\u00a0Uluda\u011f Ekonomi Zirvesinde bug\u00fcn ger\u00e7ekle\u015ftirilen \u2018Enerjide Yeni Dengeler\u2019 panelinde, \u2018\u2019D\u00fcnyam\u0131z\u0131 \u015fekillendiren iki \u00f6nemli mega trend var; iklim de\u011fi\u015fikli\u011fi [&hellip;]<\/p>\n","protected":false},"author":1,"featured_media":132027,"comment_status":"open","ping_status":"open","sticky":false,"template":"","format":"standard","meta":[],"categories":[51,53,50],"tags":[67796,23311,7043,4531,88518,35002,53282,25055,83557,65918,54979,87556],"views":123,"_links":{"self":[{"href":"https:\/\/www.enerjigazetesi.ist\/en\/wp-json\/wp\/v2\/posts\/132023"}],"collection":[{"href":"https:\/\/www.enerjigazetesi.ist\/en\/wp-json\/wp\/v2\/posts"}],"about":[{"href":"https:\/\/www.enerjigazetesi.ist\/en\/wp-json\/wp\/v2\/types\/post"}],"author":[{"embeddable":true,"href":"https:\/\/www.enerjigazetesi.ist\/en\/wp-json\/wp\/v2\/users\/1"}],"replies":[{"embeddable":true,"href":"https:\/\/www.enerjigazetesi.ist\/en\/wp-json\/wp\/v2\/comments?post=132023"}],"version-history":[{"count":0,"href":"https:\/\/www.enerjigazetesi.ist\/en\/wp-json\/wp\/v2\/posts\/132023\/revisions"}],"wp:featuredmedia":[{"embeddable":true,"href":"https:\/\/www.enerjigazetesi.ist\/en\/wp-json\/wp\/v2\/media\/132027"}],"wp:attachment":[{"href":"https:\/\/www.enerjigazetesi.ist\/en\/wp-json\/wp\/v2\/media?parent=132023"}],"wp:term":[{"taxonomy":"category","embeddable":true,"href":"https:\/\/www.enerjigazetesi.ist\/en\/wp-json\/wp\/v2\/categories?post=132023"},{"taxonomy":"post_tag","embeddable":true,"href":"https:\/\/www.enerjigazetesi.ist\/en\/wp-json\/wp\/v2\/tags?post=132023"}],"curies":[{"name":"wp","href":"https:\/\/api.w.org\/{rel}","templated":true}]}}