{"id":131940,"date":"2021-03-26T09:52:03","date_gmt":"2021-03-26T06:52:03","guid":{"rendered":"https:\/\/www.enerjigazetesi.ist\/?p=131940"},"modified":"2021-03-26T09:52:03","modified_gmt":"2021-03-26T06:52:03","slug":"vaillant-turkiye-nin-ceo-su-alper-avdel-sabanci-unv-ogrencileri-ile-bulustu","status":"publish","type":"post","link":"https:\/\/www.enerjigazetesi.ist\/en\/vaillant-turkiye-nin-ceo-su-alper-avdel-sabanci-unv-ogrencileri-ile-bulustu\/","title":{"rendered":"(Turkish) Vaillant T\u00fcrkiye&#8217;nin CEO\u2019su &#8216;Alper Avdel&#8217; Sabanc\u0131 \u00dcnv. \u00d6\u011frencileri ile Bulu\u015ftu"},"content":{"rendered":"<p class=\"qtranxs-available-languages-message qtranxs-available-languages-message-en\">Sorry, this entry is only available in <a href=\"https:\/\/www.enerjigazetesi.ist\/tr\/wp-json\/wp\/v2\/posts\/131940\" class=\"qtranxs-available-language-link qtranxs-available-language-link-tr\" title=\"Turkish\">Turkish<\/a>. For the sake of viewer convenience, the content is shown below in the alternative language. You may click the link to switch the active language.<\/p><p><\/p>\n<h1><strong>Vaillant Group T\u00fcrkiye CEO\u2019su Alper Avdel, Sabanc\u0131 \u00dcniversitesi Kariyer Kul\u00fcb\u00fc\u2019n\u00fcn, T\u00fcrkiye\u2019nin ba\u015far\u0131l\u0131 y\u00f6neticileriyle Sabanc\u0131 \u00dcniversitesi \u00f6\u011frencilerini bir araya getirmek amac\u0131yla d\u00fczenledi\u011fi <em>\u201cCEO\u2019larla \u00c7ay Sohbetleri\u201d<\/em> etkinli\u011finin konu\u011fu oldu. Alper Avdel, pandemi sebebiyle online olarak d\u00fczenlenen etkinlikte, kendi hayat\u0131ndan \u00f6rneklerle gen\u00e7lerin ki\u015fisel geli\u015fimine katk\u0131 sa\u011flayacak bilgiler payla\u015ft\u0131.<\/strong><\/h1>\n<p>Vaillant Group T\u00fcrkiye CEO\u2019su Alper Avdel, Sabanc\u0131 \u00dcniversitesi <strong>Kariyer Kul\u00fcb\u00fc<\/strong> taraf\u0131ndan d\u00fczenlenen <strong>\u201cCEO\u2019larla \u00c7ay Sohbetleri\u201d<\/strong> etkinli\u011finde \u00f6\u011frencilerle bir araya geldi. T\u00fcrkiye\u2019nin ba\u015far\u0131l\u0131 y\u00f6neticileriyle <strong>Sabanc\u0131 \u00dcniversitesi<\/strong>\u2019nin se\u00e7ili \u00f6\u011frencilerini bir araya getirmek amac\u0131yla d\u00fczenlenen <img loading=\"lazy\" class=\"alignright wp-image-131942\" src=\"https:\/\/www.enerjigazetesi.ist\/wp-content\/uploads\/2021\/03\/vaillant-turkiye-nin-ceo-su-alper-avdel-sabanci-unv-ogrencileri-ile-bulustu.jpg\" alt=\"\" width=\"320\" height=\"214\" srcset=\"https:\/\/www.enerjigazetesi.ist\/wp-content\/uploads\/2021\/03\/vaillant-turkiye-nin-ceo-su-alper-avdel-sabanci-unv-ogrencileri-ile-bulustu.jpg 550w, https:\/\/www.enerjigazetesi.ist\/wp-content\/uploads\/2021\/03\/vaillant-turkiye-nin-ceo-su-alper-avdel-sabanci-unv-ogrencileri-ile-bulustu-300x200.jpg 300w, https:\/\/www.enerjigazetesi.ist\/wp-content\/uploads\/2021\/03\/vaillant-turkiye-nin-ceo-su-alper-avdel-sabanci-unv-ogrencileri-ile-bulustu-500x334.jpg 500w, https:\/\/www.enerjigazetesi.ist\/wp-content\/uploads\/2021\/03\/vaillant-turkiye-nin-ceo-su-alper-avdel-sabanci-unv-ogrencileri-ile-bulustu-75x50.jpg 75w, https:\/\/www.enerjigazetesi.ist\/wp-content\/uploads\/2021\/03\/vaillant-turkiye-nin-ceo-su-alper-avdel-sabanci-unv-ogrencileri-ile-bulustu-450x300.jpg 450w\" sizes=\"(max-width: 320px) 100vw, 320px\" \/>etkinlikte Alper Avdel, deneyimlerini<strong> Sabanc\u0131 \u00dcniversitesi \u00f6\u011frencileriyle<\/strong> payla\u015ft\u0131. Alper Avdel, \u00f6\u011frencilerle sohbetinde kendi ba\u015far\u0131 hikayesinden \u00f6rnekler verirken,<strong> gen\u00e7lerin ki\u015fisel geli\u015fimine<\/strong> <strong>katk\u0131 sa\u011flayacak<\/strong> ve onlara <strong>\u0131\u015f\u0131k tutacak tavsiyelerde<\/strong> bulundu.<\/p>\n<p><strong>Pandemi sebebiyle<\/strong> online olarak d\u00fczenlenen etkinlikte Alper Avdel, hayatta ba\u015far\u0131l\u0131 olabilmek ve hedeflere ula\u015fabilmek i\u00e7in \u015fartlar\u0131 iyi de\u011ferlendirerek <strong>olumlu gelece\u011fe inanman\u0131n<\/strong> ve <strong>gerekli eforu koyman\u0131n<\/strong> en b\u00fcy\u00fck etkenlerden oldu\u011funu s\u00f6yledi. Avdel \u015fu <span style=\"text-decoration: underline;\">konulara dikkat \u00e7ekti:<\/span> <em>\u201cBa\u015far\u0131ya giden yolda i\u00e7inde bulundu\u011funuz ko\u015fullara g\u00f6re <strong>karar vermek b\u00fcy\u00fck \u00f6nem<\/strong> ta\u015f\u0131yor. Hayaller bir <strong>ba\u015flang\u0131\u00e7 noktas\u0131<\/strong> g\u00f6revi g\u00f6r\u00fcr fakat <strong>hayallerinizin ger\u00e7ekliklerle de<\/strong> uyu\u015fmas\u0131 gerekir. Bu y\u00fczden <strong>f\u0131rsatlar\u0131 g\u00f6rebilmek i\u00e7in<\/strong> kapsaml\u0131 bir de\u011ferlendirme yapmak \u015fart. Hayatta se\u00e7imlerinizi yaparken kriterlerinizi net bir \u015fekilde belirler ve <strong>kendi f\u0131rsatlar\u0131n\u0131z\u0131 yarat\u0131rsan\u0131z<\/strong> ula\u015famayaca\u011f\u0131n\u0131z hi\u00e7bir hedef olmayacakt\u0131r.\u201d<\/em><\/p>\n<h2><strong>\u201cVaillant olarak kurumsal ba\u011f\u0131\u015f\u0131kl\u0131\u011f\u0131 y\u00fcksek bir \u015firketiz\u201d<\/strong><\/h2>\n<p><strong>Gen\u00e7lerin<\/strong> hem <strong>i\u015f<\/strong> hem de <strong>\u00f6zel hayat\u0131yla<\/strong> ilgili kendisine y\u00f6neltti\u011fi sorular\u0131 da i\u00e7tenlikle yan\u0131tlayan <strong>Alper Avdel<\/strong>, Vaillant Group T\u00fcrkiye\u2019nin zorlu ko\u015fullar\u0131 nas\u0131l ba\u015far\u0131yla y\u00f6netti\u011fiyle ilgili soruya <span style=\"text-decoration: underline;\">\u015fu \u015fekilde yan\u0131t verdi:<\/span> <em>\u201c<strong>Vaillant Group T\u00fcrkiye<\/strong> olarak \u015fartlar zorla\u015ft\u0131\u011f\u0131nda ba\u011f\u0131\u015f\u0131kl\u0131\u011f\u0131 d\u00fc\u015fen bir yap\u0131ya sahip de\u011filiz. Aksine <strong>kurumsal ba\u011f\u0131\u015f\u0131kl\u0131\u011f\u0131<\/strong> y\u00fcksek bir \u015firketiz. Pandeminin ba\u015flang\u0131c\u0131ndan bu yana izledi\u011fimiz<strong> yol haritas\u0131na bakt\u0131\u011f\u0131m\u0131zda<\/strong> planl\u0131 bir strateji ile ilerledi\u011fimizi s\u00f6yleyebiliriz. Bu asl\u0131nda bizim bug\u00fcn <strong>Covid-19<\/strong> ile uygulamaya ald\u0131\u011f\u0131m\u0131z yeni bir strateji de\u011fil, ge\u00e7mi\u015ften bu yana getirdi\u011fimiz sa\u011flam temellerimizi olu\u015fturan <strong>dengeli i\u015f yap\u0131\u015f<\/strong> politikam\u0131z\u0131n bir \u00fcr\u00fcn\u00fc. Bu s\u00fcreci en az hasarla atlatabilmemizde, ge\u00e7mi\u015ften s\u00fcregelen bu sa\u011flam yap\u0131m\u0131z ile \u00f6n\u00fcm\u00fcze \u00e7\u0131kabilecek her t\u00fcrl\u00fc <strong>olumsuz ko\u015fula kar\u015f\u0131<\/strong> haz\u0131rl\u0131kl\u0131 olmam\u0131z\u0131n b\u00fcy\u00fck pay\u0131 var.\u201d<\/em><\/p>","protected":false},"excerpt":{"rendered":"<p>Sorry, this entry is only available in Turkish. For the sake of viewer convenience, the content is shown below in the alternative language. You may click the link to switch the active language. Vaillant Group T\u00fcrkiye CEO\u2019su Alper Avdel, Sabanc\u0131 \u00dcniversitesi Kariyer Kul\u00fcb\u00fc\u2019n\u00fcn, T\u00fcrkiye\u2019nin ba\u015far\u0131l\u0131 y\u00f6neticileriyle Sabanc\u0131 \u00dcniversitesi \u00f6\u011frencilerini bir araya getirmek amac\u0131yla d\u00fczenledi\u011fi \u201cCEO\u2019larla [&hellip;]<\/p>\n","protected":false},"author":1,"featured_media":131943,"comment_status":"open","ping_status":"open","sticky":false,"template":"","format":"standard","meta":[],"categories":[46,53],"tags":[36997,23311,88464,83382,1075,25779],"views":110,"_links":{"self":[{"href":"https:\/\/www.enerjigazetesi.ist\/en\/wp-json\/wp\/v2\/posts\/131940"}],"collection":[{"href":"https:\/\/www.enerjigazetesi.ist\/en\/wp-json\/wp\/v2\/posts"}],"about":[{"href":"https:\/\/www.enerjigazetesi.ist\/en\/wp-json\/wp\/v2\/types\/post"}],"author":[{"embeddable":true,"href":"https:\/\/www.enerjigazetesi.ist\/en\/wp-json\/wp\/v2\/users\/1"}],"replies":[{"embeddable":true,"href":"https:\/\/www.enerjigazetesi.ist\/en\/wp-json\/wp\/v2\/comments?post=131940"}],"version-history":[{"count":0,"href":"https:\/\/www.enerjigazetesi.ist\/en\/wp-json\/wp\/v2\/posts\/131940\/revisions"}],"wp:featuredmedia":[{"embeddable":true,"href":"https:\/\/www.enerjigazetesi.ist\/en\/wp-json\/wp\/v2\/media\/131943"}],"wp:attachment":[{"href":"https:\/\/www.enerjigazetesi.ist\/en\/wp-json\/wp\/v2\/media?parent=131940"}],"wp:term":[{"taxonomy":"category","embeddable":true,"href":"https:\/\/www.enerjigazetesi.ist\/en\/wp-json\/wp\/v2\/categories?post=131940"},{"taxonomy":"post_tag","embeddable":true,"href":"https:\/\/www.enerjigazetesi.ist\/en\/wp-json\/wp\/v2\/tags?post=131940"}],"curies":[{"name":"wp","href":"https:\/\/api.w.org\/{rel}","templated":true}]}}